{"id":316,"date":"2020-11-09T12:04:46","date_gmt":"2020-11-09T10:04:46","guid":{"rendered":"http:\/\/acta.no\/rogaland\/?p=316"},"modified":"2020-11-09T12:04:47","modified_gmt":"2020-11-09T10:04:47","slug":"avlyste-adventsleirer","status":"publish","type":"post","link":"https:\/\/acta.no\/rogaland\/2020\/11\/09\/avlyste-adventsleirer\/","title":{"rendered":"Avlyste Adventsleirer"},"content":{"rendered":"<div class=\"gutenberg-content\">\n<p>I forbindelse med de nye nasjonale r\u00e5dene for \u00e5 bekjempe koronaviruset, har vi i Acta region Rogaland besluttet at alle Adventsleirene er avlyst. Vi har v\u00e6rt i kontakt med kommuneoverlegen i Sandnes som trekker frem at det er \u00f8kning av covid-19 i v\u00e5r region. Vi synes det er veldig leit at leirene m\u00e5tte avlyses, for vi vet at det er mange barn som gledet seg til leir, men risikoen vurderes som h\u00f8y med tanke p\u00e5 \u00e5 samle barn fra ulike skolekretser og kommuner.<\/p>\n\n\n\n<p>Vi sendte f\u00f8r helgen ut en e-post til alle som var p\u00e5meldt eller som stod p\u00e5 venteliste med beskjed om avlysning.<\/p>\n<\/div>","protected":false},"excerpt":{"rendered":"<p>I forbindelse med de nye nasjonale r\u00e5dene for \u00e5 bekjempe koronaviruset, har vi i Acta region Rogaland besluttet at alle Adventsleirene er avlyst. Vi har v\u00e6rt i kontakt med kommuneoverlegen i Sandnes som trekker frem at det er \u00f8kning av covid-19 i v\u00e5r region. Vi synes det er veldig leit at leirene m\u00e5tte avlyses, for [&hellip;]<\/p>\n","protected":false},"author":21,"featured_media":318,"comment_status":"closed","ping_status":"closed","sticky":false,"template":"","format":"standard","meta":{"_acf_changed":false,"footnotes":""},"categories":[1],"tags":[],"class_list":["post-316","post","type-post","status-publish","format-standard","has-post-thumbnail","hentry","category-uncategorized"],"acf":[],"yoast_head":"<!-- This site is optimized with the Yoast SEO plugin v25.9 - https:\/\/yoast.com\/wordpress\/plugins\/seo\/ -->\n<title>Avlyste Adventsleirer - Acta Region Rogaland<\/title>\n<meta name=\"robots\" content=\"index, follow, max-snippet:-1, max-image-preview:large, max-video-preview:-1\" \/>\n<link rel=\"canonical\" href=\"https:\/\/acta.no\/rogaland\/2020\/11\/09\/avlyste-adventsleirer\/\" \/>\n<meta property=\"og:locale\" content=\"nb_NO\" \/>\n<meta property=\"og:type\" content=\"article\" \/>\n<meta property=\"og:title\" content=\"Avlyste Adventsleirer - Acta Region Rogaland\" \/>\n<meta property=\"og:description\" content=\"I forbindelse med de nye nasjonale r\u00e5dene for \u00e5 bekjempe koronaviruset, har vi i Acta region Rogaland besluttet at alle Adventsleirene er avlyst. Vi har v\u00e6rt i kontakt med kommuneoverlegen i Sandnes som trekker frem at det er \u00f8kning av covid-19 i v\u00e5r region. Vi synes det er veldig leit at leirene m\u00e5tte avlyses, for [&hellip;]\" \/>\n<meta property=\"og:url\" content=\"https:\/\/acta.no\/rogaland\/2020\/11\/09\/avlyste-adventsleirer\/\" \/>\n<meta property=\"og:site_name\" content=\"Acta Region Rogaland\" \/>\n<meta property=\"article:published_time\" content=\"2020-11-09T10:04:46+00:00\" \/>\n<meta property=\"article:modified_time\" content=\"2020-11-09T10:04:47+00:00\" \/>\n<meta property=\"og:image\" content=\"https:\/\/www.normisjon.no\/content\/uploads\/sites\/33\/2020\/11\/acorn-advent-blur-278508-1024x683.jpg\" \/>\n\t<meta property=\"og:image:width\" content=\"1024\" \/>\n\t<meta property=\"og:image:height\" content=\"683\" \/>\n\t<meta property=\"og:image:type\" content=\"image\/jpeg\" \/>\n<meta name=\"author\" content=\"jeanett\" \/>\n<meta name=\"twitter:card\" content=\"summary_large_image\" \/>\n<meta name=\"twitter:label1\" content=\"Skrevet av\" \/>\n\t<meta name=\"twitter:data1\" content=\"jeanett\" \/>\n\t<meta name=\"twitter:label2\" content=\"Ansl. lesetid\" \/>\n\t<meta name=\"twitter:data2\" content=\"1 minutt\" \/>\n<script type=\"application\/ld+json\" class=\"yoast-schema-graph\">{\"@context\":\"https:\/\/schema.org\",\"@graph\":[{\"@type\":\"WebPage\",\"@id\":\"https:\/\/acta.no\/rogaland\/2020\/11\/09\/avlyste-adventsleirer\/\",\"url\":\"https:\/\/acta.no\/rogaland\/2020\/11\/09\/avlyste-adventsleirer\/\",\"name\":\"Avlyste Adventsleirer - Acta Region Rogaland\",\"isPartOf\":{\"@id\":\"https:\/\/acta.no\/rogaland\/#website\"},\"primaryImageOfPage\":{\"@id\":\"https:\/\/acta.no\/rogaland\/2020\/11\/09\/avlyste-adventsleirer\/#primaryimage\"},\"image\":{\"@id\":\"https:\/\/acta.no\/rogaland\/2020\/11\/09\/avlyste-adventsleirer\/#primaryimage\"},\"thumbnailUrl\":\"https:\/\/www.normisjon.no\/content\/uploads\/sites\/33\/2020\/11\/acorn-advent-blur-278508.jpg\",\"datePublished\":\"2020-11-09T10:04:46+00:00\",\"dateModified\":\"2020-11-09T10:04:47+00:00\",\"author\":{\"@id\":\"https:\/\/acta.no\/rogaland\/#\/schema\/person\/3b44448037977b40922be844c036cebb\"},\"breadcrumb\":{\"@id\":\"https:\/\/acta.no\/rogaland\/2020\/11\/09\/avlyste-adventsleirer\/#breadcrumb\"},\"inLanguage\":\"nb-NO\",\"potentialAction\":[{\"@type\":\"ReadAction\",\"target\":[\"https:\/\/acta.no\/rogaland\/2020\/11\/09\/avlyste-adventsleirer\/\"]}]},{\"@type\":\"ImageObject\",\"inLanguage\":\"nb-NO\",\"@id\":\"https:\/\/acta.no\/rogaland\/2020\/11\/09\/avlyste-adventsleirer\/#primaryimage\",\"url\":\"https:\/\/www.normisjon.no\/content\/uploads\/sites\/33\/2020\/11\/acorn-advent-blur-278508.jpg\",\"contentUrl\":\"https:\/\/www.normisjon.no\/content\/uploads\/sites\/33\/2020\/11\/acorn-advent-blur-278508.jpg\",\"width\":6000,\"height\":4000},{\"@type\":\"BreadcrumbList\",\"@id\":\"https:\/\/acta.no\/rogaland\/2020\/11\/09\/avlyste-adventsleirer\/#breadcrumb\",\"itemListElement\":[{\"@type\":\"ListItem\",\"position\":1,\"name\":\"Til acta.no\",\"item\":\"https:\/\/acta.no\/\"},{\"@type\":\"ListItem\",\"position\":2,\"name\":\"Region Rogaland\",\"item\":\"https:\/\/acta.no\/rogaland\/\"},{\"@type\":\"ListItem\",\"position\":3,\"name\":\"Uncategorized\",\"item\":\"https:\/\/acta.no\/rogaland\/category\/uncategorized\/\"},{\"@type\":\"ListItem\",\"position\":4,\"name\":\"Avlyste Adventsleirer\"}]},{\"@type\":\"WebSite\",\"@id\":\"https:\/\/acta.no\/rogaland\/#website\",\"url\":\"https:\/\/acta.no\/rogaland\/\",\"name\":\"Acta Region Rogaland\",\"description\":\"Rogaland\",\"potentialAction\":[{\"@type\":\"SearchAction\",\"target\":{\"@type\":\"EntryPoint\",\"urlTemplate\":\"https:\/\/acta.no\/rogaland\/?s={search_term_string}\"},\"query-input\":{\"@type\":\"PropertyValueSpecification\",\"valueRequired\":true,\"valueName\":\"search_term_string\"}}],\"inLanguage\":\"nb-NO\"},{\"@type\":\"Person\",\"@id\":\"https:\/\/acta.no\/rogaland\/#\/schema\/person\/3b44448037977b40922be844c036cebb\",\"name\":\"jeanett\",\"image\":{\"@type\":\"ImageObject\",\"inLanguage\":\"nb-NO\",\"@id\":\"https:\/\/acta.no\/rogaland\/#\/schema\/person\/image\/\",\"url\":\"https:\/\/secure.gravatar.com\/avatar\/00c93f9927022c522529cfefd447e362b60291bf55ac3107e12c077a8b459e43?s=96&d=mm&r=g\",\"contentUrl\":\"https:\/\/secure.gravatar.com\/avatar\/00c93f9927022c522529cfefd447e362b60291bf55ac3107e12c077a8b459e43?s=96&d=mm&r=g\",\"caption\":\"jeanett\"}}]}<\/script>\n<!-- \/ Yoast SEO plugin. -->","yoast_head_json":{"title":"Avlyste Adventsleirer - Acta Region Rogaland","robots":{"index":"index","follow":"follow","max-snippet":"max-snippet:-1","max-image-preview":"max-image-preview:large","max-video-preview":"max-video-preview:-1"},"canonical":"https:\/\/acta.no\/rogaland\/2020\/11\/09\/avlyste-adventsleirer\/","og_locale":"nb_NO","og_type":"article","og_title":"Avlyste Adventsleirer - Acta Region Rogaland","og_description":"I forbindelse med de nye nasjonale r\u00e5dene for \u00e5 bekjempe koronaviruset, har vi i Acta region Rogaland besluttet at alle Adventsleirene er avlyst. Vi har v\u00e6rt i kontakt med kommuneoverlegen i Sandnes som trekker frem at det er \u00f8kning av covid-19 i v\u00e5r region. Vi synes det er veldig leit at leirene m\u00e5tte avlyses, for [&hellip;]","og_url":"https:\/\/acta.no\/rogaland\/2020\/11\/09\/avlyste-adventsleirer\/","og_site_name":"Acta Region Rogaland","article_published_time":"2020-11-09T10:04:46+00:00","article_modified_time":"2020-11-09T10:04:47+00:00","og_image":[{"width":1024,"height":683,"url":"https:\/\/www.normisjon.no\/content\/uploads\/sites\/33\/2020\/11\/acorn-advent-blur-278508-1024x683.jpg","type":"image\/jpeg"}],"author":"jeanett","twitter_card":"summary_large_image","twitter_misc":{"Skrevet av":"jeanett","Ansl. lesetid":"1 minutt"},"schema":{"@context":"https:\/\/schema.org","@graph":[{"@type":"WebPage","@id":"https:\/\/acta.no\/rogaland\/2020\/11\/09\/avlyste-adventsleirer\/","url":"https:\/\/acta.no\/rogaland\/2020\/11\/09\/avlyste-adventsleirer\/","name":"Avlyste Adventsleirer - Acta Region Rogaland","isPartOf":{"@id":"https:\/\/acta.no\/rogaland\/#website"},"primaryImageOfPage":{"@id":"https:\/\/acta.no\/rogaland\/2020\/11\/09\/avlyste-adventsleirer\/#primaryimage"},"image":{"@id":"https:\/\/acta.no\/rogaland\/2020\/11\/09\/avlyste-adventsleirer\/#primaryimage"},"thumbnailUrl":"https:\/\/www.normisjon.no\/content\/uploads\/sites\/33\/2020\/11\/acorn-advent-blur-278508.jpg","datePublished":"2020-11-09T10:04:46+00:00","dateModified":"2020-11-09T10:04:47+00:00","author":{"@id":"https:\/\/acta.no\/rogaland\/#\/schema\/person\/3b44448037977b40922be844c036cebb"},"breadcrumb":{"@id":"https:\/\/acta.no\/rogaland\/2020\/11\/09\/avlyste-adventsleirer\/#breadcrumb"},"inLanguage":"nb-NO","potentialAction":[{"@type":"ReadAction","target":["https:\/\/acta.no\/rogaland\/2020\/11\/09\/avlyste-adventsleirer\/"]}]},{"@type":"ImageObject","inLanguage":"nb-NO","@id":"https:\/\/acta.no\/rogaland\/2020\/11\/09\/avlyste-adventsleirer\/#primaryimage","url":"https:\/\/www.normisjon.no\/content\/uploads\/sites\/33\/2020\/11\/acorn-advent-blur-278508.jpg","contentUrl":"https:\/\/www.normisjon.no\/content\/uploads\/sites\/33\/2020\/11\/acorn-advent-blur-278508.jpg","width":6000,"height":4000},{"@type":"BreadcrumbList","@id":"https:\/\/acta.no\/rogaland\/2020\/11\/09\/avlyste-adventsleirer\/#breadcrumb","itemListElement":[{"@type":"ListItem","position":1,"name":"Til acta.no","item":"https:\/\/acta.no\/"},{"@type":"ListItem","position":2,"name":"Region Rogaland","item":"https:\/\/acta.no\/rogaland\/"},{"@type":"ListItem","position":3,"name":"Uncategorized","item":"https:\/\/acta.no\/rogaland\/category\/uncategorized\/"},{"@type":"ListItem","position":4,"name":"Avlyste Adventsleirer"}]},{"@type":"WebSite","@id":"https:\/\/acta.no\/rogaland\/#website","url":"https:\/\/acta.no\/rogaland\/","name":"Acta Region Rogaland","description":"Rogaland","potentialAction":[{"@type":"SearchAction","target":{"@type":"EntryPoint","urlTemplate":"https:\/\/acta.no\/rogaland\/?s={search_term_string}"},"query-input":{"@type":"PropertyValueSpecification","valueRequired":true,"valueName":"search_term_string"}}],"inLanguage":"nb-NO"},{"@type":"Person","@id":"https:\/\/acta.no\/rogaland\/#\/schema\/person\/3b44448037977b40922be844c036cebb","name":"jeanett","image":{"@type":"ImageObject","inLanguage":"nb-NO","@id":"https:\/\/acta.no\/rogaland\/#\/schema\/person\/image\/","url":"https:\/\/secure.gravatar.com\/avatar\/00c93f9927022c522529cfefd447e362b60291bf55ac3107e12c077a8b459e43?s=96&d=mm&r=g","contentUrl":"https:\/\/secure.gravatar.com\/avatar\/00c93f9927022c522529cfefd447e362b60291bf55ac3107e12c077a8b459e43?s=96&d=mm&r=g","caption":"jeanett"}}]}},"_links":{"self":[{"href":"https:\/\/acta.no\/rogaland\/wp-json\/wp\/v2\/posts\/316","targetHints":{"allow":["GET"]}}],"collection":[{"href":"https:\/\/acta.no\/rogaland\/wp-json\/wp\/v2\/posts"}],"about":[{"href":"https:\/\/acta.no\/rogaland\/wp-json\/wp\/v2\/types\/post"}],"author":[{"embeddable":true,"href":"https:\/\/acta.no\/rogaland\/wp-json\/wp\/v2\/users\/21"}],"replies":[{"embeddable":true,"href":"https:\/\/acta.no\/rogaland\/wp-json\/wp\/v2\/comments?post=316"}],"version-history":[{"count":1,"href":"https:\/\/acta.no\/rogaland\/wp-json\/wp\/v2\/posts\/316\/revisions"}],"predecessor-version":[{"id":319,"href":"https:\/\/acta.no\/rogaland\/wp-json\/wp\/v2\/posts\/316\/revisions\/319"}],"wp:featuredmedia":[{"embeddable":true,"href":"https:\/\/acta.no\/rogaland\/wp-json\/wp\/v2\/media\/318"}],"wp:attachment":[{"href":"https:\/\/acta.no\/rogaland\/wp-json\/wp\/v2\/media?parent=316"}],"wp:term":[{"taxonomy":"category","embeddable":true,"href":"https:\/\/acta.no\/rogaland\/wp-json\/wp\/v2\/categories?post=316"},{"taxonomy":"post_tag","embeddable":true,"href":"https:\/\/acta.no\/rogaland\/wp-json\/wp\/v2\/tags?post=316"}],"curies":[{"name":"wp","href":"https:\/\/api.w.org\/{rel}","templated":true}]}}