{"id":275,"date":"2020-03-12T12:21:00","date_gmt":"2020-03-12T10:21:00","guid":{"rendered":"http:\/\/acta.no\/rogaland\/?p=275"},"modified":"2020-03-12T12:21:01","modified_gmt":"2020-03-12T10:21:01","slug":"avlyste-paskeleirer","status":"publish","type":"post","link":"https:\/\/acta.no\/rogaland\/2020\/03\/12\/avlyste-paskeleirer\/","title":{"rendered":"Avlyste p\u00e5skeleirer"},"content":{"rendered":"<div class=\"gutenberg-content\">\n<p>Vi har i dag tatt avgj\u00f8relsen om \u00e5 dessverre avlyse alle\nv\u00e5re p\u00e5skeleirer. <\/p>\n\n\n\n<div class=\"wp-block-image\"><figure class=\"aligncenter is-resized\"><img loading=\"lazy\" decoding=\"async\" src=\"https:\/\/acta.no\/content\/uploads\/sites\/33\/2020\/03\/bright-color-colorful-decoration-96603-1024x683.jpg\" alt=\"\" class=\"wp-image-276\" width=\"256\" height=\"171\" srcset=\"https:\/\/www.normisjon.no\/content\/uploads\/sites\/33\/2020\/03\/bright-color-colorful-decoration-96603-1024x683.jpg 1024w, https:\/\/www.normisjon.no\/content\/uploads\/sites\/33\/2020\/03\/bright-color-colorful-decoration-96603-300x200.jpg 300w, https:\/\/www.normisjon.no\/content\/uploads\/sites\/33\/2020\/03\/bright-color-colorful-decoration-96603-768x512.jpg 768w, https:\/\/www.normisjon.no\/content\/uploads\/sites\/33\/2020\/03\/bright-color-colorful-decoration-96603-1920x1280.jpg 1920w, https:\/\/www.normisjon.no\/content\/uploads\/sites\/33\/2020\/03\/bright-color-colorful-decoration-96603-1360x907.jpg 1360w, https:\/\/www.normisjon.no\/content\/uploads\/sites\/33\/2020\/03\/bright-color-colorful-decoration-96603-960x640.jpg 960w\" sizes=\"auto, (max-width: 256px) 100vw, 256px\" \/><\/figure><\/div>\n\n\n\n<p>Vi beklager til alle som var p\u00e5meldt P\u00e5skeleir p\u00e5 Horve, Vaulali og Stemnestaden og som helt sikkert har gledet seg veldig til \u00e5 reise p\u00e5 leir og som n\u00e5 blir skuffet. <\/p>\n\n\n\n<p>Slik som situasjonen er med koronaviruset akkurat n\u00e5 og\nanbefalinger som har kommet for \u00e5 pr\u00f8ve \u00e5 forhindre smittespredning s\u00e5 h\u00e5per vi\nat dere har forst\u00e5else for avgj\u00f8relsen om \u00e5 avlyse.<\/p>\n\n\n\n<p>Det har blitt sendt ut epost med beskjed til alle som var p\u00e5meldt leirene og de som allerede hadde betalt for leir vil selvsagt f\u00e5 refundert pengene.<\/p>\n\n\n\n<p>Vi h\u00e5per \u00e5 se din deltaker p\u00e5 leir igjen p\u00e5 et senere\ntidspunkt. <\/p>\n<\/div>","protected":false},"excerpt":{"rendered":"<p>Vi har i dag tatt avgj\u00f8relsen om \u00e5 dessverre avlyse alle v\u00e5re p\u00e5skeleirer. Vi beklager til alle som var p\u00e5meldt P\u00e5skeleir p\u00e5 Horve, Vaulali og Stemnestaden og som helt sikkert har gledet seg veldig til \u00e5 reise p\u00e5 leir og som n\u00e5 blir skuffet. Slik som situasjonen er med koronaviruset akkurat n\u00e5 og anbefalinger som [&hellip;]<\/p>\n","protected":false},"author":21,"featured_media":276,"comment_status":"closed","ping_status":"closed","sticky":false,"template":"","format":"standard","meta":{"_acf_changed":false,"footnotes":""},"categories":[1],"tags":[],"class_list":["post-275","post","type-post","status-publish","format-standard","has-post-thumbnail","hentry","category-uncategorized"],"acf":[],"yoast_head":"<!-- This site is optimized with the Yoast SEO plugin v25.9 - https:\/\/yoast.com\/wordpress\/plugins\/seo\/ -->\n<title>Avlyste p\u00e5skeleirer - Acta Region Rogaland<\/title>\n<meta name=\"robots\" content=\"index, follow, max-snippet:-1, max-image-preview:large, max-video-preview:-1\" \/>\n<link rel=\"canonical\" href=\"https:\/\/acta.no\/rogaland\/2020\/03\/12\/avlyste-paskeleirer\/\" \/>\n<meta property=\"og:locale\" content=\"nb_NO\" \/>\n<meta property=\"og:type\" content=\"article\" \/>\n<meta property=\"og:title\" content=\"Avlyste p\u00e5skeleirer - Acta Region Rogaland\" \/>\n<meta property=\"og:description\" content=\"Vi har i dag tatt avgj\u00f8relsen om \u00e5 dessverre avlyse alle v\u00e5re p\u00e5skeleirer. Vi beklager til alle som var p\u00e5meldt P\u00e5skeleir p\u00e5 Horve, Vaulali og Stemnestaden og som helt sikkert har gledet seg veldig til \u00e5 reise p\u00e5 leir og som n\u00e5 blir skuffet. Slik som situasjonen er med koronaviruset akkurat n\u00e5 og anbefalinger som [&hellip;]\" \/>\n<meta property=\"og:url\" content=\"https:\/\/acta.no\/rogaland\/2020\/03\/12\/avlyste-paskeleirer\/\" \/>\n<meta property=\"og:site_name\" content=\"Acta Region Rogaland\" \/>\n<meta property=\"article:published_time\" content=\"2020-03-12T10:21:00+00:00\" \/>\n<meta property=\"article:modified_time\" content=\"2020-03-12T10:21:01+00:00\" \/>\n<meta property=\"og:image\" content=\"https:\/\/www.normisjon.no\/content\/uploads\/sites\/33\/2020\/03\/bright-color-colorful-decoration-96603.jpg\" \/>\n\t<meta property=\"og:image:width\" content=\"4518\" \/>\n\t<meta property=\"og:image:height\" content=\"3012\" \/>\n\t<meta property=\"og:image:type\" content=\"image\/jpeg\" \/>\n<meta name=\"author\" content=\"jeanett\" \/>\n<meta name=\"twitter:card\" content=\"summary_large_image\" \/>\n<meta name=\"twitter:label1\" content=\"Skrevet av\" \/>\n\t<meta name=\"twitter:data1\" content=\"jeanett\" \/>\n\t<meta name=\"twitter:label2\" content=\"Ansl. lesetid\" \/>\n\t<meta name=\"twitter:data2\" content=\"1 minutt\" \/>\n<script type=\"application\/ld+json\" class=\"yoast-schema-graph\">{\"@context\":\"https:\/\/schema.org\",\"@graph\":[{\"@type\":\"WebPage\",\"@id\":\"https:\/\/acta.no\/rogaland\/2020\/03\/12\/avlyste-paskeleirer\/\",\"url\":\"https:\/\/acta.no\/rogaland\/2020\/03\/12\/avlyste-paskeleirer\/\",\"name\":\"Avlyste p\u00e5skeleirer - Acta Region Rogaland\",\"isPartOf\":{\"@id\":\"https:\/\/acta.no\/rogaland\/#website\"},\"primaryImageOfPage\":{\"@id\":\"https:\/\/acta.no\/rogaland\/2020\/03\/12\/avlyste-paskeleirer\/#primaryimage\"},\"image\":{\"@id\":\"https:\/\/acta.no\/rogaland\/2020\/03\/12\/avlyste-paskeleirer\/#primaryimage\"},\"thumbnailUrl\":\"https:\/\/www.normisjon.no\/content\/uploads\/sites\/33\/2020\/03\/bright-color-colorful-decoration-96603.jpg\",\"datePublished\":\"2020-03-12T10:21:00+00:00\",\"dateModified\":\"2020-03-12T10:21:01+00:00\",\"author\":{\"@id\":\"https:\/\/acta.no\/rogaland\/#\/schema\/person\/3b44448037977b40922be844c036cebb\"},\"breadcrumb\":{\"@id\":\"https:\/\/acta.no\/rogaland\/2020\/03\/12\/avlyste-paskeleirer\/#breadcrumb\"},\"inLanguage\":\"nb-NO\",\"potentialAction\":[{\"@type\":\"ReadAction\",\"target\":[\"https:\/\/acta.no\/rogaland\/2020\/03\/12\/avlyste-paskeleirer\/\"]}]},{\"@type\":\"ImageObject\",\"inLanguage\":\"nb-NO\",\"@id\":\"https:\/\/acta.no\/rogaland\/2020\/03\/12\/avlyste-paskeleirer\/#primaryimage\",\"url\":\"https:\/\/www.normisjon.no\/content\/uploads\/sites\/33\/2020\/03\/bright-color-colorful-decoration-96603.jpg\",\"contentUrl\":\"https:\/\/www.normisjon.no\/content\/uploads\/sites\/33\/2020\/03\/bright-color-colorful-decoration-96603.jpg\",\"width\":4518,\"height\":3012},{\"@type\":\"BreadcrumbList\",\"@id\":\"https:\/\/acta.no\/rogaland\/2020\/03\/12\/avlyste-paskeleirer\/#breadcrumb\",\"itemListElement\":[{\"@type\":\"ListItem\",\"position\":1,\"name\":\"Til acta.no\",\"item\":\"https:\/\/acta.no\/\"},{\"@type\":\"ListItem\",\"position\":2,\"name\":\"Region Rogaland\",\"item\":\"https:\/\/acta.no\/rogaland\/\"},{\"@type\":\"ListItem\",\"position\":3,\"name\":\"Uncategorized\",\"item\":\"https:\/\/acta.no\/rogaland\/category\/uncategorized\/\"},{\"@type\":\"ListItem\",\"position\":4,\"name\":\"Avlyste p\u00e5skeleirer\"}]},{\"@type\":\"WebSite\",\"@id\":\"https:\/\/acta.no\/rogaland\/#website\",\"url\":\"https:\/\/acta.no\/rogaland\/\",\"name\":\"Acta Region Rogaland\",\"description\":\"Rogaland\",\"potentialAction\":[{\"@type\":\"SearchAction\",\"target\":{\"@type\":\"EntryPoint\",\"urlTemplate\":\"https:\/\/acta.no\/rogaland\/?s={search_term_string}\"},\"query-input\":{\"@type\":\"PropertyValueSpecification\",\"valueRequired\":true,\"valueName\":\"search_term_string\"}}],\"inLanguage\":\"nb-NO\"},{\"@type\":\"Person\",\"@id\":\"https:\/\/acta.no\/rogaland\/#\/schema\/person\/3b44448037977b40922be844c036cebb\",\"name\":\"jeanett\",\"image\":{\"@type\":\"ImageObject\",\"inLanguage\":\"nb-NO\",\"@id\":\"https:\/\/acta.no\/rogaland\/#\/schema\/person\/image\/\",\"url\":\"https:\/\/secure.gravatar.com\/avatar\/00c93f9927022c522529cfefd447e362b60291bf55ac3107e12c077a8b459e43?s=96&d=mm&r=g\",\"contentUrl\":\"https:\/\/secure.gravatar.com\/avatar\/00c93f9927022c522529cfefd447e362b60291bf55ac3107e12c077a8b459e43?s=96&d=mm&r=g\",\"caption\":\"jeanett\"}}]}<\/script>\n<!-- \/ Yoast SEO plugin. -->","yoast_head_json":{"title":"Avlyste p\u00e5skeleirer - Acta Region Rogaland","robots":{"index":"index","follow":"follow","max-snippet":"max-snippet:-1","max-image-preview":"max-image-preview:large","max-video-preview":"max-video-preview:-1"},"canonical":"https:\/\/acta.no\/rogaland\/2020\/03\/12\/avlyste-paskeleirer\/","og_locale":"nb_NO","og_type":"article","og_title":"Avlyste p\u00e5skeleirer - Acta Region Rogaland","og_description":"Vi har i dag tatt avgj\u00f8relsen om \u00e5 dessverre avlyse alle v\u00e5re p\u00e5skeleirer. Vi beklager til alle som var p\u00e5meldt P\u00e5skeleir p\u00e5 Horve, Vaulali og Stemnestaden og som helt sikkert har gledet seg veldig til \u00e5 reise p\u00e5 leir og som n\u00e5 blir skuffet. Slik som situasjonen er med koronaviruset akkurat n\u00e5 og anbefalinger som [&hellip;]","og_url":"https:\/\/acta.no\/rogaland\/2020\/03\/12\/avlyste-paskeleirer\/","og_site_name":"Acta Region Rogaland","article_published_time":"2020-03-12T10:21:00+00:00","article_modified_time":"2020-03-12T10:21:01+00:00","og_image":[{"width":4518,"height":3012,"url":"https:\/\/www.normisjon.no\/content\/uploads\/sites\/33\/2020\/03\/bright-color-colorful-decoration-96603.jpg","type":"image\/jpeg"}],"author":"jeanett","twitter_card":"summary_large_image","twitter_misc":{"Skrevet av":"jeanett","Ansl. lesetid":"1 minutt"},"schema":{"@context":"https:\/\/schema.org","@graph":[{"@type":"WebPage","@id":"https:\/\/acta.no\/rogaland\/2020\/03\/12\/avlyste-paskeleirer\/","url":"https:\/\/acta.no\/rogaland\/2020\/03\/12\/avlyste-paskeleirer\/","name":"Avlyste p\u00e5skeleirer - Acta Region Rogaland","isPartOf":{"@id":"https:\/\/acta.no\/rogaland\/#website"},"primaryImageOfPage":{"@id":"https:\/\/acta.no\/rogaland\/2020\/03\/12\/avlyste-paskeleirer\/#primaryimage"},"image":{"@id":"https:\/\/acta.no\/rogaland\/2020\/03\/12\/avlyste-paskeleirer\/#primaryimage"},"thumbnailUrl":"https:\/\/www.normisjon.no\/content\/uploads\/sites\/33\/2020\/03\/bright-color-colorful-decoration-96603.jpg","datePublished":"2020-03-12T10:21:00+00:00","dateModified":"2020-03-12T10:21:01+00:00","author":{"@id":"https:\/\/acta.no\/rogaland\/#\/schema\/person\/3b44448037977b40922be844c036cebb"},"breadcrumb":{"@id":"https:\/\/acta.no\/rogaland\/2020\/03\/12\/avlyste-paskeleirer\/#breadcrumb"},"inLanguage":"nb-NO","potentialAction":[{"@type":"ReadAction","target":["https:\/\/acta.no\/rogaland\/2020\/03\/12\/avlyste-paskeleirer\/"]}]},{"@type":"ImageObject","inLanguage":"nb-NO","@id":"https:\/\/acta.no\/rogaland\/2020\/03\/12\/avlyste-paskeleirer\/#primaryimage","url":"https:\/\/www.normisjon.no\/content\/uploads\/sites\/33\/2020\/03\/bright-color-colorful-decoration-96603.jpg","contentUrl":"https:\/\/www.normisjon.no\/content\/uploads\/sites\/33\/2020\/03\/bright-color-colorful-decoration-96603.jpg","width":4518,"height":3012},{"@type":"BreadcrumbList","@id":"https:\/\/acta.no\/rogaland\/2020\/03\/12\/avlyste-paskeleirer\/#breadcrumb","itemListElement":[{"@type":"ListItem","position":1,"name":"Til acta.no","item":"https:\/\/acta.no\/"},{"@type":"ListItem","position":2,"name":"Region Rogaland","item":"https:\/\/acta.no\/rogaland\/"},{"@type":"ListItem","position":3,"name":"Uncategorized","item":"https:\/\/acta.no\/rogaland\/category\/uncategorized\/"},{"@type":"ListItem","position":4,"name":"Avlyste p\u00e5skeleirer"}]},{"@type":"WebSite","@id":"https:\/\/acta.no\/rogaland\/#website","url":"https:\/\/acta.no\/rogaland\/","name":"Acta Region Rogaland","description":"Rogaland","potentialAction":[{"@type":"SearchAction","target":{"@type":"EntryPoint","urlTemplate":"https:\/\/acta.no\/rogaland\/?s={search_term_string}"},"query-input":{"@type":"PropertyValueSpecification","valueRequired":true,"valueName":"search_term_string"}}],"inLanguage":"nb-NO"},{"@type":"Person","@id":"https:\/\/acta.no\/rogaland\/#\/schema\/person\/3b44448037977b40922be844c036cebb","name":"jeanett","image":{"@type":"ImageObject","inLanguage":"nb-NO","@id":"https:\/\/acta.no\/rogaland\/#\/schema\/person\/image\/","url":"https:\/\/secure.gravatar.com\/avatar\/00c93f9927022c522529cfefd447e362b60291bf55ac3107e12c077a8b459e43?s=96&d=mm&r=g","contentUrl":"https:\/\/secure.gravatar.com\/avatar\/00c93f9927022c522529cfefd447e362b60291bf55ac3107e12c077a8b459e43?s=96&d=mm&r=g","caption":"jeanett"}}]}},"_links":{"self":[{"href":"https:\/\/acta.no\/rogaland\/wp-json\/wp\/v2\/posts\/275","targetHints":{"allow":["GET"]}}],"collection":[{"href":"https:\/\/acta.no\/rogaland\/wp-json\/wp\/v2\/posts"}],"about":[{"href":"https:\/\/acta.no\/rogaland\/wp-json\/wp\/v2\/types\/post"}],"author":[{"embeddable":true,"href":"https:\/\/acta.no\/rogaland\/wp-json\/wp\/v2\/users\/21"}],"replies":[{"embeddable":true,"href":"https:\/\/acta.no\/rogaland\/wp-json\/wp\/v2\/comments?post=275"}],"version-history":[{"count":1,"href":"https:\/\/acta.no\/rogaland\/wp-json\/wp\/v2\/posts\/275\/revisions"}],"predecessor-version":[{"id":277,"href":"https:\/\/acta.no\/rogaland\/wp-json\/wp\/v2\/posts\/275\/revisions\/277"}],"wp:featuredmedia":[{"embeddable":true,"href":"https:\/\/acta.no\/rogaland\/wp-json\/wp\/v2\/media\/276"}],"wp:attachment":[{"href":"https:\/\/acta.no\/rogaland\/wp-json\/wp\/v2\/media?parent=275"}],"wp:term":[{"taxonomy":"category","embeddable":true,"href":"https:\/\/acta.no\/rogaland\/wp-json\/wp\/v2\/categories?post=275"},{"taxonomy":"post_tag","embeddable":true,"href":"https:\/\/acta.no\/rogaland\/wp-json\/wp\/v2\/tags?post=275"}],"curies":[{"name":"wp","href":"https:\/\/api.w.org\/{rel}","templated":true}]}}