{"id":1181,"date":"2025-11-17T09:56:29","date_gmt":"2025-11-17T07:56:29","guid":{"rendered":"https:\/\/acta.no\/rogaland\/?p=1181"},"modified":"2026-01-21T21:28:32","modified_gmt":"2026-01-21T19:28:32","slug":"lederkurs-2026-8-og-9-klasse","status":"publish","type":"post","link":"https:\/\/acta.no\/rogaland\/2025\/11\/17\/lederkurs-2026-8-og-9-klasse\/","title":{"rendered":"Lederkurs 2026, 8. og 9. klasse"},"content":{"rendered":"<div class=\"gutenberg-content\">\n<figure class=\"wp-block-image size-full\"><img loading=\"lazy\" decoding=\"async\" width=\"1890\" height=\"1063\" src=\"https:\/\/www.normisjon.no\/content\/uploads\/sites\/33\/2025\/11\/lederkurs-8.-9-klasse.jpg\" alt=\"\" class=\"wp-image-1245\" srcset=\"https:\/\/www.normisjon.no\/content\/uploads\/sites\/33\/2025\/11\/lederkurs-8.-9-klasse.jpg 1890w, https:\/\/www.normisjon.no\/content\/uploads\/sites\/33\/2025\/11\/lederkurs-8.-9-klasse-300x169.jpg 300w, https:\/\/www.normisjon.no\/content\/uploads\/sites\/33\/2025\/11\/lederkurs-8.-9-klasse-1024x576.jpg 1024w, https:\/\/www.normisjon.no\/content\/uploads\/sites\/33\/2025\/11\/lederkurs-8.-9-klasse-768x432.jpg 768w, https:\/\/www.normisjon.no\/content\/uploads\/sites\/33\/2025\/11\/lederkurs-8.-9-klasse-1536x864.jpg 1536w, https:\/\/www.normisjon.no\/content\/uploads\/sites\/33\/2025\/11\/lederkurs-8.-9-klasse-1360x765.jpg 1360w, https:\/\/www.normisjon.no\/content\/uploads\/sites\/33\/2025\/11\/lederkurs-8.-9-klasse-960x540.jpg 960w\" sizes=\"auto, (max-width: 1890px) 100vw, 1890px\" \/><\/figure>\n\n\n\n<p><a href=\"https:\/\/event.checkin.no\/170561\/lederkurs-2026-8-og-9-klasse\">P\u00e5melding her!<\/a><\/p>\n\n\n\n<p><strong>Velkommen p\u00e5 leir!<\/strong><\/p>\n\n\n\n<p>Denne leiren arrangeres av Acta barn og unge i Normisjon region Rogaland. Informasjon om Acta og v\u00e5re leirer finner du&nbsp;<a href=\"https:\/\/acta.no\/rogaland\/leir\/\">her<\/a><\/p>\n\n\n\n<p><br>Vi har tro p\u00e5 deg!<br>Ikke n\u00f8dvendigvis fordi du er den flinkeste eller fordi du presterer s\u00e5 utrolig bra. Vi har tro p\u00e5 deg fordi Gud har tro p\u00e5 deg, og vi tror du kan bety noe for andre!<\/p>\n\n\n\n<p>Derfor inviterer vi deg til lederkurs. Det blir en helg hvor du kan komme akkurat slik du er. Ei helg hvor vi vil gi deg inspirasjon og verkt\u00f8y for \u00e5 v\u00e6re leder i ulike sammenhenger. Du har kanskje lyst \u00e5 begynne som leirleder, eller har v\u00e6rt leder noen ganger og \u00f8nsker \u00e5 l\u00e6re mer? Kanskje er du leder i en ungdomsklubb? Eller kanskje er tiden der for at du skal bli hovedleder p\u00e5 leir?<\/p>\n\n\n\n<p>Da er du hjertelig velkommen til \u00e5 v\u00e6re med p\u00e5 lederkurs 20.-22. februar p\u00e5 Tjensvoll.<\/p>\n\n\n\n<p>Vanligvis har vi hatt lederkurset p\u00e5 ett av v\u00e5re leirsteder. I \u00e5r skal vi ha det samtidig som vi arrangerer sov-hjemme-leiren Impuls 10:13 i IMI. Er du med p\u00e5 lederkurset f\u00e5r du dermed pr\u00f8vd deg som leder i praksis p\u00e5 Impuls 10:13. N\u00e5r deltakerne p\u00e5 Impuls 10:13 reiser hjem for \u00e5 sove, f\u00e5r dere p\u00e5 lederkurset overnatte p\u00e5 Solborg folkeh\u00f8yskole.&nbsp;Der blir det g\u00f8y og sosialt samtidig som dere f\u00e5r undervisning om hva det vil si \u00e5 v\u00e6re leder i v\u00e5re sammenhenger.<\/p>\n\n\n\n<p><br>Vi gleder oss og h\u00e5per du har lyst \u00e5 bli med!<\/p>\n\n\n\n<p><br><br><strong>N\u00e5r<\/strong>: 20.-22. februar 2026<br><strong>Hvor<\/strong>: Tjensvoll<br><strong>Alder<\/strong>: 8.klasse og 9. klasse (f\u00f8dt 2012 eller 2011)<br><strong>Pris: 1400,-\/900,- (ikke-medlem\/medlem i Leirklubben)<\/strong><br><em>(Du kan bli medlem i Leirklubben n\u00e5r du melder deg p\u00e5)<\/em><br><br><\/p>\n\n\n\n<p><\/p>\n<\/div>","protected":false},"excerpt":{"rendered":"<p>P\u00e5melding her! Velkommen p\u00e5 leir! Denne leiren arrangeres av Acta barn og unge i Normisjon region Rogaland. Informasjon om Acta og v\u00e5re leirer finner du&nbsp;her Vi har tro p\u00e5 deg!Ikke n\u00f8dvendigvis fordi du er den flinkeste eller fordi du presterer s\u00e5 utrolig bra. Vi har tro p\u00e5 deg fordi Gud har tro p\u00e5 deg, og [&hellip;]<\/p>\n","protected":false},"author":21,"featured_media":1248,"comment_status":"closed","ping_status":"closed","sticky":false,"template":"","format":"standard","meta":{"_acf_changed":false,"footnotes":""},"categories":[1],"tags":[],"class_list":["post-1181","post","type-post","status-publish","format-standard","has-post-thumbnail","hentry","category-uncategorized"],"acf":[],"yoast_head":"<!-- This site is optimized with the Yoast SEO plugin v25.9 - https:\/\/yoast.com\/wordpress\/plugins\/seo\/ -->\n<title>Lederkurs 2026, 8. og 9. klasse - Acta Region Rogaland<\/title>\n<meta name=\"robots\" content=\"index, follow, max-snippet:-1, max-image-preview:large, max-video-preview:-1\" \/>\n<link rel=\"canonical\" href=\"https:\/\/acta.no\/rogaland\/2025\/11\/17\/lederkurs-2026-8-og-9-klasse\/\" \/>\n<meta property=\"og:locale\" content=\"nb_NO\" \/>\n<meta property=\"og:type\" content=\"article\" \/>\n<meta property=\"og:title\" content=\"Lederkurs 2026, 8. og 9. klasse - Acta Region Rogaland\" \/>\n<meta property=\"og:description\" content=\"P\u00e5melding her! Velkommen p\u00e5 leir! Denne leiren arrangeres av Acta barn og unge i Normisjon region Rogaland. Informasjon om Acta og v\u00e5re leirer finner du&nbsp;her Vi har tro p\u00e5 deg!Ikke n\u00f8dvendigvis fordi du er den flinkeste eller fordi du presterer s\u00e5 utrolig bra. Vi har tro p\u00e5 deg fordi Gud har tro p\u00e5 deg, og [&hellip;]\" \/>\n<meta property=\"og:url\" content=\"https:\/\/acta.no\/rogaland\/2025\/11\/17\/lederkurs-2026-8-og-9-klasse\/\" \/>\n<meta property=\"og:site_name\" content=\"Acta Region Rogaland\" \/>\n<meta property=\"article:published_time\" content=\"2025-11-17T07:56:29+00:00\" \/>\n<meta property=\"article:modified_time\" content=\"2026-01-21T19:28:32+00:00\" \/>\n<meta property=\"og:image\" content=\"https:\/\/www.normisjon.no\/content\/uploads\/sites\/33\/2025\/11\/Lederkurs-solborg-scaled.jpg\" \/>\n\t<meta property=\"og:image:width\" content=\"2560\" \/>\n\t<meta property=\"og:image:height\" content=\"1994\" \/>\n\t<meta property=\"og:image:type\" content=\"image\/jpeg\" \/>\n<meta name=\"author\" content=\"jeanett\" \/>\n<meta name=\"twitter:card\" content=\"summary_large_image\" \/>\n<meta name=\"twitter:label1\" content=\"Skrevet av\" \/>\n\t<meta name=\"twitter:data1\" content=\"jeanett\" \/>\n\t<meta name=\"twitter:label2\" content=\"Ansl. lesetid\" \/>\n\t<meta name=\"twitter:data2\" content=\"2 minutter\" \/>\n<script type=\"application\/ld+json\" class=\"yoast-schema-graph\">{\"@context\":\"https:\/\/schema.org\",\"@graph\":[{\"@type\":\"WebPage\",\"@id\":\"https:\/\/acta.no\/rogaland\/2025\/11\/17\/lederkurs-2026-8-og-9-klasse\/\",\"url\":\"https:\/\/acta.no\/rogaland\/2025\/11\/17\/lederkurs-2026-8-og-9-klasse\/\",\"name\":\"Lederkurs 2026, 8. og 9. klasse - Acta Region Rogaland\",\"isPartOf\":{\"@id\":\"https:\/\/acta.no\/rogaland\/#website\"},\"primaryImageOfPage\":{\"@id\":\"https:\/\/acta.no\/rogaland\/2025\/11\/17\/lederkurs-2026-8-og-9-klasse\/#primaryimage\"},\"image\":{\"@id\":\"https:\/\/acta.no\/rogaland\/2025\/11\/17\/lederkurs-2026-8-og-9-klasse\/#primaryimage\"},\"thumbnailUrl\":\"https:\/\/www.normisjon.no\/content\/uploads\/sites\/33\/2025\/11\/Lederkurs-solborg-scaled.jpg\",\"datePublished\":\"2025-11-17T07:56:29+00:00\",\"dateModified\":\"2026-01-21T19:28:32+00:00\",\"author\":{\"@id\":\"https:\/\/acta.no\/rogaland\/#\/schema\/person\/3b44448037977b40922be844c036cebb\"},\"breadcrumb\":{\"@id\":\"https:\/\/acta.no\/rogaland\/2025\/11\/17\/lederkurs-2026-8-og-9-klasse\/#breadcrumb\"},\"inLanguage\":\"nb-NO\",\"potentialAction\":[{\"@type\":\"ReadAction\",\"target\":[\"https:\/\/acta.no\/rogaland\/2025\/11\/17\/lederkurs-2026-8-og-9-klasse\/\"]}]},{\"@type\":\"ImageObject\",\"inLanguage\":\"nb-NO\",\"@id\":\"https:\/\/acta.no\/rogaland\/2025\/11\/17\/lederkurs-2026-8-og-9-klasse\/#primaryimage\",\"url\":\"https:\/\/www.normisjon.no\/content\/uploads\/sites\/33\/2025\/11\/Lederkurs-solborg-scaled.jpg\",\"contentUrl\":\"https:\/\/www.normisjon.no\/content\/uploads\/sites\/33\/2025\/11\/Lederkurs-solborg-scaled.jpg\",\"width\":2560,\"height\":1994},{\"@type\":\"BreadcrumbList\",\"@id\":\"https:\/\/acta.no\/rogaland\/2025\/11\/17\/lederkurs-2026-8-og-9-klasse\/#breadcrumb\",\"itemListElement\":[{\"@type\":\"ListItem\",\"position\":1,\"name\":\"Til acta.no\",\"item\":\"https:\/\/acta.no\/\"},{\"@type\":\"ListItem\",\"position\":2,\"name\":\"Region Rogaland\",\"item\":\"https:\/\/acta.no\/rogaland\/\"},{\"@type\":\"ListItem\",\"position\":3,\"name\":\"Uncategorized\",\"item\":\"https:\/\/acta.no\/rogaland\/category\/uncategorized\/\"},{\"@type\":\"ListItem\",\"position\":4,\"name\":\"Lederkurs 2026, 8. og 9. klasse\"}]},{\"@type\":\"WebSite\",\"@id\":\"https:\/\/acta.no\/rogaland\/#website\",\"url\":\"https:\/\/acta.no\/rogaland\/\",\"name\":\"Acta Region Rogaland\",\"description\":\"Rogaland\",\"potentialAction\":[{\"@type\":\"SearchAction\",\"target\":{\"@type\":\"EntryPoint\",\"urlTemplate\":\"https:\/\/acta.no\/rogaland\/?s={search_term_string}\"},\"query-input\":{\"@type\":\"PropertyValueSpecification\",\"valueRequired\":true,\"valueName\":\"search_term_string\"}}],\"inLanguage\":\"nb-NO\"},{\"@type\":\"Person\",\"@id\":\"https:\/\/acta.no\/rogaland\/#\/schema\/person\/3b44448037977b40922be844c036cebb\",\"name\":\"jeanett\",\"image\":{\"@type\":\"ImageObject\",\"inLanguage\":\"nb-NO\",\"@id\":\"https:\/\/acta.no\/rogaland\/#\/schema\/person\/image\/\",\"url\":\"https:\/\/secure.gravatar.com\/avatar\/00c93f9927022c522529cfefd447e362b60291bf55ac3107e12c077a8b459e43?s=96&d=mm&r=g\",\"contentUrl\":\"https:\/\/secure.gravatar.com\/avatar\/00c93f9927022c522529cfefd447e362b60291bf55ac3107e12c077a8b459e43?s=96&d=mm&r=g\",\"caption\":\"jeanett\"}}]}<\/script>\n<!-- \/ Yoast SEO plugin. -->","yoast_head_json":{"title":"Lederkurs 2026, 8. og 9. klasse - Acta Region Rogaland","robots":{"index":"index","follow":"follow","max-snippet":"max-snippet:-1","max-image-preview":"max-image-preview:large","max-video-preview":"max-video-preview:-1"},"canonical":"https:\/\/acta.no\/rogaland\/2025\/11\/17\/lederkurs-2026-8-og-9-klasse\/","og_locale":"nb_NO","og_type":"article","og_title":"Lederkurs 2026, 8. og 9. klasse - Acta Region Rogaland","og_description":"P\u00e5melding her! Velkommen p\u00e5 leir! Denne leiren arrangeres av Acta barn og unge i Normisjon region Rogaland. Informasjon om Acta og v\u00e5re leirer finner du&nbsp;her Vi har tro p\u00e5 deg!Ikke n\u00f8dvendigvis fordi du er den flinkeste eller fordi du presterer s\u00e5 utrolig bra. Vi har tro p\u00e5 deg fordi Gud har tro p\u00e5 deg, og [&hellip;]","og_url":"https:\/\/acta.no\/rogaland\/2025\/11\/17\/lederkurs-2026-8-og-9-klasse\/","og_site_name":"Acta Region Rogaland","article_published_time":"2025-11-17T07:56:29+00:00","article_modified_time":"2026-01-21T19:28:32+00:00","og_image":[{"width":2560,"height":1994,"url":"https:\/\/www.normisjon.no\/content\/uploads\/sites\/33\/2025\/11\/Lederkurs-solborg-scaled.jpg","type":"image\/jpeg"}],"author":"jeanett","twitter_card":"summary_large_image","twitter_misc":{"Skrevet av":"jeanett","Ansl. lesetid":"2 minutter"},"schema":{"@context":"https:\/\/schema.org","@graph":[{"@type":"WebPage","@id":"https:\/\/acta.no\/rogaland\/2025\/11\/17\/lederkurs-2026-8-og-9-klasse\/","url":"https:\/\/acta.no\/rogaland\/2025\/11\/17\/lederkurs-2026-8-og-9-klasse\/","name":"Lederkurs 2026, 8. og 9. klasse - Acta Region Rogaland","isPartOf":{"@id":"https:\/\/acta.no\/rogaland\/#website"},"primaryImageOfPage":{"@id":"https:\/\/acta.no\/rogaland\/2025\/11\/17\/lederkurs-2026-8-og-9-klasse\/#primaryimage"},"image":{"@id":"https:\/\/acta.no\/rogaland\/2025\/11\/17\/lederkurs-2026-8-og-9-klasse\/#primaryimage"},"thumbnailUrl":"https:\/\/www.normisjon.no\/content\/uploads\/sites\/33\/2025\/11\/Lederkurs-solborg-scaled.jpg","datePublished":"2025-11-17T07:56:29+00:00","dateModified":"2026-01-21T19:28:32+00:00","author":{"@id":"https:\/\/acta.no\/rogaland\/#\/schema\/person\/3b44448037977b40922be844c036cebb"},"breadcrumb":{"@id":"https:\/\/acta.no\/rogaland\/2025\/11\/17\/lederkurs-2026-8-og-9-klasse\/#breadcrumb"},"inLanguage":"nb-NO","potentialAction":[{"@type":"ReadAction","target":["https:\/\/acta.no\/rogaland\/2025\/11\/17\/lederkurs-2026-8-og-9-klasse\/"]}]},{"@type":"ImageObject","inLanguage":"nb-NO","@id":"https:\/\/acta.no\/rogaland\/2025\/11\/17\/lederkurs-2026-8-og-9-klasse\/#primaryimage","url":"https:\/\/www.normisjon.no\/content\/uploads\/sites\/33\/2025\/11\/Lederkurs-solborg-scaled.jpg","contentUrl":"https:\/\/www.normisjon.no\/content\/uploads\/sites\/33\/2025\/11\/Lederkurs-solborg-scaled.jpg","width":2560,"height":1994},{"@type":"BreadcrumbList","@id":"https:\/\/acta.no\/rogaland\/2025\/11\/17\/lederkurs-2026-8-og-9-klasse\/#breadcrumb","itemListElement":[{"@type":"ListItem","position":1,"name":"Til acta.no","item":"https:\/\/acta.no\/"},{"@type":"ListItem","position":2,"name":"Region Rogaland","item":"https:\/\/acta.no\/rogaland\/"},{"@type":"ListItem","position":3,"name":"Uncategorized","item":"https:\/\/acta.no\/rogaland\/category\/uncategorized\/"},{"@type":"ListItem","position":4,"name":"Lederkurs 2026, 8. og 9. klasse"}]},{"@type":"WebSite","@id":"https:\/\/acta.no\/rogaland\/#website","url":"https:\/\/acta.no\/rogaland\/","name":"Acta Region Rogaland","description":"Rogaland","potentialAction":[{"@type":"SearchAction","target":{"@type":"EntryPoint","urlTemplate":"https:\/\/acta.no\/rogaland\/?s={search_term_string}"},"query-input":{"@type":"PropertyValueSpecification","valueRequired":true,"valueName":"search_term_string"}}],"inLanguage":"nb-NO"},{"@type":"Person","@id":"https:\/\/acta.no\/rogaland\/#\/schema\/person\/3b44448037977b40922be844c036cebb","name":"jeanett","image":{"@type":"ImageObject","inLanguage":"nb-NO","@id":"https:\/\/acta.no\/rogaland\/#\/schema\/person\/image\/","url":"https:\/\/secure.gravatar.com\/avatar\/00c93f9927022c522529cfefd447e362b60291bf55ac3107e12c077a8b459e43?s=96&d=mm&r=g","contentUrl":"https:\/\/secure.gravatar.com\/avatar\/00c93f9927022c522529cfefd447e362b60291bf55ac3107e12c077a8b459e43?s=96&d=mm&r=g","caption":"jeanett"}}]}},"_links":{"self":[{"href":"https:\/\/acta.no\/rogaland\/wp-json\/wp\/v2\/posts\/1181","targetHints":{"allow":["GET"]}}],"collection":[{"href":"https:\/\/acta.no\/rogaland\/wp-json\/wp\/v2\/posts"}],"about":[{"href":"https:\/\/acta.no\/rogaland\/wp-json\/wp\/v2\/types\/post"}],"author":[{"embeddable":true,"href":"https:\/\/acta.no\/rogaland\/wp-json\/wp\/v2\/users\/21"}],"replies":[{"embeddable":true,"href":"https:\/\/acta.no\/rogaland\/wp-json\/wp\/v2\/comments?post=1181"}],"version-history":[{"count":3,"href":"https:\/\/acta.no\/rogaland\/wp-json\/wp\/v2\/posts\/1181\/revisions"}],"predecessor-version":[{"id":1246,"href":"https:\/\/acta.no\/rogaland\/wp-json\/wp\/v2\/posts\/1181\/revisions\/1246"}],"wp:featuredmedia":[{"embeddable":true,"href":"https:\/\/acta.no\/rogaland\/wp-json\/wp\/v2\/media\/1248"}],"wp:attachment":[{"href":"https:\/\/acta.no\/rogaland\/wp-json\/wp\/v2\/media?parent=1181"}],"wp:term":[{"taxonomy":"category","embeddable":true,"href":"https:\/\/acta.no\/rogaland\/wp-json\/wp\/v2\/categories?post=1181"},{"taxonomy":"post_tag","embeddable":true,"href":"https:\/\/acta.no\/rogaland\/wp-json\/wp\/v2\/tags?post=1181"}],"curies":[{"name":"wp","href":"https:\/\/api.w.org\/{rel}","templated":true}]}}