{"id":1005,"date":"2023-05-03T08:29:29","date_gmt":"2023-05-03T08:29:29","guid":{"rendered":"https:\/\/acta.no\/more\/?p=1005"},"modified":"2023-05-03T08:29:29","modified_gmt":"2023-05-03T08:29:29","slug":"basar-i-torvikbukt","status":"publish","type":"post","link":"https:\/\/acta.no\/more\/2023\/05\/03\/basar-i-torvikbukt\/","title":{"rendered":"Basar i Torvikbukt"},"content":{"rendered":"<div class=\"gutenberg-content\">\n<div class=\"wp-block-media-text alignwide is-stacked-on-mobile is-vertically-aligned-center is-image-fill\"><figure class=\"wp-block-media-text__media\" style=\"background-image:url(https:\/\/www.normisjon.no\/content\/uploads\/sites\/29\/2023\/05\/343711789_228362546506728_4493861939273935754_n-1-768x1024.jpg);background-position:69% 81%\"><img loading=\"lazy\" decoding=\"async\" width=\"768\" height=\"1024\" src=\"https:\/\/www.normisjon.no\/content\/uploads\/sites\/29\/2023\/05\/343711789_228362546506728_4493861939273935754_n-1-768x1024.jpg\" alt=\"\" class=\"wp-image-1012 size-full\" srcset=\"https:\/\/www.normisjon.no\/content\/uploads\/sites\/29\/2023\/05\/343711789_228362546506728_4493861939273935754_n-1-768x1024.jpg 768w, https:\/\/www.normisjon.no\/content\/uploads\/sites\/29\/2023\/05\/343711789_228362546506728_4493861939273935754_n-1-225x300.jpg 225w, https:\/\/www.normisjon.no\/content\/uploads\/sites\/29\/2023\/05\/343711789_228362546506728_4493861939273935754_n-1-1152x1536.jpg 1152w, https:\/\/www.normisjon.no\/content\/uploads\/sites\/29\/2023\/05\/343711789_228362546506728_4493861939273935754_n-1-720x960.jpg 720w, https:\/\/www.normisjon.no\/content\/uploads\/sites\/29\/2023\/05\/343711789_228362546506728_4493861939273935754_n-1.jpg 1170w\" sizes=\"auto, (max-width: 768px) 100vw, 768px\" \/><\/figure><div class=\"wp-block-media-text__content\">\n<p>Sommeravslutning og basar ble det p\u00e5 Torvikbukt forrige helg.<\/p>\n\n\n\n<p>Birgit Orste som har ledet barnegruppa i 35 \u00e5r, takket for seg. Og for en fantastisk jobb hun har gjort i alle disse \u00e5rene. Hennes trofasthet er et s\u00e5 stort vitnesbyrd.<\/p>\n\n\n\n<p>Det var b\u00e5de barn som sang og studenter fra G\u00e5 ut senteret som delte vitnesbyrd fra misjonsturene de hadde hatt.<\/p>\n\n\n\n<p>Kahoot og &laquo;stein, saks, papir&raquo;-leken satt en god stemming p\u00e5 Bedehuset og ikke minst alt det godte det var \u00e5 spise.<\/p>\n\n\n\n<p>Sukkerspinnmaskinen ble popul\u00e6r p\u00e5 slutten av programmet og det var mange fine premier som barna og voksne fra &laquo;Refleks&raquo; hadde laget. Alt som var kommet inn gjennom basaren er med \u00e5 st\u00f8tte arbeidet i Bangladesh.<\/p>\n\n\n\n<p><\/p>\n<\/div><\/div>\n\n\n\n<div style=\"height:100px\" aria-hidden=\"true\" class=\"wp-block-spacer\"><\/div>\n\n\n\n<figure class=\"wp-block-gallery has-nested-images columns-default is-cropped wp-block-gallery-1 is-layout-flex wp-block-gallery-is-layout-flex\">\n<figure class=\"wp-block-image size-large\"><img loading=\"lazy\" decoding=\"async\" width=\"1170\" height=\"780\" data-id=\"1014\" src=\"https:\/\/www.normisjon.no\/content\/uploads\/sites\/29\/2023\/05\/342219674_256938366858096_8917460628182703879_n-1-edited.jpg\" alt=\"\" class=\"wp-image-1014\" srcset=\"https:\/\/www.normisjon.no\/content\/uploads\/sites\/29\/2023\/05\/342219674_256938366858096_8917460628182703879_n-1-edited.jpg 1170w, https:\/\/www.normisjon.no\/content\/uploads\/sites\/29\/2023\/05\/342219674_256938366858096_8917460628182703879_n-1-edited-300x200.jpg 300w, https:\/\/www.normisjon.no\/content\/uploads\/sites\/29\/2023\/05\/342219674_256938366858096_8917460628182703879_n-1-edited-1024x683.jpg 1024w, https:\/\/www.normisjon.no\/content\/uploads\/sites\/29\/2023\/05\/342219674_256938366858096_8917460628182703879_n-1-edited-768x512.jpg 768w, https:\/\/www.normisjon.no\/content\/uploads\/sites\/29\/2023\/05\/342219674_256938366858096_8917460628182703879_n-1-edited-960x640.jpg 960w\" sizes=\"auto, (max-width: 1170px) 100vw, 1170px\" \/><\/figure>\n\n\n\n<figure class=\"wp-block-image size-large\"><img loading=\"lazy\" decoding=\"async\" width=\"768\" height=\"1024\" data-id=\"1006\" src=\"https:\/\/www.normisjon.no\/content\/uploads\/sites\/29\/2023\/05\/342190133_765491244954703_8903357657047426602_n-768x1024.jpg\" alt=\"\" class=\"wp-image-1006\" srcset=\"https:\/\/www.normisjon.no\/content\/uploads\/sites\/29\/2023\/05\/342190133_765491244954703_8903357657047426602_n-768x1024.jpg 768w, https:\/\/www.normisjon.no\/content\/uploads\/sites\/29\/2023\/05\/342190133_765491244954703_8903357657047426602_n-225x300.jpg 225w, https:\/\/www.normisjon.no\/content\/uploads\/sites\/29\/2023\/05\/342190133_765491244954703_8903357657047426602_n-1152x1536.jpg 1152w, https:\/\/www.normisjon.no\/content\/uploads\/sites\/29\/2023\/05\/342190133_765491244954703_8903357657047426602_n-720x960.jpg 720w, https:\/\/www.normisjon.no\/content\/uploads\/sites\/29\/2023\/05\/342190133_765491244954703_8903357657047426602_n.jpg 1170w\" sizes=\"auto, (max-width: 768px) 100vw, 768px\" \/><\/figure>\n<\/figure>\n\n\n\n<figure class=\"wp-block-gallery has-nested-images columns-default is-cropped wp-block-gallery-2 is-layout-flex wp-block-gallery-is-layout-flex\">\n<figure class=\"wp-block-image size-large\"><img loading=\"lazy\" decoding=\"async\" width=\"1170\" height=\"658\" data-id=\"1015\" src=\"https:\/\/www.normisjon.no\/content\/uploads\/sites\/29\/2023\/05\/343964092_265136642739959_3051714682169472143_n-1-edited.jpg\" alt=\"\" class=\"wp-image-1015\" srcset=\"https:\/\/www.normisjon.no\/content\/uploads\/sites\/29\/2023\/05\/343964092_265136642739959_3051714682169472143_n-1-edited.jpg 1170w, https:\/\/www.normisjon.no\/content\/uploads\/sites\/29\/2023\/05\/343964092_265136642739959_3051714682169472143_n-1-edited-300x169.jpg 300w, https:\/\/www.normisjon.no\/content\/uploads\/sites\/29\/2023\/05\/343964092_265136642739959_3051714682169472143_n-1-edited-1024x576.jpg 1024w, https:\/\/www.normisjon.no\/content\/uploads\/sites\/29\/2023\/05\/343964092_265136642739959_3051714682169472143_n-1-edited-768x432.jpg 768w, https:\/\/www.normisjon.no\/content\/uploads\/sites\/29\/2023\/05\/343964092_265136642739959_3051714682169472143_n-1-edited-960x540.jpg 960w\" sizes=\"auto, (max-width: 1170px) 100vw, 1170px\" \/><\/figure>\n<\/figure>\n<\/div>","protected":false},"excerpt":{"rendered":"<p>Sommeravslutning og basar ble det p\u00e5 Torvikbukt forrige helg. Birgit Orste som har ledet barnegruppa i 35 \u00e5r, takket for seg. Og for en fantastisk jobb hun har gjort i alle disse \u00e5rene. Hennes trofasthet er et s\u00e5 stort vitnesbyrd. Det var b\u00e5de barn som sang og studenter fra G\u00e5 ut senteret som delte vitnesbyrd [&hellip;]<\/p>\n","protected":false},"author":115,"featured_media":1006,"comment_status":"closed","ping_status":"closed","sticky":false,"template":"","format":"standard","meta":{"_acf_changed":false,"footnotes":""},"categories":[1],"tags":[15,9,13],"class_list":["post-1005","post","type-post","status-publish","format-standard","has-post-thumbnail","hentry","category-uncategorized","tag-aktiviteter","tag-barn","tag-jesus"],"acf":[],"yoast_head":"<!-- This site is optimized with the Yoast SEO plugin v25.9 - https:\/\/yoast.com\/wordpress\/plugins\/seo\/ -->\n<title>Basar i Torvikbukt - Acta Region M\u00f8re<\/title>\n<meta name=\"robots\" content=\"index, follow, max-snippet:-1, max-image-preview:large, max-video-preview:-1\" \/>\n<link rel=\"canonical\" href=\"https:\/\/acta.no\/more\/2023\/05\/03\/basar-i-torvikbukt\/\" \/>\n<meta property=\"og:locale\" content=\"nb_NO\" \/>\n<meta property=\"og:type\" content=\"article\" \/>\n<meta property=\"og:title\" content=\"Basar i Torvikbukt - Acta Region M\u00f8re\" \/>\n<meta property=\"og:description\" content=\"Sommeravslutning og basar ble det p\u00e5 Torvikbukt forrige helg. Birgit Orste som har ledet barnegruppa i 35 \u00e5r, takket for seg. Og for en fantastisk jobb hun har gjort i alle disse \u00e5rene. Hennes trofasthet er et s\u00e5 stort vitnesbyrd. Det var b\u00e5de barn som sang og studenter fra G\u00e5 ut senteret som delte vitnesbyrd [&hellip;]\" \/>\n<meta property=\"og:url\" content=\"https:\/\/acta.no\/more\/2023\/05\/03\/basar-i-torvikbukt\/\" \/>\n<meta property=\"og:site_name\" content=\"Acta Region M\u00f8re\" \/>\n<meta property=\"article:published_time\" content=\"2023-05-03T08:29:29+00:00\" \/>\n<meta property=\"og:image\" content=\"https:\/\/www.normisjon.no\/content\/uploads\/sites\/29\/2023\/05\/342190133_765491244954703_8903357657047426602_n.jpg\" \/>\n\t<meta property=\"og:image:width\" content=\"1170\" \/>\n\t<meta property=\"og:image:height\" content=\"1560\" \/>\n\t<meta property=\"og:image:type\" content=\"image\/jpeg\" \/>\n<meta name=\"author\" content=\"kathy\" \/>\n<meta name=\"twitter:card\" content=\"summary_large_image\" \/>\n<meta name=\"twitter:label1\" content=\"Skrevet av\" \/>\n\t<meta name=\"twitter:data1\" content=\"kathy\" \/>\n\t<meta name=\"twitter:label2\" content=\"Ansl. lesetid\" \/>\n\t<meta name=\"twitter:data2\" content=\"2 minutter\" \/>\n<script type=\"application\/ld+json\" class=\"yoast-schema-graph\">{\"@context\":\"https:\/\/schema.org\",\"@graph\":[{\"@type\":\"WebPage\",\"@id\":\"https:\/\/acta.no\/more\/2023\/05\/03\/basar-i-torvikbukt\/\",\"url\":\"https:\/\/acta.no\/more\/2023\/05\/03\/basar-i-torvikbukt\/\",\"name\":\"Basar i Torvikbukt - Acta Region M\u00f8re\",\"isPartOf\":{\"@id\":\"https:\/\/acta.no\/more\/#website\"},\"primaryImageOfPage\":{\"@id\":\"https:\/\/acta.no\/more\/2023\/05\/03\/basar-i-torvikbukt\/#primaryimage\"},\"image\":{\"@id\":\"https:\/\/acta.no\/more\/2023\/05\/03\/basar-i-torvikbukt\/#primaryimage\"},\"thumbnailUrl\":\"https:\/\/www.normisjon.no\/content\/uploads\/sites\/29\/2023\/05\/342190133_765491244954703_8903357657047426602_n.jpg\",\"datePublished\":\"2023-05-03T08:29:29+00:00\",\"author\":{\"@id\":\"https:\/\/acta.no\/more\/#\/schema\/person\/420476139099ea02d332b613bf7bfc93\"},\"breadcrumb\":{\"@id\":\"https:\/\/acta.no\/more\/2023\/05\/03\/basar-i-torvikbukt\/#breadcrumb\"},\"inLanguage\":\"nb-NO\",\"potentialAction\":[{\"@type\":\"ReadAction\",\"target\":[\"https:\/\/acta.no\/more\/2023\/05\/03\/basar-i-torvikbukt\/\"]}]},{\"@type\":\"ImageObject\",\"inLanguage\":\"nb-NO\",\"@id\":\"https:\/\/acta.no\/more\/2023\/05\/03\/basar-i-torvikbukt\/#primaryimage\",\"url\":\"https:\/\/www.normisjon.no\/content\/uploads\/sites\/29\/2023\/05\/342190133_765491244954703_8903357657047426602_n.jpg\",\"contentUrl\":\"https:\/\/www.normisjon.no\/content\/uploads\/sites\/29\/2023\/05\/342190133_765491244954703_8903357657047426602_n.jpg\",\"width\":1170,\"height\":1560},{\"@type\":\"BreadcrumbList\",\"@id\":\"https:\/\/acta.no\/more\/2023\/05\/03\/basar-i-torvikbukt\/#breadcrumb\",\"itemListElement\":[{\"@type\":\"ListItem\",\"position\":1,\"name\":\"Til acta.no\",\"item\":\"https:\/\/acta.no\/\"},{\"@type\":\"ListItem\",\"position\":2,\"name\":\"Region M\u00f8re\",\"item\":\"https:\/\/acta.no\/more\/\"},{\"@type\":\"ListItem\",\"position\":3,\"name\":\"Uncategorized\",\"item\":\"https:\/\/acta.no\/more\/category\/uncategorized\/\"},{\"@type\":\"ListItem\",\"position\":4,\"name\":\"Basar i Torvikbukt\"}]},{\"@type\":\"WebSite\",\"@id\":\"https:\/\/acta.no\/more\/#website\",\"url\":\"https:\/\/acta.no\/more\/\",\"name\":\"Acta Region M\u00f8re\",\"description\":\"M\u00f8re\",\"potentialAction\":[{\"@type\":\"SearchAction\",\"target\":{\"@type\":\"EntryPoint\",\"urlTemplate\":\"https:\/\/acta.no\/more\/?s={search_term_string}\"},\"query-input\":{\"@type\":\"PropertyValueSpecification\",\"valueRequired\":true,\"valueName\":\"search_term_string\"}}],\"inLanguage\":\"nb-NO\"},{\"@type\":\"Person\",\"@id\":\"https:\/\/acta.no\/more\/#\/schema\/person\/420476139099ea02d332b613bf7bfc93\",\"name\":\"kathy\",\"image\":{\"@type\":\"ImageObject\",\"inLanguage\":\"nb-NO\",\"@id\":\"https:\/\/acta.no\/more\/#\/schema\/person\/image\/\",\"url\":\"https:\/\/secure.gravatar.com\/avatar\/07d55ab4d882b5906aadae3987338c5cfb05ebb2237304768c4e2d86a7e23fc5?s=96&d=mm&r=g\",\"contentUrl\":\"https:\/\/secure.gravatar.com\/avatar\/07d55ab4d882b5906aadae3987338c5cfb05ebb2237304768c4e2d86a7e23fc5?s=96&d=mm&r=g\",\"caption\":\"kathy\"}}]}<\/script>\n<!-- \/ Yoast SEO plugin. -->","yoast_head_json":{"title":"Basar i Torvikbukt - Acta Region M\u00f8re","robots":{"index":"index","follow":"follow","max-snippet":"max-snippet:-1","max-image-preview":"max-image-preview:large","max-video-preview":"max-video-preview:-1"},"canonical":"https:\/\/acta.no\/more\/2023\/05\/03\/basar-i-torvikbukt\/","og_locale":"nb_NO","og_type":"article","og_title":"Basar i Torvikbukt - Acta Region M\u00f8re","og_description":"Sommeravslutning og basar ble det p\u00e5 Torvikbukt forrige helg. Birgit Orste som har ledet barnegruppa i 35 \u00e5r, takket for seg. Og for en fantastisk jobb hun har gjort i alle disse \u00e5rene. Hennes trofasthet er et s\u00e5 stort vitnesbyrd. Det var b\u00e5de barn som sang og studenter fra G\u00e5 ut senteret som delte vitnesbyrd [&hellip;]","og_url":"https:\/\/acta.no\/more\/2023\/05\/03\/basar-i-torvikbukt\/","og_site_name":"Acta Region M\u00f8re","article_published_time":"2023-05-03T08:29:29+00:00","og_image":[{"width":1170,"height":1560,"url":"https:\/\/www.normisjon.no\/content\/uploads\/sites\/29\/2023\/05\/342190133_765491244954703_8903357657047426602_n.jpg","type":"image\/jpeg"}],"author":"kathy","twitter_card":"summary_large_image","twitter_misc":{"Skrevet av":"kathy","Ansl. lesetid":"2 minutter"},"schema":{"@context":"https:\/\/schema.org","@graph":[{"@type":"WebPage","@id":"https:\/\/acta.no\/more\/2023\/05\/03\/basar-i-torvikbukt\/","url":"https:\/\/acta.no\/more\/2023\/05\/03\/basar-i-torvikbukt\/","name":"Basar i Torvikbukt - Acta Region M\u00f8re","isPartOf":{"@id":"https:\/\/acta.no\/more\/#website"},"primaryImageOfPage":{"@id":"https:\/\/acta.no\/more\/2023\/05\/03\/basar-i-torvikbukt\/#primaryimage"},"image":{"@id":"https:\/\/acta.no\/more\/2023\/05\/03\/basar-i-torvikbukt\/#primaryimage"},"thumbnailUrl":"https:\/\/www.normisjon.no\/content\/uploads\/sites\/29\/2023\/05\/342190133_765491244954703_8903357657047426602_n.jpg","datePublished":"2023-05-03T08:29:29+00:00","author":{"@id":"https:\/\/acta.no\/more\/#\/schema\/person\/420476139099ea02d332b613bf7bfc93"},"breadcrumb":{"@id":"https:\/\/acta.no\/more\/2023\/05\/03\/basar-i-torvikbukt\/#breadcrumb"},"inLanguage":"nb-NO","potentialAction":[{"@type":"ReadAction","target":["https:\/\/acta.no\/more\/2023\/05\/03\/basar-i-torvikbukt\/"]}]},{"@type":"ImageObject","inLanguage":"nb-NO","@id":"https:\/\/acta.no\/more\/2023\/05\/03\/basar-i-torvikbukt\/#primaryimage","url":"https:\/\/www.normisjon.no\/content\/uploads\/sites\/29\/2023\/05\/342190133_765491244954703_8903357657047426602_n.jpg","contentUrl":"https:\/\/www.normisjon.no\/content\/uploads\/sites\/29\/2023\/05\/342190133_765491244954703_8903357657047426602_n.jpg","width":1170,"height":1560},{"@type":"BreadcrumbList","@id":"https:\/\/acta.no\/more\/2023\/05\/03\/basar-i-torvikbukt\/#breadcrumb","itemListElement":[{"@type":"ListItem","position":1,"name":"Til acta.no","item":"https:\/\/acta.no\/"},{"@type":"ListItem","position":2,"name":"Region M\u00f8re","item":"https:\/\/acta.no\/more\/"},{"@type":"ListItem","position":3,"name":"Uncategorized","item":"https:\/\/acta.no\/more\/category\/uncategorized\/"},{"@type":"ListItem","position":4,"name":"Basar i Torvikbukt"}]},{"@type":"WebSite","@id":"https:\/\/acta.no\/more\/#website","url":"https:\/\/acta.no\/more\/","name":"Acta Region M\u00f8re","description":"M\u00f8re","potentialAction":[{"@type":"SearchAction","target":{"@type":"EntryPoint","urlTemplate":"https:\/\/acta.no\/more\/?s={search_term_string}"},"query-input":{"@type":"PropertyValueSpecification","valueRequired":true,"valueName":"search_term_string"}}],"inLanguage":"nb-NO"},{"@type":"Person","@id":"https:\/\/acta.no\/more\/#\/schema\/person\/420476139099ea02d332b613bf7bfc93","name":"kathy","image":{"@type":"ImageObject","inLanguage":"nb-NO","@id":"https:\/\/acta.no\/more\/#\/schema\/person\/image\/","url":"https:\/\/secure.gravatar.com\/avatar\/07d55ab4d882b5906aadae3987338c5cfb05ebb2237304768c4e2d86a7e23fc5?s=96&d=mm&r=g","contentUrl":"https:\/\/secure.gravatar.com\/avatar\/07d55ab4d882b5906aadae3987338c5cfb05ebb2237304768c4e2d86a7e23fc5?s=96&d=mm&r=g","caption":"kathy"}}]}},"_links":{"self":[{"href":"https:\/\/acta.no\/more\/wp-json\/wp\/v2\/posts\/1005","targetHints":{"allow":["GET"]}}],"collection":[{"href":"https:\/\/acta.no\/more\/wp-json\/wp\/v2\/posts"}],"about":[{"href":"https:\/\/acta.no\/more\/wp-json\/wp\/v2\/types\/post"}],"author":[{"embeddable":true,"href":"https:\/\/acta.no\/more\/wp-json\/wp\/v2\/users\/115"}],"replies":[{"embeddable":true,"href":"https:\/\/acta.no\/more\/wp-json\/wp\/v2\/comments?post=1005"}],"version-history":[{"count":1,"href":"https:\/\/acta.no\/more\/wp-json\/wp\/v2\/posts\/1005\/revisions"}],"predecessor-version":[{"id":1016,"href":"https:\/\/acta.no\/more\/wp-json\/wp\/v2\/posts\/1005\/revisions\/1016"}],"wp:featuredmedia":[{"embeddable":true,"href":"https:\/\/acta.no\/more\/wp-json\/wp\/v2\/media\/1006"}],"wp:attachment":[{"href":"https:\/\/acta.no\/more\/wp-json\/wp\/v2\/media?parent=1005"}],"wp:term":[{"taxonomy":"category","embeddable":true,"href":"https:\/\/acta.no\/more\/wp-json\/wp\/v2\/categories?post=1005"},{"taxonomy":"post_tag","embeddable":true,"href":"https:\/\/acta.no\/more\/wp-json\/wp\/v2\/tags?post=1005"}],"curies":[{"name":"wp","href":"https:\/\/api.w.org\/{rel}","templated":true}]}}