{"id":813,"date":"2023-04-03T08:55:48","date_gmt":"2023-04-03T08:55:48","guid":{"rendered":"https:\/\/acta.no\/agder\/?p=813"},"modified":"2023-04-26T20:37:27","modified_gmt":"2023-04-26T20:37:27","slug":"the-send-local-kristiansand-27-mai","status":"publish","type":"post","link":"https:\/\/acta.no\/agder\/2023\/04\/03\/the-send-local-kristiansand-27-mai\/","title":{"rendered":"The Send Local &#8211; Kristiansand 27.mai"},"content":{"rendered":"<div class=\"gutenberg-content\">\n<figure class=\"wp-block-image aligncenter size-large is-resized\"><img loading=\"lazy\" decoding=\"async\" src=\"https:\/\/www.normisjon.no\/content\/uploads\/sites\/27\/2023\/04\/322711599_556215013030685_3370879603762979859_n-823x1024.jpg\" alt=\"\" class=\"wp-image-814\" width=\"309\" height=\"384\"\/><\/figure>\n\n\n\n<p><\/p>\n\n\n\n<p>The Send ble arrangert i Telenor Arena den 25.juni 2022. 29 organisasjoner og kirkesamfunn stod bak det som ble det st\u00f8rste tverrkirkelige arrangementet i Norge p\u00e5 over 20 \u00e5r.<\/p>\n\n\n\n<p>M\u00e5let var \u00e5 skape en bevegelse, hvor unge mennesker ble kalt til \u00e5 f\u00f8lge Jesus helhjertet (all in) og si ja til tjeneste (wherever &amp; whenever) i nabolag, p\u00e5 skoler og studiesteder, for vanskeligstilte barn og i misjonstjeneste til andre land. <\/p>\n\n\n\n<p>&laquo;Vi har h\u00f8rt mange personlige historier om mennesker som ble frelst, men ogs\u00e5 som ble momentant helbredet \u2013 og mange historier om unge mennesker som har erfart Guds kall til tjeneste.&raquo;<\/p>\n\n\n\n<p>Tre byer arrangerer The Send Local v\u00e5r\/sommer 2023. F\u00f8rst ut er Oslo den 13. mai i Ekeberghallen. Kristiansand, Ravnedalen 27.mai og i IMI Kirken i Stavanger 10. juni.<\/p>\n\n\n\n<p>The Send forteller at de dr\u00f8mmer om en generasjon unge troende som lever livene sine uten avstand mellom tro og handling. Som sier nei til passivitet og ja til \u00e5 g\u00e5 all in for Jesus og enhet.<\/p>\n\n\n\n<p>De h\u00e5per mange har lyst til \u00e5 v\u00e6re med p\u00e5 en l\u00f8rdag i Ravnedalen, fylt med lovsang, undervisning og handling.<\/p>\n\n\n\n<p>P\u00e5melding til The Send Local &#8211; Kristiansand er begynt. <\/p>\n\n\n\n<p>Meld deg p\u00e5 <a href=\"https:\/\/app.checkin.no\/event\/55295\/the-send-kristiansand\" target=\"_blank\" rel=\"noreferrer noopener\">her.<\/a><\/p>\n\n\n\n<p><\/p>\n<\/div>","protected":false},"excerpt":{"rendered":"<p>The Send ble arrangert i Telenor Arena den 25.juni 2022. 29 organisasjoner og kirkesamfunn stod bak det som ble det st\u00f8rste tverrkirkelige arrangementet i Norge p\u00e5 over 20 \u00e5r. M\u00e5let var \u00e5 skape en bevegelse, hvor unge mennesker ble kalt til \u00e5 f\u00f8lge Jesus helhjertet (all in) og si ja til tjeneste (wherever &amp; whenever) [&hellip;]<\/p>\n","protected":false},"author":119,"featured_media":0,"comment_status":"closed","ping_status":"closed","sticky":false,"template":"","format":"standard","meta":{"_acf_changed":false,"footnotes":""},"categories":[1],"tags":[],"class_list":["post-813","post","type-post","status-publish","format-standard","hentry","category-uncategorized"],"acf":[],"yoast_head":"<!-- This site is optimized with the Yoast SEO plugin v25.9 - https:\/\/yoast.com\/wordpress\/plugins\/seo\/ -->\n<title>The Send Local - Kristiansand 27.mai - Acta Region Agder<\/title>\n<meta name=\"robots\" content=\"index, follow, max-snippet:-1, max-image-preview:large, max-video-preview:-1\" \/>\n<link rel=\"canonical\" href=\"https:\/\/acta.no\/agder\/2023\/04\/03\/the-send-local-kristiansand-27-mai\/\" \/>\n<meta property=\"og:locale\" content=\"nb_NO\" \/>\n<meta property=\"og:type\" content=\"article\" \/>\n<meta property=\"og:title\" content=\"The Send Local - Kristiansand 27.mai - Acta Region Agder\" \/>\n<meta property=\"og:description\" content=\"The Send ble arrangert i Telenor Arena den 25.juni 2022. 29 organisasjoner og kirkesamfunn stod bak det som ble det st\u00f8rste tverrkirkelige arrangementet i Norge p\u00e5 over 20 \u00e5r. M\u00e5let var \u00e5 skape en bevegelse, hvor unge mennesker ble kalt til \u00e5 f\u00f8lge Jesus helhjertet (all in) og si ja til tjeneste (wherever &amp; whenever) [&hellip;]\" \/>\n<meta property=\"og:url\" content=\"https:\/\/acta.no\/agder\/2023\/04\/03\/the-send-local-kristiansand-27-mai\/\" \/>\n<meta property=\"og:site_name\" content=\"Acta Region Agder\" \/>\n<meta property=\"article:published_time\" content=\"2023-04-03T08:55:48+00:00\" \/>\n<meta property=\"article:modified_time\" content=\"2023-04-26T20:37:27+00:00\" \/>\n<meta property=\"og:image\" content=\"https:\/\/www.normisjon.no\/content\/uploads\/sites\/27\/2023\/04\/322711599_556215013030685_3370879603762979859_n.jpg\" \/>\n\t<meta property=\"og:image:width\" content=\"1440\" \/>\n\t<meta property=\"og:image:height\" content=\"1792\" \/>\n\t<meta property=\"og:image:type\" content=\"image\/jpeg\" \/>\n<meta name=\"author\" content=\"Heidi Owesen Roland\" \/>\n<meta name=\"twitter:card\" content=\"summary_large_image\" \/>\n<meta name=\"twitter:label1\" content=\"Skrevet av\" \/>\n\t<meta name=\"twitter:data1\" content=\"Heidi Owesen Roland\" \/>\n\t<meta name=\"twitter:label2\" content=\"Ansl. lesetid\" \/>\n\t<meta name=\"twitter:data2\" content=\"2 minutter\" \/>\n<script type=\"application\/ld+json\" class=\"yoast-schema-graph\">{\"@context\":\"https:\/\/schema.org\",\"@graph\":[{\"@type\":\"WebPage\",\"@id\":\"https:\/\/acta.no\/agder\/2023\/04\/03\/the-send-local-kristiansand-27-mai\/\",\"url\":\"https:\/\/acta.no\/agder\/2023\/04\/03\/the-send-local-kristiansand-27-mai\/\",\"name\":\"The Send Local - Kristiansand 27.mai - Acta Region Agder\",\"isPartOf\":{\"@id\":\"https:\/\/acta.no\/agder\/#website\"},\"primaryImageOfPage\":{\"@id\":\"https:\/\/acta.no\/agder\/2023\/04\/03\/the-send-local-kristiansand-27-mai\/#primaryimage\"},\"image\":{\"@id\":\"https:\/\/acta.no\/agder\/2023\/04\/03\/the-send-local-kristiansand-27-mai\/#primaryimage\"},\"thumbnailUrl\":\"https:\/\/www.normisjon.no\/content\/uploads\/sites\/27\/2023\/04\/322711599_556215013030685_3370879603762979859_n-823x1024.jpg\",\"datePublished\":\"2023-04-03T08:55:48+00:00\",\"dateModified\":\"2023-04-26T20:37:27+00:00\",\"author\":{\"@id\":\"https:\/\/acta.no\/agder\/#\/schema\/person\/4402cbf852f507e801b7c93a150a7f9b\"},\"breadcrumb\":{\"@id\":\"https:\/\/acta.no\/agder\/2023\/04\/03\/the-send-local-kristiansand-27-mai\/#breadcrumb\"},\"inLanguage\":\"nb-NO\",\"potentialAction\":[{\"@type\":\"ReadAction\",\"target\":[\"https:\/\/acta.no\/agder\/2023\/04\/03\/the-send-local-kristiansand-27-mai\/\"]}]},{\"@type\":\"ImageObject\",\"inLanguage\":\"nb-NO\",\"@id\":\"https:\/\/acta.no\/agder\/2023\/04\/03\/the-send-local-kristiansand-27-mai\/#primaryimage\",\"url\":\"https:\/\/www.normisjon.no\/content\/uploads\/sites\/27\/2023\/04\/322711599_556215013030685_3370879603762979859_n-823x1024.jpg\",\"contentUrl\":\"https:\/\/www.normisjon.no\/content\/uploads\/sites\/27\/2023\/04\/322711599_556215013030685_3370879603762979859_n-823x1024.jpg\"},{\"@type\":\"BreadcrumbList\",\"@id\":\"https:\/\/acta.no\/agder\/2023\/04\/03\/the-send-local-kristiansand-27-mai\/#breadcrumb\",\"itemListElement\":[{\"@type\":\"ListItem\",\"position\":1,\"name\":\"Til acta.no\",\"item\":\"https:\/\/acta.no\/\"},{\"@type\":\"ListItem\",\"position\":2,\"name\":\"Region Agder\",\"item\":\"https:\/\/acta.no\/agder\/\"},{\"@type\":\"ListItem\",\"position\":3,\"name\":\"The Send Local &#8211; Kristiansand 27.mai\"}]},{\"@type\":\"WebSite\",\"@id\":\"https:\/\/acta.no\/agder\/#website\",\"url\":\"https:\/\/acta.no\/agder\/\",\"name\":\"Acta Region Agder\",\"description\":\"Agder\",\"potentialAction\":[{\"@type\":\"SearchAction\",\"target\":{\"@type\":\"EntryPoint\",\"urlTemplate\":\"https:\/\/acta.no\/agder\/?s={search_term_string}\"},\"query-input\":{\"@type\":\"PropertyValueSpecification\",\"valueRequired\":true,\"valueName\":\"search_term_string\"}}],\"inLanguage\":\"nb-NO\"},{\"@type\":\"Person\",\"@id\":\"https:\/\/acta.no\/agder\/#\/schema\/person\/4402cbf852f507e801b7c93a150a7f9b\",\"name\":\"Heidi Owesen Roland\",\"image\":{\"@type\":\"ImageObject\",\"inLanguage\":\"nb-NO\",\"@id\":\"https:\/\/acta.no\/agder\/#\/schema\/person\/image\/\",\"url\":\"https:\/\/secure.gravatar.com\/avatar\/73e9ce411d817ace0a4f509642e616c62aa7379f85b3b4c193446419be9b5532?s=96&d=mm&r=g\",\"contentUrl\":\"https:\/\/secure.gravatar.com\/avatar\/73e9ce411d817ace0a4f509642e616c62aa7379f85b3b4c193446419be9b5532?s=96&d=mm&r=g\",\"caption\":\"Heidi Owesen Roland\"}}]}<\/script>\n<!-- \/ Yoast SEO plugin. -->","yoast_head_json":{"title":"The Send Local - Kristiansand 27.mai - Acta Region Agder","robots":{"index":"index","follow":"follow","max-snippet":"max-snippet:-1","max-image-preview":"max-image-preview:large","max-video-preview":"max-video-preview:-1"},"canonical":"https:\/\/acta.no\/agder\/2023\/04\/03\/the-send-local-kristiansand-27-mai\/","og_locale":"nb_NO","og_type":"article","og_title":"The Send Local - Kristiansand 27.mai - Acta Region Agder","og_description":"The Send ble arrangert i Telenor Arena den 25.juni 2022. 29 organisasjoner og kirkesamfunn stod bak det som ble det st\u00f8rste tverrkirkelige arrangementet i Norge p\u00e5 over 20 \u00e5r. M\u00e5let var \u00e5 skape en bevegelse, hvor unge mennesker ble kalt til \u00e5 f\u00f8lge Jesus helhjertet (all in) og si ja til tjeneste (wherever &amp; whenever) [&hellip;]","og_url":"https:\/\/acta.no\/agder\/2023\/04\/03\/the-send-local-kristiansand-27-mai\/","og_site_name":"Acta Region Agder","article_published_time":"2023-04-03T08:55:48+00:00","article_modified_time":"2023-04-26T20:37:27+00:00","og_image":[{"width":1440,"height":1792,"url":"https:\/\/www.normisjon.no\/content\/uploads\/sites\/27\/2023\/04\/322711599_556215013030685_3370879603762979859_n.jpg","type":"image\/jpeg"}],"author":"Heidi Owesen Roland","twitter_card":"summary_large_image","twitter_misc":{"Skrevet av":"Heidi Owesen Roland","Ansl. lesetid":"2 minutter"},"schema":{"@context":"https:\/\/schema.org","@graph":[{"@type":"WebPage","@id":"https:\/\/acta.no\/agder\/2023\/04\/03\/the-send-local-kristiansand-27-mai\/","url":"https:\/\/acta.no\/agder\/2023\/04\/03\/the-send-local-kristiansand-27-mai\/","name":"The Send Local - Kristiansand 27.mai - Acta Region Agder","isPartOf":{"@id":"https:\/\/acta.no\/agder\/#website"},"primaryImageOfPage":{"@id":"https:\/\/acta.no\/agder\/2023\/04\/03\/the-send-local-kristiansand-27-mai\/#primaryimage"},"image":{"@id":"https:\/\/acta.no\/agder\/2023\/04\/03\/the-send-local-kristiansand-27-mai\/#primaryimage"},"thumbnailUrl":"https:\/\/www.normisjon.no\/content\/uploads\/sites\/27\/2023\/04\/322711599_556215013030685_3370879603762979859_n-823x1024.jpg","datePublished":"2023-04-03T08:55:48+00:00","dateModified":"2023-04-26T20:37:27+00:00","author":{"@id":"https:\/\/acta.no\/agder\/#\/schema\/person\/4402cbf852f507e801b7c93a150a7f9b"},"breadcrumb":{"@id":"https:\/\/acta.no\/agder\/2023\/04\/03\/the-send-local-kristiansand-27-mai\/#breadcrumb"},"inLanguage":"nb-NO","potentialAction":[{"@type":"ReadAction","target":["https:\/\/acta.no\/agder\/2023\/04\/03\/the-send-local-kristiansand-27-mai\/"]}]},{"@type":"ImageObject","inLanguage":"nb-NO","@id":"https:\/\/acta.no\/agder\/2023\/04\/03\/the-send-local-kristiansand-27-mai\/#primaryimage","url":"https:\/\/www.normisjon.no\/content\/uploads\/sites\/27\/2023\/04\/322711599_556215013030685_3370879603762979859_n-823x1024.jpg","contentUrl":"https:\/\/www.normisjon.no\/content\/uploads\/sites\/27\/2023\/04\/322711599_556215013030685_3370879603762979859_n-823x1024.jpg"},{"@type":"BreadcrumbList","@id":"https:\/\/acta.no\/agder\/2023\/04\/03\/the-send-local-kristiansand-27-mai\/#breadcrumb","itemListElement":[{"@type":"ListItem","position":1,"name":"Til acta.no","item":"https:\/\/acta.no\/"},{"@type":"ListItem","position":2,"name":"Region Agder","item":"https:\/\/acta.no\/agder\/"},{"@type":"ListItem","position":3,"name":"The Send Local &#8211; Kristiansand 27.mai"}]},{"@type":"WebSite","@id":"https:\/\/acta.no\/agder\/#website","url":"https:\/\/acta.no\/agder\/","name":"Acta Region Agder","description":"Agder","potentialAction":[{"@type":"SearchAction","target":{"@type":"EntryPoint","urlTemplate":"https:\/\/acta.no\/agder\/?s={search_term_string}"},"query-input":{"@type":"PropertyValueSpecification","valueRequired":true,"valueName":"search_term_string"}}],"inLanguage":"nb-NO"},{"@type":"Person","@id":"https:\/\/acta.no\/agder\/#\/schema\/person\/4402cbf852f507e801b7c93a150a7f9b","name":"Heidi Owesen Roland","image":{"@type":"ImageObject","inLanguage":"nb-NO","@id":"https:\/\/acta.no\/agder\/#\/schema\/person\/image\/","url":"https:\/\/secure.gravatar.com\/avatar\/73e9ce411d817ace0a4f509642e616c62aa7379f85b3b4c193446419be9b5532?s=96&d=mm&r=g","contentUrl":"https:\/\/secure.gravatar.com\/avatar\/73e9ce411d817ace0a4f509642e616c62aa7379f85b3b4c193446419be9b5532?s=96&d=mm&r=g","caption":"Heidi Owesen Roland"}}]}},"_links":{"self":[{"href":"https:\/\/acta.no\/agder\/wp-json\/wp\/v2\/posts\/813","targetHints":{"allow":["GET"]}}],"collection":[{"href":"https:\/\/acta.no\/agder\/wp-json\/wp\/v2\/posts"}],"about":[{"href":"https:\/\/acta.no\/agder\/wp-json\/wp\/v2\/types\/post"}],"author":[{"embeddable":true,"href":"https:\/\/acta.no\/agder\/wp-json\/wp\/v2\/users\/119"}],"replies":[{"embeddable":true,"href":"https:\/\/acta.no\/agder\/wp-json\/wp\/v2\/comments?post=813"}],"version-history":[{"count":9,"href":"https:\/\/acta.no\/agder\/wp-json\/wp\/v2\/posts\/813\/revisions"}],"predecessor-version":[{"id":828,"href":"https:\/\/acta.no\/agder\/wp-json\/wp\/v2\/posts\/813\/revisions\/828"}],"wp:attachment":[{"href":"https:\/\/acta.no\/agder\/wp-json\/wp\/v2\/media?parent=813"}],"wp:term":[{"taxonomy":"category","embeddable":true,"href":"https:\/\/acta.no\/agder\/wp-json\/wp\/v2\/categories?post=813"},{"taxonomy":"post_tag","embeddable":true,"href":"https:\/\/acta.no\/agder\/wp-json\/wp\/v2\/tags?post=813"}],"curies":[{"name":"wp","href":"https:\/\/api.w.org\/{rel}","templated":true}]}}