{"id":790,"date":"2023-03-29T08:44:01","date_gmt":"2023-03-29T08:44:01","guid":{"rendered":"https:\/\/acta.no\/agder\/?p=790"},"modified":"2023-04-19T10:06:49","modified_gmt":"2023-04-19T10:06:49","slug":"sommerleirer-2023","status":"publish","type":"post","link":"https:\/\/acta.no\/agder\/2023\/03\/29\/sommerleirer-2023\/","title":{"rendered":"Sommerleirer 2023"},"content":{"rendered":"<div class=\"gutenberg-content\">\n<p><\/p>\n\n\n\n<figure class=\"wp-block-image size-large is-resized\"><img loading=\"lazy\" decoding=\"async\" src=\"https:\/\/www.normisjon.no\/content\/uploads\/sites\/27\/2023\/03\/Sommerleir-1-1024x726.jpeg\" alt=\"\" class=\"wp-image-791\" width=\"644\" height=\"456\" srcset=\"https:\/\/www.normisjon.no\/content\/uploads\/sites\/27\/2023\/03\/Sommerleir-1-1024x726.jpeg 1024w, https:\/\/www.normisjon.no\/content\/uploads\/sites\/27\/2023\/03\/Sommerleir-1-300x213.jpeg 300w, https:\/\/www.normisjon.no\/content\/uploads\/sites\/27\/2023\/03\/Sommerleir-1-768x545.jpeg 768w, https:\/\/www.normisjon.no\/content\/uploads\/sites\/27\/2023\/03\/Sommerleir-1-1536x1090.jpeg 1536w, https:\/\/www.normisjon.no\/content\/uploads\/sites\/27\/2023\/03\/Sommerleir-1-1360x965.jpeg 1360w, https:\/\/www.normisjon.no\/content\/uploads\/sites\/27\/2023\/03\/Sommerleir-1-960x681.jpeg 960w, https:\/\/www.normisjon.no\/content\/uploads\/sites\/27\/2023\/03\/Sommerleir-1.jpeg 1748w\" sizes=\"auto, (max-width: 644px) 100vw, 644px\" \/><\/figure>\n\n\n\n<p>Sommerleirene n\u00e6rmer seg og vi gleder oss.<\/p>\n\n\n\n<p>For p\u00e5melding trykk <a href=\"https:\/\/www.checkin.no\/search?q=Acta+agder\" target=\"_blank\" rel=\"noreferrer noopener\">her<\/a>.<\/p>\n\n\n\n<p> 9.-11.juni, 1.-4.klasse p\u00e5 Fredheim leirsted<\/p>\n\n\n\n<p>16.-18.juni, 4.-7.klasse, Teltleir p\u00e5 Bibelskolen. <\/p>\n\n\n\n<figure class=\"wp-block-image size-large is-resized\"><img loading=\"lazy\" decoding=\"async\" src=\"https:\/\/www.normisjon.no\/content\/uploads\/sites\/27\/2023\/03\/Image-1024x726.jpeg\" alt=\"\" class=\"wp-image-792\" width=\"642\" height=\"455\"\/><\/figure>\n<\/div>","protected":false},"excerpt":{"rendered":"<p>Sommerleirene n\u00e6rmer seg og vi gleder oss. For p\u00e5melding trykk her. 9.-11.juni, 1.-4.klasse p\u00e5 Fredheim leirsted 16.-18.juni, 4.-7.klasse, Teltleir p\u00e5 Bibelskolen.<\/p>\n","protected":false},"author":118,"featured_media":806,"comment_status":"closed","ping_status":"closed","sticky":false,"template":"","format":"standard","meta":{"_acf_changed":false,"footnotes":""},"categories":[1],"tags":[],"class_list":["post-790","post","type-post","status-publish","format-standard","has-post-thumbnail","hentry","category-uncategorized"],"acf":[],"yoast_head":"<!-- This site is optimized with the Yoast SEO plugin v25.9 - https:\/\/yoast.com\/wordpress\/plugins\/seo\/ -->\n<title>Sommerleirer 2023 - Acta Region Agder<\/title>\n<meta name=\"robots\" content=\"index, follow, max-snippet:-1, max-image-preview:large, max-video-preview:-1\" \/>\n<link rel=\"canonical\" href=\"https:\/\/acta.no\/agder\/2023\/03\/29\/sommerleirer-2023\/\" \/>\n<meta property=\"og:locale\" content=\"nb_NO\" \/>\n<meta property=\"og:type\" content=\"article\" \/>\n<meta property=\"og:title\" content=\"Sommerleirer 2023 - Acta Region Agder\" \/>\n<meta property=\"og:description\" content=\"Sommerleirene n\u00e6rmer seg og vi gleder oss. For p\u00e5melding trykk her. 9.-11.juni, 1.-4.klasse p\u00e5 Fredheim leirsted 16.-18.juni, 4.-7.klasse, Teltleir p\u00e5 Bibelskolen.\" \/>\n<meta property=\"og:url\" content=\"https:\/\/acta.no\/agder\/2023\/03\/29\/sommerleirer-2023\/\" \/>\n<meta property=\"og:site_name\" content=\"Acta Region Agder\" \/>\n<meta property=\"article:published_time\" content=\"2023-03-29T08:44:01+00:00\" \/>\n<meta property=\"article:modified_time\" content=\"2023-04-19T10:06:49+00:00\" \/>\n<meta property=\"og:image\" content=\"https:\/\/www.normisjon.no\/content\/uploads\/sites\/27\/2023\/03\/forside-hjemmeside-1024x726.png\" \/>\n\t<meta property=\"og:image:width\" content=\"1024\" \/>\n\t<meta property=\"og:image:height\" content=\"726\" \/>\n\t<meta property=\"og:image:type\" content=\"image\/png\" \/>\n<meta name=\"author\" content=\"elisabethdordal\" \/>\n<meta name=\"twitter:card\" content=\"summary_large_image\" \/>\n<meta name=\"twitter:label1\" content=\"Skrevet av\" \/>\n\t<meta name=\"twitter:data1\" content=\"elisabethdordal\" \/>\n\t<meta name=\"twitter:label2\" content=\"Ansl. lesetid\" \/>\n\t<meta name=\"twitter:data2\" content=\"1 minutt\" \/>\n<script type=\"application\/ld+json\" class=\"yoast-schema-graph\">{\"@context\":\"https:\/\/schema.org\",\"@graph\":[{\"@type\":\"WebPage\",\"@id\":\"https:\/\/acta.no\/agder\/2023\/03\/29\/sommerleirer-2023\/\",\"url\":\"https:\/\/acta.no\/agder\/2023\/03\/29\/sommerleirer-2023\/\",\"name\":\"Sommerleirer 2023 - Acta Region Agder\",\"isPartOf\":{\"@id\":\"https:\/\/acta.no\/agder\/#website\"},\"primaryImageOfPage\":{\"@id\":\"https:\/\/acta.no\/agder\/2023\/03\/29\/sommerleirer-2023\/#primaryimage\"},\"image\":{\"@id\":\"https:\/\/acta.no\/agder\/2023\/03\/29\/sommerleirer-2023\/#primaryimage\"},\"thumbnailUrl\":\"https:\/\/www.normisjon.no\/content\/uploads\/sites\/27\/2023\/03\/forside-hjemmeside.png\",\"datePublished\":\"2023-03-29T08:44:01+00:00\",\"dateModified\":\"2023-04-19T10:06:49+00:00\",\"author\":{\"@id\":\"https:\/\/acta.no\/agder\/#\/schema\/person\/3cb3be49d56aa1f77735e31562356c61\"},\"breadcrumb\":{\"@id\":\"https:\/\/acta.no\/agder\/2023\/03\/29\/sommerleirer-2023\/#breadcrumb\"},\"inLanguage\":\"nb-NO\",\"potentialAction\":[{\"@type\":\"ReadAction\",\"target\":[\"https:\/\/acta.no\/agder\/2023\/03\/29\/sommerleirer-2023\/\"]}]},{\"@type\":\"ImageObject\",\"inLanguage\":\"nb-NO\",\"@id\":\"https:\/\/acta.no\/agder\/2023\/03\/29\/sommerleirer-2023\/#primaryimage\",\"url\":\"https:\/\/www.normisjon.no\/content\/uploads\/sites\/27\/2023\/03\/forside-hjemmeside.png\",\"contentUrl\":\"https:\/\/www.normisjon.no\/content\/uploads\/sites\/27\/2023\/03\/forside-hjemmeside.png\",\"width\":1748,\"height\":1240},{\"@type\":\"BreadcrumbList\",\"@id\":\"https:\/\/acta.no\/agder\/2023\/03\/29\/sommerleirer-2023\/#breadcrumb\",\"itemListElement\":[{\"@type\":\"ListItem\",\"position\":1,\"name\":\"Til acta.no\",\"item\":\"https:\/\/acta.no\/\"},{\"@type\":\"ListItem\",\"position\":2,\"name\":\"Region Agder\",\"item\":\"https:\/\/acta.no\/agder\/\"},{\"@type\":\"ListItem\",\"position\":3,\"name\":\"Sommerleirer 2023\"}]},{\"@type\":\"WebSite\",\"@id\":\"https:\/\/acta.no\/agder\/#website\",\"url\":\"https:\/\/acta.no\/agder\/\",\"name\":\"Acta Region Agder\",\"description\":\"Agder\",\"potentialAction\":[{\"@type\":\"SearchAction\",\"target\":{\"@type\":\"EntryPoint\",\"urlTemplate\":\"https:\/\/acta.no\/agder\/?s={search_term_string}\"},\"query-input\":{\"@type\":\"PropertyValueSpecification\",\"valueRequired\":true,\"valueName\":\"search_term_string\"}}],\"inLanguage\":\"nb-NO\"},{\"@type\":\"Person\",\"@id\":\"https:\/\/acta.no\/agder\/#\/schema\/person\/3cb3be49d56aa1f77735e31562356c61\",\"name\":\"elisabethdordal\",\"image\":{\"@type\":\"ImageObject\",\"inLanguage\":\"nb-NO\",\"@id\":\"https:\/\/acta.no\/agder\/#\/schema\/person\/image\/\",\"url\":\"https:\/\/secure.gravatar.com\/avatar\/39e04db598837167a077a029534eebac64564d53032cb08d13d567a323ace4f4?s=96&d=mm&r=g\",\"contentUrl\":\"https:\/\/secure.gravatar.com\/avatar\/39e04db598837167a077a029534eebac64564d53032cb08d13d567a323ace4f4?s=96&d=mm&r=g\",\"caption\":\"elisabethdordal\"}}]}<\/script>\n<!-- \/ Yoast SEO plugin. -->","yoast_head_json":{"title":"Sommerleirer 2023 - Acta Region Agder","robots":{"index":"index","follow":"follow","max-snippet":"max-snippet:-1","max-image-preview":"max-image-preview:large","max-video-preview":"max-video-preview:-1"},"canonical":"https:\/\/acta.no\/agder\/2023\/03\/29\/sommerleirer-2023\/","og_locale":"nb_NO","og_type":"article","og_title":"Sommerleirer 2023 - Acta Region Agder","og_description":"Sommerleirene n\u00e6rmer seg og vi gleder oss. For p\u00e5melding trykk her. 9.-11.juni, 1.-4.klasse p\u00e5 Fredheim leirsted 16.-18.juni, 4.-7.klasse, Teltleir p\u00e5 Bibelskolen.","og_url":"https:\/\/acta.no\/agder\/2023\/03\/29\/sommerleirer-2023\/","og_site_name":"Acta Region Agder","article_published_time":"2023-03-29T08:44:01+00:00","article_modified_time":"2023-04-19T10:06:49+00:00","og_image":[{"width":1024,"height":726,"url":"https:\/\/www.normisjon.no\/content\/uploads\/sites\/27\/2023\/03\/forside-hjemmeside-1024x726.png","type":"image\/png"}],"author":"elisabethdordal","twitter_card":"summary_large_image","twitter_misc":{"Skrevet av":"elisabethdordal","Ansl. lesetid":"1 minutt"},"schema":{"@context":"https:\/\/schema.org","@graph":[{"@type":"WebPage","@id":"https:\/\/acta.no\/agder\/2023\/03\/29\/sommerleirer-2023\/","url":"https:\/\/acta.no\/agder\/2023\/03\/29\/sommerleirer-2023\/","name":"Sommerleirer 2023 - Acta Region Agder","isPartOf":{"@id":"https:\/\/acta.no\/agder\/#website"},"primaryImageOfPage":{"@id":"https:\/\/acta.no\/agder\/2023\/03\/29\/sommerleirer-2023\/#primaryimage"},"image":{"@id":"https:\/\/acta.no\/agder\/2023\/03\/29\/sommerleirer-2023\/#primaryimage"},"thumbnailUrl":"https:\/\/www.normisjon.no\/content\/uploads\/sites\/27\/2023\/03\/forside-hjemmeside.png","datePublished":"2023-03-29T08:44:01+00:00","dateModified":"2023-04-19T10:06:49+00:00","author":{"@id":"https:\/\/acta.no\/agder\/#\/schema\/person\/3cb3be49d56aa1f77735e31562356c61"},"breadcrumb":{"@id":"https:\/\/acta.no\/agder\/2023\/03\/29\/sommerleirer-2023\/#breadcrumb"},"inLanguage":"nb-NO","potentialAction":[{"@type":"ReadAction","target":["https:\/\/acta.no\/agder\/2023\/03\/29\/sommerleirer-2023\/"]}]},{"@type":"ImageObject","inLanguage":"nb-NO","@id":"https:\/\/acta.no\/agder\/2023\/03\/29\/sommerleirer-2023\/#primaryimage","url":"https:\/\/www.normisjon.no\/content\/uploads\/sites\/27\/2023\/03\/forside-hjemmeside.png","contentUrl":"https:\/\/www.normisjon.no\/content\/uploads\/sites\/27\/2023\/03\/forside-hjemmeside.png","width":1748,"height":1240},{"@type":"BreadcrumbList","@id":"https:\/\/acta.no\/agder\/2023\/03\/29\/sommerleirer-2023\/#breadcrumb","itemListElement":[{"@type":"ListItem","position":1,"name":"Til acta.no","item":"https:\/\/acta.no\/"},{"@type":"ListItem","position":2,"name":"Region Agder","item":"https:\/\/acta.no\/agder\/"},{"@type":"ListItem","position":3,"name":"Sommerleirer 2023"}]},{"@type":"WebSite","@id":"https:\/\/acta.no\/agder\/#website","url":"https:\/\/acta.no\/agder\/","name":"Acta Region Agder","description":"Agder","potentialAction":[{"@type":"SearchAction","target":{"@type":"EntryPoint","urlTemplate":"https:\/\/acta.no\/agder\/?s={search_term_string}"},"query-input":{"@type":"PropertyValueSpecification","valueRequired":true,"valueName":"search_term_string"}}],"inLanguage":"nb-NO"},{"@type":"Person","@id":"https:\/\/acta.no\/agder\/#\/schema\/person\/3cb3be49d56aa1f77735e31562356c61","name":"elisabethdordal","image":{"@type":"ImageObject","inLanguage":"nb-NO","@id":"https:\/\/acta.no\/agder\/#\/schema\/person\/image\/","url":"https:\/\/secure.gravatar.com\/avatar\/39e04db598837167a077a029534eebac64564d53032cb08d13d567a323ace4f4?s=96&d=mm&r=g","contentUrl":"https:\/\/secure.gravatar.com\/avatar\/39e04db598837167a077a029534eebac64564d53032cb08d13d567a323ace4f4?s=96&d=mm&r=g","caption":"elisabethdordal"}}]}},"_links":{"self":[{"href":"https:\/\/acta.no\/agder\/wp-json\/wp\/v2\/posts\/790","targetHints":{"allow":["GET"]}}],"collection":[{"href":"https:\/\/acta.no\/agder\/wp-json\/wp\/v2\/posts"}],"about":[{"href":"https:\/\/acta.no\/agder\/wp-json\/wp\/v2\/types\/post"}],"author":[{"embeddable":true,"href":"https:\/\/acta.no\/agder\/wp-json\/wp\/v2\/users\/118"}],"replies":[{"embeddable":true,"href":"https:\/\/acta.no\/agder\/wp-json\/wp\/v2\/comments?post=790"}],"version-history":[{"count":15,"href":"https:\/\/acta.no\/agder\/wp-json\/wp\/v2\/posts\/790\/revisions"}],"predecessor-version":[{"id":826,"href":"https:\/\/acta.no\/agder\/wp-json\/wp\/v2\/posts\/790\/revisions\/826"}],"wp:featuredmedia":[{"embeddable":true,"href":"https:\/\/acta.no\/agder\/wp-json\/wp\/v2\/media\/806"}],"wp:attachment":[{"href":"https:\/\/acta.no\/agder\/wp-json\/wp\/v2\/media?parent=790"}],"wp:term":[{"taxonomy":"category","embeddable":true,"href":"https:\/\/acta.no\/agder\/wp-json\/wp\/v2\/categories?post=790"},{"taxonomy":"post_tag","embeddable":true,"href":"https:\/\/acta.no\/agder\/wp-json\/wp\/v2\/tags?post=790"}],"curies":[{"name":"wp","href":"https:\/\/api.w.org\/{rel}","templated":true}]}}