{"id":499,"date":"2022-12-08T09:17:29","date_gmt":"2022-12-08T09:17:29","guid":{"rendered":"https:\/\/acta.no\/agder\/?p=499"},"modified":"2022-12-16T13:03:21","modified_gmt":"2022-12-16T13:03:21","slug":"leir-pa-en-dag","status":"publish","type":"post","link":"https:\/\/acta.no\/agder\/2022\/12\/08\/leir-pa-en-dag\/","title":{"rendered":"Leir p\u00e5 en dag"},"content":{"rendered":"<div class=\"gutenberg-content\">\n<p>Vi inviterer flerkulturelle kristne til et arrangement for \u00e5 vite mer om hvordan det er \u00e5 v\u00e6re p\u00e5 leir. Det blir fokus p\u00e5 Bibel og Jesus, aktiviteter, leker,\u00a0god mat og informasjon.<\/p>\n\n\n\n<h2 class=\"wp-block-heading\">Hvor og n\u00e5r?<\/h2>\n\n\n\n<p><strong>Hvor:<\/strong> Fredheim leirsted p\u00e5 Oggevatn<\/p>\n\n\n\n<p><strong>N\u00e5r:<\/strong> L\u00f8rdag 11.februar<\/p>\n\n\n\n<p><strong>Pris:<\/strong> Gratis<\/p>\n\n\n\n<p><strong>Hvem: <\/strong>Foreldre og barn<\/p>\n\n\n\n<p><\/p>\n\n\n\n<h2 class=\"wp-block-heading\"><strong>P\u00e5melding til:<\/strong>&nbsp;<\/h2>\n\n\n\n<p>Santiago Valdez,&nbsp;<\/p>\n\n\n\n<p>45 80 42 46, epost: santivaldez@gmail.com&nbsp;<\/p>\n\n\n\n<p>innen 1.februar 2023<\/p>\n\n\n\n<figure class=\"wp-block-image size-full\"><img loading=\"lazy\" decoding=\"async\" width=\"950\" height=\"665\" src=\"https:\/\/www.normisjon.no\/content\/uploads\/sites\/27\/2022\/12\/fredheim.jpg\" alt=\"\" class=\"wp-image-502\" srcset=\"https:\/\/www.normisjon.no\/content\/uploads\/sites\/27\/2022\/12\/fredheim.jpg 950w, https:\/\/www.normisjon.no\/content\/uploads\/sites\/27\/2022\/12\/fredheim-300x210.jpg 300w, https:\/\/www.normisjon.no\/content\/uploads\/sites\/27\/2022\/12\/fredheim-768x538.jpg 768w\" sizes=\"auto, (max-width: 950px) 100vw, 950px\" \/><figcaption>Velkommen til Fredheim leirsted 11.2.23<\/figcaption><\/figure>\n\n\n\n<p>Prosjektet er utviklet med st\u00f8tte fra <a href=\"https:\/\/kirken.no\/kirkeradet\">Den norske kirke &#8211; Kirker\u00e5det<\/a>.<\/p>\n<\/div>","protected":false},"excerpt":{"rendered":"<p>Vi inviterer flerkulturelle kristne til et arrangement for \u00e5 vite mer om hvordan det er \u00e5 v\u00e6re p\u00e5 leir. Det blir fokus p\u00e5 Bibel og Jesus, aktiviteter, leker,\u00a0god mat og informasjon. Hvor og n\u00e5r? Hvor: Fredheim leirsted p\u00e5 Oggevatn N\u00e5r: L\u00f8rdag 11.februar Pris: Gratis Hvem: Foreldre og barn P\u00e5melding til:&nbsp; Santiago Valdez,&nbsp; 45 80 42 [&hellip;]<\/p>\n","protected":false},"author":108,"featured_media":501,"comment_status":"closed","ping_status":"closed","sticky":false,"template":"","format":"standard","meta":{"_acf_changed":false,"footnotes":""},"categories":[1],"tags":[],"class_list":["post-499","post","type-post","status-publish","format-standard","has-post-thumbnail","hentry","category-uncategorized"],"acf":[],"yoast_head":"<!-- This site is optimized with the Yoast SEO plugin v25.9 - https:\/\/yoast.com\/wordpress\/plugins\/seo\/ -->\n<title>Leir p\u00e5 en dag - Acta Region Agder<\/title>\n<meta name=\"robots\" content=\"index, follow, max-snippet:-1, max-image-preview:large, max-video-preview:-1\" \/>\n<link rel=\"canonical\" href=\"https:\/\/acta.no\/agder\/2022\/12\/08\/leir-pa-en-dag\/\" \/>\n<meta property=\"og:locale\" content=\"nb_NO\" \/>\n<meta property=\"og:type\" content=\"article\" \/>\n<meta property=\"og:title\" content=\"Leir p\u00e5 en dag - Acta Region Agder\" \/>\n<meta property=\"og:description\" content=\"Vi inviterer flerkulturelle kristne til et arrangement for \u00e5 vite mer om hvordan det er \u00e5 v\u00e6re p\u00e5 leir. Det blir fokus p\u00e5 Bibel og Jesus, aktiviteter, leker,\u00a0god mat og informasjon. Hvor og n\u00e5r? Hvor: Fredheim leirsted p\u00e5 Oggevatn N\u00e5r: L\u00f8rdag 11.februar Pris: Gratis Hvem: Foreldre og barn P\u00e5melding til:&nbsp; Santiago Valdez,&nbsp; 45 80 42 [&hellip;]\" \/>\n<meta property=\"og:url\" content=\"https:\/\/acta.no\/agder\/2022\/12\/08\/leir-pa-en-dag\/\" \/>\n<meta property=\"og:site_name\" content=\"Acta Region Agder\" \/>\n<meta property=\"article:published_time\" content=\"2022-12-08T09:17:29+00:00\" \/>\n<meta property=\"article:modified_time\" content=\"2022-12-16T13:03:21+00:00\" \/>\n<meta property=\"og:image\" content=\"https:\/\/www.normisjon.no\/content\/uploads\/sites\/27\/2022\/12\/Santi-e1670490985736.jpg\" \/>\n\t<meta property=\"og:image:width\" content=\"1798\" \/>\n\t<meta property=\"og:image:height\" content=\"1312\" \/>\n\t<meta property=\"og:image:type\" content=\"image\/jpeg\" \/>\n<meta name=\"author\" content=\"Kristian Nesbu Vatne\" \/>\n<meta name=\"twitter:card\" content=\"summary_large_image\" \/>\n<meta name=\"twitter:label1\" content=\"Skrevet av\" \/>\n\t<meta name=\"twitter:data1\" content=\"Kristian Nesbu Vatne\" \/>\n\t<meta name=\"twitter:label2\" content=\"Ansl. lesetid\" \/>\n\t<meta name=\"twitter:data2\" content=\"1 minutt\" \/>\n<script type=\"application\/ld+json\" class=\"yoast-schema-graph\">{\"@context\":\"https:\/\/schema.org\",\"@graph\":[{\"@type\":\"WebPage\",\"@id\":\"https:\/\/acta.no\/agder\/2022\/12\/08\/leir-pa-en-dag\/\",\"url\":\"https:\/\/acta.no\/agder\/2022\/12\/08\/leir-pa-en-dag\/\",\"name\":\"Leir p\u00e5 en dag - Acta Region Agder\",\"isPartOf\":{\"@id\":\"https:\/\/acta.no\/agder\/#website\"},\"primaryImageOfPage\":{\"@id\":\"https:\/\/acta.no\/agder\/2022\/12\/08\/leir-pa-en-dag\/#primaryimage\"},\"image\":{\"@id\":\"https:\/\/acta.no\/agder\/2022\/12\/08\/leir-pa-en-dag\/#primaryimage\"},\"thumbnailUrl\":\"https:\/\/www.normisjon.no\/content\/uploads\/sites\/27\/2022\/12\/Santi-e1670490985736.jpg\",\"datePublished\":\"2022-12-08T09:17:29+00:00\",\"dateModified\":\"2022-12-16T13:03:21+00:00\",\"author\":{\"@id\":\"https:\/\/acta.no\/agder\/#\/schema\/person\/eec3621bae488be8f7f670c469ffcd4a\"},\"breadcrumb\":{\"@id\":\"https:\/\/acta.no\/agder\/2022\/12\/08\/leir-pa-en-dag\/#breadcrumb\"},\"inLanguage\":\"nb-NO\",\"potentialAction\":[{\"@type\":\"ReadAction\",\"target\":[\"https:\/\/acta.no\/agder\/2022\/12\/08\/leir-pa-en-dag\/\"]}]},{\"@type\":\"ImageObject\",\"inLanguage\":\"nb-NO\",\"@id\":\"https:\/\/acta.no\/agder\/2022\/12\/08\/leir-pa-en-dag\/#primaryimage\",\"url\":\"https:\/\/www.normisjon.no\/content\/uploads\/sites\/27\/2022\/12\/Santi-e1670490985736.jpg\",\"contentUrl\":\"https:\/\/www.normisjon.no\/content\/uploads\/sites\/27\/2022\/12\/Santi-e1670490985736.jpg\",\"width\":1798,\"height\":1312},{\"@type\":\"BreadcrumbList\",\"@id\":\"https:\/\/acta.no\/agder\/2022\/12\/08\/leir-pa-en-dag\/#breadcrumb\",\"itemListElement\":[{\"@type\":\"ListItem\",\"position\":1,\"name\":\"Til acta.no\",\"item\":\"https:\/\/acta.no\/\"},{\"@type\":\"ListItem\",\"position\":2,\"name\":\"Region Agder\",\"item\":\"https:\/\/acta.no\/agder\/\"},{\"@type\":\"ListItem\",\"position\":3,\"name\":\"Leir p\u00e5 en dag\"}]},{\"@type\":\"WebSite\",\"@id\":\"https:\/\/acta.no\/agder\/#website\",\"url\":\"https:\/\/acta.no\/agder\/\",\"name\":\"Acta Region Agder\",\"description\":\"Agder\",\"potentialAction\":[{\"@type\":\"SearchAction\",\"target\":{\"@type\":\"EntryPoint\",\"urlTemplate\":\"https:\/\/acta.no\/agder\/?s={search_term_string}\"},\"query-input\":{\"@type\":\"PropertyValueSpecification\",\"valueRequired\":true,\"valueName\":\"search_term_string\"}}],\"inLanguage\":\"nb-NO\"},{\"@type\":\"Person\",\"@id\":\"https:\/\/acta.no\/agder\/#\/schema\/person\/eec3621bae488be8f7f670c469ffcd4a\",\"name\":\"Kristian Nesbu Vatne\",\"image\":{\"@type\":\"ImageObject\",\"inLanguage\":\"nb-NO\",\"@id\":\"https:\/\/acta.no\/agder\/#\/schema\/person\/image\/\",\"url\":\"https:\/\/secure.gravatar.com\/avatar\/7a71d5d18df9a305e7a8fa0859bf7015acad9a04a8308dea4b8705fae6daebaf?s=96&d=mm&r=g\",\"contentUrl\":\"https:\/\/secure.gravatar.com\/avatar\/7a71d5d18df9a305e7a8fa0859bf7015acad9a04a8308dea4b8705fae6daebaf?s=96&d=mm&r=g\",\"caption\":\"Kristian Nesbu Vatne\"}}]}<\/script>\n<!-- \/ Yoast SEO plugin. -->","yoast_head_json":{"title":"Leir p\u00e5 en dag - Acta Region Agder","robots":{"index":"index","follow":"follow","max-snippet":"max-snippet:-1","max-image-preview":"max-image-preview:large","max-video-preview":"max-video-preview:-1"},"canonical":"https:\/\/acta.no\/agder\/2022\/12\/08\/leir-pa-en-dag\/","og_locale":"nb_NO","og_type":"article","og_title":"Leir p\u00e5 en dag - Acta Region Agder","og_description":"Vi inviterer flerkulturelle kristne til et arrangement for \u00e5 vite mer om hvordan det er \u00e5 v\u00e6re p\u00e5 leir. Det blir fokus p\u00e5 Bibel og Jesus, aktiviteter, leker,\u00a0god mat og informasjon. Hvor og n\u00e5r? Hvor: Fredheim leirsted p\u00e5 Oggevatn N\u00e5r: L\u00f8rdag 11.februar Pris: Gratis Hvem: Foreldre og barn P\u00e5melding til:&nbsp; Santiago Valdez,&nbsp; 45 80 42 [&hellip;]","og_url":"https:\/\/acta.no\/agder\/2022\/12\/08\/leir-pa-en-dag\/","og_site_name":"Acta Region Agder","article_published_time":"2022-12-08T09:17:29+00:00","article_modified_time":"2022-12-16T13:03:21+00:00","og_image":[{"width":1798,"height":1312,"url":"https:\/\/www.normisjon.no\/content\/uploads\/sites\/27\/2022\/12\/Santi-e1670490985736.jpg","type":"image\/jpeg"}],"author":"Kristian Nesbu Vatne","twitter_card":"summary_large_image","twitter_misc":{"Skrevet av":"Kristian Nesbu Vatne","Ansl. lesetid":"1 minutt"},"schema":{"@context":"https:\/\/schema.org","@graph":[{"@type":"WebPage","@id":"https:\/\/acta.no\/agder\/2022\/12\/08\/leir-pa-en-dag\/","url":"https:\/\/acta.no\/agder\/2022\/12\/08\/leir-pa-en-dag\/","name":"Leir p\u00e5 en dag - Acta Region Agder","isPartOf":{"@id":"https:\/\/acta.no\/agder\/#website"},"primaryImageOfPage":{"@id":"https:\/\/acta.no\/agder\/2022\/12\/08\/leir-pa-en-dag\/#primaryimage"},"image":{"@id":"https:\/\/acta.no\/agder\/2022\/12\/08\/leir-pa-en-dag\/#primaryimage"},"thumbnailUrl":"https:\/\/www.normisjon.no\/content\/uploads\/sites\/27\/2022\/12\/Santi-e1670490985736.jpg","datePublished":"2022-12-08T09:17:29+00:00","dateModified":"2022-12-16T13:03:21+00:00","author":{"@id":"https:\/\/acta.no\/agder\/#\/schema\/person\/eec3621bae488be8f7f670c469ffcd4a"},"breadcrumb":{"@id":"https:\/\/acta.no\/agder\/2022\/12\/08\/leir-pa-en-dag\/#breadcrumb"},"inLanguage":"nb-NO","potentialAction":[{"@type":"ReadAction","target":["https:\/\/acta.no\/agder\/2022\/12\/08\/leir-pa-en-dag\/"]}]},{"@type":"ImageObject","inLanguage":"nb-NO","@id":"https:\/\/acta.no\/agder\/2022\/12\/08\/leir-pa-en-dag\/#primaryimage","url":"https:\/\/www.normisjon.no\/content\/uploads\/sites\/27\/2022\/12\/Santi-e1670490985736.jpg","contentUrl":"https:\/\/www.normisjon.no\/content\/uploads\/sites\/27\/2022\/12\/Santi-e1670490985736.jpg","width":1798,"height":1312},{"@type":"BreadcrumbList","@id":"https:\/\/acta.no\/agder\/2022\/12\/08\/leir-pa-en-dag\/#breadcrumb","itemListElement":[{"@type":"ListItem","position":1,"name":"Til acta.no","item":"https:\/\/acta.no\/"},{"@type":"ListItem","position":2,"name":"Region Agder","item":"https:\/\/acta.no\/agder\/"},{"@type":"ListItem","position":3,"name":"Leir p\u00e5 en dag"}]},{"@type":"WebSite","@id":"https:\/\/acta.no\/agder\/#website","url":"https:\/\/acta.no\/agder\/","name":"Acta Region Agder","description":"Agder","potentialAction":[{"@type":"SearchAction","target":{"@type":"EntryPoint","urlTemplate":"https:\/\/acta.no\/agder\/?s={search_term_string}"},"query-input":{"@type":"PropertyValueSpecification","valueRequired":true,"valueName":"search_term_string"}}],"inLanguage":"nb-NO"},{"@type":"Person","@id":"https:\/\/acta.no\/agder\/#\/schema\/person\/eec3621bae488be8f7f670c469ffcd4a","name":"Kristian Nesbu Vatne","image":{"@type":"ImageObject","inLanguage":"nb-NO","@id":"https:\/\/acta.no\/agder\/#\/schema\/person\/image\/","url":"https:\/\/secure.gravatar.com\/avatar\/7a71d5d18df9a305e7a8fa0859bf7015acad9a04a8308dea4b8705fae6daebaf?s=96&d=mm&r=g","contentUrl":"https:\/\/secure.gravatar.com\/avatar\/7a71d5d18df9a305e7a8fa0859bf7015acad9a04a8308dea4b8705fae6daebaf?s=96&d=mm&r=g","caption":"Kristian Nesbu Vatne"}}]}},"_links":{"self":[{"href":"https:\/\/acta.no\/agder\/wp-json\/wp\/v2\/posts\/499","targetHints":{"allow":["GET"]}}],"collection":[{"href":"https:\/\/acta.no\/agder\/wp-json\/wp\/v2\/posts"}],"about":[{"href":"https:\/\/acta.no\/agder\/wp-json\/wp\/v2\/types\/post"}],"author":[{"embeddable":true,"href":"https:\/\/acta.no\/agder\/wp-json\/wp\/v2\/users\/108"}],"replies":[{"embeddable":true,"href":"https:\/\/acta.no\/agder\/wp-json\/wp\/v2\/comments?post=499"}],"version-history":[{"count":8,"href":"https:\/\/acta.no\/agder\/wp-json\/wp\/v2\/posts\/499\/revisions"}],"predecessor-version":[{"id":516,"href":"https:\/\/acta.no\/agder\/wp-json\/wp\/v2\/posts\/499\/revisions\/516"}],"wp:featuredmedia":[{"embeddable":true,"href":"https:\/\/acta.no\/agder\/wp-json\/wp\/v2\/media\/501"}],"wp:attachment":[{"href":"https:\/\/acta.no\/agder\/wp-json\/wp\/v2\/media?parent=499"}],"wp:term":[{"taxonomy":"category","embeddable":true,"href":"https:\/\/acta.no\/agder\/wp-json\/wp\/v2\/categories?post=499"},{"taxonomy":"post_tag","embeddable":true,"href":"https:\/\/acta.no\/agder\/wp-json\/wp\/v2\/tags?post=499"}],"curies":[{"name":"wp","href":"https:\/\/api.w.org\/{rel}","templated":true}]}}