{"id":426,"date":"2022-08-30T09:15:58","date_gmt":"2022-08-30T09:15:58","guid":{"rendered":"https:\/\/acta.no\/agder\/?p=426"},"modified":"2022-08-30T09:15:58","modified_gmt":"2022-08-30T09:15:58","slug":"her-er-adventsleirene-2022","status":"publish","type":"post","link":"https:\/\/acta.no\/agder\/2022\/08\/30\/her-er-adventsleirene-2022\/","title":{"rendered":"Her er adventsleirene 2022"},"content":{"rendered":"<div class=\"gutenberg-content\">\n<figure class=\"wp-block-image size-large\"><img loading=\"lazy\" decoding=\"async\" width=\"819\" height=\"1024\" src=\"https:\/\/www.normisjon.no\/content\/uploads\/sites\/27\/2022\/08\/bilde-leir2-819x1024.jpg\" alt=\"\" class=\"wp-image-429\" srcset=\"https:\/\/www.normisjon.no\/content\/uploads\/sites\/27\/2022\/08\/bilde-leir2-819x1024.jpg 819w, https:\/\/www.normisjon.no\/content\/uploads\/sites\/27\/2022\/08\/bilde-leir2-240x300.jpg 240w, https:\/\/www.normisjon.no\/content\/uploads\/sites\/27\/2022\/08\/bilde-leir2-768x960.jpg 768w, https:\/\/www.normisjon.no\/content\/uploads\/sites\/27\/2022\/08\/bilde-leir2-1229x1536.jpg 1229w, https:\/\/www.normisjon.no\/content\/uploads\/sites\/27\/2022\/08\/bilde-leir2-1360x1700.jpg 1360w, https:\/\/www.normisjon.no\/content\/uploads\/sites\/27\/2022\/08\/bilde-leir2.jpg 1440w\" sizes=\"auto, (max-width: 819px) 100vw, 819px\" \/><\/figure>\n\n\n\n<p>Hva er vel ikke bedre enn \u00e5 oppleve advent og julebudskapet p\u00e5 leir? Vi har som alltid tre leirer for barn i advent.<\/p>\n\n\n\n<p>Det blir kos, Jesus, aktiviteter, b\u00f8nnevandring, underholdningskveld, misjon, nugatti og mye mer g\u00f8y! <\/p>\n\n\n\n<h2 class=\"wp-block-heading\">Her er linkene for p\u00e5melding via <a href=\"http:\/\/www.checkin.no\">Checkin.no<\/a>: <\/h2>\n\n\n\n<p><a href=\"https:\/\/www.checkin.no\/event\/46965\/adventsleir-1-pa-skogtun-leirsted-25-27-november-3-7-trinn\">Adventsleir 1 &#8211; Skogtun 25.-27.11 &#8211; 3.-7. trinn<\/a><\/p>\n\n\n\n<p><a href=\"https:\/\/www.checkin.no\/event\/46971\/adventsleir-2-pa-solhogda-leirsted-25-27-november-1-4-trinn\">Adventsleir 2 &#8211; Solh\u00f8gda 25.-27.11 &#8211; 1.-4. trinn<\/a><\/p>\n\n\n\n<p><a href=\"https:\/\/www.checkin.no\/event\/46959\/adventsleir-3-pa-fredheim-2-4-desember-4-7-trinn\">Adventsleir 3 &#8211; Fredheim 2.-4.desember &#8211; 4.-7.trinn<\/a><\/p>\n\n\n\n<figure class=\"wp-block-image size-large\"><img loading=\"lazy\" decoding=\"async\" width=\"821\" height=\"1024\" src=\"https:\/\/www.normisjon.no\/content\/uploads\/sites\/27\/2022\/08\/bilde-leir3-821x1024.jpg\" alt=\"\" class=\"wp-image-428\" srcset=\"https:\/\/www.normisjon.no\/content\/uploads\/sites\/27\/2022\/08\/bilde-leir3-821x1024.jpg 821w, https:\/\/www.normisjon.no\/content\/uploads\/sites\/27\/2022\/08\/bilde-leir3-240x300.jpg 240w, https:\/\/www.normisjon.no\/content\/uploads\/sites\/27\/2022\/08\/bilde-leir3-768x958.jpg 768w, https:\/\/www.normisjon.no\/content\/uploads\/sites\/27\/2022\/08\/bilde-leir3-1231x1536.jpg 1231w, https:\/\/www.normisjon.no\/content\/uploads\/sites\/27\/2022\/08\/bilde-leir3-1360x1697.jpg 1360w, https:\/\/www.normisjon.no\/content\/uploads\/sites\/27\/2022\/08\/bilde-leir3-769x960.jpg 769w, https:\/\/www.normisjon.no\/content\/uploads\/sites\/27\/2022\/08\/bilde-leir3.jpg 1440w\" sizes=\"auto, (max-width: 821px) 100vw, 821px\" \/><\/figure>\n\n\n\n<h2 class=\"wp-block-heading\">Hva er leir?<\/h2>\n\n\n\n<p>Kanskje har du ikke sendt barn p\u00e5 leir f\u00f8r? <a href=\"https:\/\/acta.no\/agder\/info-om-leir\/\">Her har vi skrevet litt om hva leir er og hvordan det fungerer<\/a>. <\/p>\n\n\n\n<h2 class=\"wp-block-heading\">Leirklubben <\/h2>\n\n\n\n<p>Vi vil anbefale dere \u00e5 melde inn barna i leirklubben. Da f\u00e5r dere rabatter og dere er med \u00e5 gj\u00f8re at vi f\u00e5r mere st\u00f8tte til \u00e5 lage enda bedre leirer. <\/p>\n\n\n\n<p><a href=\"https:\/\/acta.no\/agder\/leirklubben\/\">Les mer om leirklubben her.<\/a> <\/p>\n<\/div>","protected":false},"excerpt":{"rendered":"<p>Hva er vel ikke bedre enn \u00e5 oppleve advent og julebudskapet p\u00e5 leir? Vi har som alltid tre leirer for barn i advent. Det blir kos, Jesus, aktiviteter, b\u00f8nnevandring, underholdningskveld, misjon, nugatti og mye mer g\u00f8y! Her er linkene for p\u00e5melding via Checkin.no: Adventsleir 1 &#8211; Skogtun 25.-27.11 &#8211; 3.-7. trinn Adventsleir 2 &#8211; Solh\u00f8gda [&hellip;]<\/p>\n","protected":false},"author":108,"featured_media":427,"comment_status":"closed","ping_status":"closed","sticky":false,"template":"","format":"standard","meta":{"_acf_changed":false,"footnotes":""},"categories":[1],"tags":[],"class_list":["post-426","post","type-post","status-publish","format-standard","has-post-thumbnail","hentry","category-uncategorized"],"acf":[],"yoast_head":"<!-- This site is optimized with the Yoast SEO plugin v25.9 - https:\/\/yoast.com\/wordpress\/plugins\/seo\/ -->\n<title>Her er adventsleirene 2022 - Acta Region Agder<\/title>\n<meta name=\"robots\" content=\"index, follow, max-snippet:-1, max-image-preview:large, max-video-preview:-1\" \/>\n<link rel=\"canonical\" href=\"https:\/\/acta.no\/agder\/2022\/08\/30\/her-er-adventsleirene-2022\/\" \/>\n<meta property=\"og:locale\" content=\"nb_NO\" \/>\n<meta property=\"og:type\" content=\"article\" \/>\n<meta property=\"og:title\" content=\"Her er adventsleirene 2022 - Acta Region Agder\" \/>\n<meta property=\"og:description\" content=\"Hva er vel ikke bedre enn \u00e5 oppleve advent og julebudskapet p\u00e5 leir? Vi har som alltid tre leirer for barn i advent. Det blir kos, Jesus, aktiviteter, b\u00f8nnevandring, underholdningskveld, misjon, nugatti og mye mer g\u00f8y! Her er linkene for p\u00e5melding via Checkin.no: Adventsleir 1 &#8211; Skogtun 25.-27.11 &#8211; 3.-7. trinn Adventsleir 2 &#8211; Solh\u00f8gda [&hellip;]\" \/>\n<meta property=\"og:url\" content=\"https:\/\/acta.no\/agder\/2022\/08\/30\/her-er-adventsleirene-2022\/\" \/>\n<meta property=\"og:site_name\" content=\"Acta Region Agder\" \/>\n<meta property=\"article:published_time\" content=\"2022-08-30T09:15:58+00:00\" \/>\n<meta property=\"og:image\" content=\"https:\/\/www.normisjon.no\/content\/uploads\/sites\/27\/2022\/08\/bilde-leir4-sno.jpg\" \/>\n\t<meta property=\"og:image:width\" content=\"1440\" \/>\n\t<meta property=\"og:image:height\" content=\"1439\" \/>\n\t<meta property=\"og:image:type\" content=\"image\/jpeg\" \/>\n<meta name=\"author\" content=\"Kristian Nesbu Vatne\" \/>\n<meta name=\"twitter:card\" content=\"summary_large_image\" \/>\n<meta name=\"twitter:label1\" content=\"Skrevet av\" \/>\n\t<meta name=\"twitter:data1\" content=\"Kristian Nesbu Vatne\" \/>\n\t<meta name=\"twitter:label2\" content=\"Ansl. lesetid\" \/>\n\t<meta name=\"twitter:data2\" content=\"1 minutt\" \/>\n<script type=\"application\/ld+json\" class=\"yoast-schema-graph\">{\"@context\":\"https:\/\/schema.org\",\"@graph\":[{\"@type\":\"WebPage\",\"@id\":\"https:\/\/acta.no\/agder\/2022\/08\/30\/her-er-adventsleirene-2022\/\",\"url\":\"https:\/\/acta.no\/agder\/2022\/08\/30\/her-er-adventsleirene-2022\/\",\"name\":\"Her er adventsleirene 2022 - Acta Region Agder\",\"isPartOf\":{\"@id\":\"https:\/\/acta.no\/agder\/#website\"},\"primaryImageOfPage\":{\"@id\":\"https:\/\/acta.no\/agder\/2022\/08\/30\/her-er-adventsleirene-2022\/#primaryimage\"},\"image\":{\"@id\":\"https:\/\/acta.no\/agder\/2022\/08\/30\/her-er-adventsleirene-2022\/#primaryimage\"},\"thumbnailUrl\":\"https:\/\/www.normisjon.no\/content\/uploads\/sites\/27\/2022\/08\/bilde-leir4-sno.jpg\",\"datePublished\":\"2022-08-30T09:15:58+00:00\",\"author\":{\"@id\":\"https:\/\/acta.no\/agder\/#\/schema\/person\/eec3621bae488be8f7f670c469ffcd4a\"},\"breadcrumb\":{\"@id\":\"https:\/\/acta.no\/agder\/2022\/08\/30\/her-er-adventsleirene-2022\/#breadcrumb\"},\"inLanguage\":\"nb-NO\",\"potentialAction\":[{\"@type\":\"ReadAction\",\"target\":[\"https:\/\/acta.no\/agder\/2022\/08\/30\/her-er-adventsleirene-2022\/\"]}]},{\"@type\":\"ImageObject\",\"inLanguage\":\"nb-NO\",\"@id\":\"https:\/\/acta.no\/agder\/2022\/08\/30\/her-er-adventsleirene-2022\/#primaryimage\",\"url\":\"https:\/\/www.normisjon.no\/content\/uploads\/sites\/27\/2022\/08\/bilde-leir4-sno.jpg\",\"contentUrl\":\"https:\/\/www.normisjon.no\/content\/uploads\/sites\/27\/2022\/08\/bilde-leir4-sno.jpg\",\"width\":1440,\"height\":1439,\"caption\":\"Leir er livet\"},{\"@type\":\"BreadcrumbList\",\"@id\":\"https:\/\/acta.no\/agder\/2022\/08\/30\/her-er-adventsleirene-2022\/#breadcrumb\",\"itemListElement\":[{\"@type\":\"ListItem\",\"position\":1,\"name\":\"Til acta.no\",\"item\":\"https:\/\/acta.no\/\"},{\"@type\":\"ListItem\",\"position\":2,\"name\":\"Region Agder\",\"item\":\"https:\/\/acta.no\/agder\/\"},{\"@type\":\"ListItem\",\"position\":3,\"name\":\"Her er adventsleirene 2022\"}]},{\"@type\":\"WebSite\",\"@id\":\"https:\/\/acta.no\/agder\/#website\",\"url\":\"https:\/\/acta.no\/agder\/\",\"name\":\"Acta Region Agder\",\"description\":\"Agder\",\"potentialAction\":[{\"@type\":\"SearchAction\",\"target\":{\"@type\":\"EntryPoint\",\"urlTemplate\":\"https:\/\/acta.no\/agder\/?s={search_term_string}\"},\"query-input\":{\"@type\":\"PropertyValueSpecification\",\"valueRequired\":true,\"valueName\":\"search_term_string\"}}],\"inLanguage\":\"nb-NO\"},{\"@type\":\"Person\",\"@id\":\"https:\/\/acta.no\/agder\/#\/schema\/person\/eec3621bae488be8f7f670c469ffcd4a\",\"name\":\"Kristian Nesbu Vatne\",\"image\":{\"@type\":\"ImageObject\",\"inLanguage\":\"nb-NO\",\"@id\":\"https:\/\/acta.no\/agder\/#\/schema\/person\/image\/\",\"url\":\"https:\/\/secure.gravatar.com\/avatar\/7a71d5d18df9a305e7a8fa0859bf7015acad9a04a8308dea4b8705fae6daebaf?s=96&d=mm&r=g\",\"contentUrl\":\"https:\/\/secure.gravatar.com\/avatar\/7a71d5d18df9a305e7a8fa0859bf7015acad9a04a8308dea4b8705fae6daebaf?s=96&d=mm&r=g\",\"caption\":\"Kristian Nesbu Vatne\"}}]}<\/script>\n<!-- \/ Yoast SEO plugin. -->","yoast_head_json":{"title":"Her er adventsleirene 2022 - Acta Region Agder","robots":{"index":"index","follow":"follow","max-snippet":"max-snippet:-1","max-image-preview":"max-image-preview:large","max-video-preview":"max-video-preview:-1"},"canonical":"https:\/\/acta.no\/agder\/2022\/08\/30\/her-er-adventsleirene-2022\/","og_locale":"nb_NO","og_type":"article","og_title":"Her er adventsleirene 2022 - Acta Region Agder","og_description":"Hva er vel ikke bedre enn \u00e5 oppleve advent og julebudskapet p\u00e5 leir? Vi har som alltid tre leirer for barn i advent. Det blir kos, Jesus, aktiviteter, b\u00f8nnevandring, underholdningskveld, misjon, nugatti og mye mer g\u00f8y! Her er linkene for p\u00e5melding via Checkin.no: Adventsleir 1 &#8211; Skogtun 25.-27.11 &#8211; 3.-7. trinn Adventsleir 2 &#8211; Solh\u00f8gda [&hellip;]","og_url":"https:\/\/acta.no\/agder\/2022\/08\/30\/her-er-adventsleirene-2022\/","og_site_name":"Acta Region Agder","article_published_time":"2022-08-30T09:15:58+00:00","og_image":[{"width":1440,"height":1439,"url":"https:\/\/www.normisjon.no\/content\/uploads\/sites\/27\/2022\/08\/bilde-leir4-sno.jpg","type":"image\/jpeg"}],"author":"Kristian Nesbu Vatne","twitter_card":"summary_large_image","twitter_misc":{"Skrevet av":"Kristian Nesbu Vatne","Ansl. lesetid":"1 minutt"},"schema":{"@context":"https:\/\/schema.org","@graph":[{"@type":"WebPage","@id":"https:\/\/acta.no\/agder\/2022\/08\/30\/her-er-adventsleirene-2022\/","url":"https:\/\/acta.no\/agder\/2022\/08\/30\/her-er-adventsleirene-2022\/","name":"Her er adventsleirene 2022 - Acta Region Agder","isPartOf":{"@id":"https:\/\/acta.no\/agder\/#website"},"primaryImageOfPage":{"@id":"https:\/\/acta.no\/agder\/2022\/08\/30\/her-er-adventsleirene-2022\/#primaryimage"},"image":{"@id":"https:\/\/acta.no\/agder\/2022\/08\/30\/her-er-adventsleirene-2022\/#primaryimage"},"thumbnailUrl":"https:\/\/www.normisjon.no\/content\/uploads\/sites\/27\/2022\/08\/bilde-leir4-sno.jpg","datePublished":"2022-08-30T09:15:58+00:00","author":{"@id":"https:\/\/acta.no\/agder\/#\/schema\/person\/eec3621bae488be8f7f670c469ffcd4a"},"breadcrumb":{"@id":"https:\/\/acta.no\/agder\/2022\/08\/30\/her-er-adventsleirene-2022\/#breadcrumb"},"inLanguage":"nb-NO","potentialAction":[{"@type":"ReadAction","target":["https:\/\/acta.no\/agder\/2022\/08\/30\/her-er-adventsleirene-2022\/"]}]},{"@type":"ImageObject","inLanguage":"nb-NO","@id":"https:\/\/acta.no\/agder\/2022\/08\/30\/her-er-adventsleirene-2022\/#primaryimage","url":"https:\/\/www.normisjon.no\/content\/uploads\/sites\/27\/2022\/08\/bilde-leir4-sno.jpg","contentUrl":"https:\/\/www.normisjon.no\/content\/uploads\/sites\/27\/2022\/08\/bilde-leir4-sno.jpg","width":1440,"height":1439,"caption":"Leir er livet"},{"@type":"BreadcrumbList","@id":"https:\/\/acta.no\/agder\/2022\/08\/30\/her-er-adventsleirene-2022\/#breadcrumb","itemListElement":[{"@type":"ListItem","position":1,"name":"Til acta.no","item":"https:\/\/acta.no\/"},{"@type":"ListItem","position":2,"name":"Region Agder","item":"https:\/\/acta.no\/agder\/"},{"@type":"ListItem","position":3,"name":"Her er adventsleirene 2022"}]},{"@type":"WebSite","@id":"https:\/\/acta.no\/agder\/#website","url":"https:\/\/acta.no\/agder\/","name":"Acta Region Agder","description":"Agder","potentialAction":[{"@type":"SearchAction","target":{"@type":"EntryPoint","urlTemplate":"https:\/\/acta.no\/agder\/?s={search_term_string}"},"query-input":{"@type":"PropertyValueSpecification","valueRequired":true,"valueName":"search_term_string"}}],"inLanguage":"nb-NO"},{"@type":"Person","@id":"https:\/\/acta.no\/agder\/#\/schema\/person\/eec3621bae488be8f7f670c469ffcd4a","name":"Kristian Nesbu Vatne","image":{"@type":"ImageObject","inLanguage":"nb-NO","@id":"https:\/\/acta.no\/agder\/#\/schema\/person\/image\/","url":"https:\/\/secure.gravatar.com\/avatar\/7a71d5d18df9a305e7a8fa0859bf7015acad9a04a8308dea4b8705fae6daebaf?s=96&d=mm&r=g","contentUrl":"https:\/\/secure.gravatar.com\/avatar\/7a71d5d18df9a305e7a8fa0859bf7015acad9a04a8308dea4b8705fae6daebaf?s=96&d=mm&r=g","caption":"Kristian Nesbu Vatne"}}]}},"_links":{"self":[{"href":"https:\/\/acta.no\/agder\/wp-json\/wp\/v2\/posts\/426","targetHints":{"allow":["GET"]}}],"collection":[{"href":"https:\/\/acta.no\/agder\/wp-json\/wp\/v2\/posts"}],"about":[{"href":"https:\/\/acta.no\/agder\/wp-json\/wp\/v2\/types\/post"}],"author":[{"embeddable":true,"href":"https:\/\/acta.no\/agder\/wp-json\/wp\/v2\/users\/108"}],"replies":[{"embeddable":true,"href":"https:\/\/acta.no\/agder\/wp-json\/wp\/v2\/comments?post=426"}],"version-history":[{"count":2,"href":"https:\/\/acta.no\/agder\/wp-json\/wp\/v2\/posts\/426\/revisions"}],"predecessor-version":[{"id":431,"href":"https:\/\/acta.no\/agder\/wp-json\/wp\/v2\/posts\/426\/revisions\/431"}],"wp:featuredmedia":[{"embeddable":true,"href":"https:\/\/acta.no\/agder\/wp-json\/wp\/v2\/media\/427"}],"wp:attachment":[{"href":"https:\/\/acta.no\/agder\/wp-json\/wp\/v2\/media?parent=426"}],"wp:term":[{"taxonomy":"category","embeddable":true,"href":"https:\/\/acta.no\/agder\/wp-json\/wp\/v2\/categories?post=426"},{"taxonomy":"post_tag","embeddable":true,"href":"https:\/\/acta.no\/agder\/wp-json\/wp\/v2\/tags?post=426"}],"curies":[{"name":"wp","href":"https:\/\/api.w.org\/{rel}","templated":true}]}}