{"id":340,"date":"2022-01-28T09:59:24","date_gmt":"2022-01-28T09:59:24","guid":{"rendered":"http:\/\/acta.no\/agder\/?p=340"},"modified":"2022-01-28T09:59:37","modified_gmt":"2022-01-28T09:59:37","slug":"soul-children-gaterhing","status":"publish","type":"post","link":"https:\/\/acta.no\/agder\/2022\/01\/28\/soul-children-gaterhing\/","title":{"rendered":"SOUL CHILDREN GATERHING"},"content":{"rendered":"<div class=\"gutenberg-content\">\n<figure class=\"wp-block-image\"><img decoding=\"async\" src=\"https:\/\/acta.no\/content\/uploads\/sites\/27\/2022\/01\/GATHERING-1024x450.jpeg\" alt=\"\" class=\"wp-image-321\"\/><\/figure>\n\n\n\n<div class=\"wp-block-file\"><a href=\"https:\/\/acta.no\/content\/uploads\/sites\/27\/2022\/01\/Infobrev-Soul-Children-Gathering-Agder-22.pdf\">Infobrev-Soul-Children-Gathering-Agder-22<\/a><a href=\"https:\/\/acta.no\/content\/uploads\/sites\/27\/2022\/01\/Infobrev-Soul-Children-Gathering-Agder-22.pdf\" class=\"wp-block-file__button\" download>Download<\/a><\/div>\n\n\n\n<p><strong>Velkommen til Soul Children Gathering Agder\u00a012.mars<\/strong><\/p>\n\n\n\n<p>Da pr\u00f8ver vi oss igjen, og er glade for \u00e5 kunne invitere til Soul Children Gathering i Agder, 12. mars. Gathering\u2019en foreg\u00e5r i Arendal Kulturhus. Der skal vi ha \u00f8velser i Mass Choir p\u00e5 dagen og holde v\u00e5r egen konsert i Arendal Kulturhus p\u00e5 kvelden. Vi har med oss dyktige instrukt\u00f8rer og musikere som vil s\u00f8rge for at dette blir et ordentlig h\u00f8ydepunkt denne v\u00e5ren.&nbsp;<\/p>\n\n\n\n<p><strong>Aldersgrenser<\/strong><\/p>\n\n\n\n<p>Soul Children Gathering er for Soul Children (5.-10. klasse) og Soul Teens (10. klasse-VG3). Gathering\u2019en er \u00e5pen for b\u00e5de kor som er meldt inn i Soul Children-bevegelsen og andre kor som har sangere innenfor i aldersspennet 5. klasse til VG3.&nbsp;<\/p>\n\n\n\n<p><strong>Deltakeravgift<\/strong><\/p>\n\n\n\n<p>Deltakeravgiften er 500,- pr. deltaker. Den samme avgiften gjelder ogs\u00e5 voksne som f\u00f8lger koret. Det er mulig for korene \u00e5 bruke frifondmidler til \u00e5 dekke hele eller deler av deltakeravgiften. Hvis noen i koret har problemer med \u00e5 v\u00e6re med p\u00e5 grunn av \u00f8konomi, kan en s\u00f8ke leirst\u00f8tte via Acta Region Agder. Se info om dette her:&nbsp;<a href=\"https:\/\/acta.no\/lokallag\/drift-av-lokallag\/leirstotte\/\">https:\/\/acta.no\/lokallag\/drift-av-lokallag\/leirstotte\/<\/a><strong><br><\/strong><\/p>\n\n\n\n<p><strong>P\u00e5meldingsfrist<\/strong><\/p>\n\n\n\n<p>P\u00e5meldingsfristen er 20. februar. Alle deltakere m\u00e5 meldes p\u00e5 av sine korledere. Fakturaen sendes ut to dager etter p\u00e5meldingen sendes inn.&nbsp;&nbsp;Ved avmelding etter 20. februar, vil avmeldingen bli belastet med 200 kr i avbestillingsgebyr pr. avmeldt deltaker. Ved avmelding senere enn 3 dager f\u00f8r arrangementet starter gis det ingen refusjon. Dette gjelder ikke hvis avmelding skyldes sykdom, karantene e.l.<\/p>\n\n\n\n<p><strong><a href=\"https:\/\/www.checkin.no\/event\/39026\/soul-children-gathering-agder-arendal\">Lenke til p\u00e5melding<\/a><\/strong><a href=\"https:\/\/www.checkin.no\/event\/39026\/soul-children-gathering-agder-arendal\">\u00a0<\/a><\/p>\n\n\n\n<p><strong>Ledere og dugnad<\/strong><\/p>\n\n\n\n<p>Hvert kor stiller selv med voksne ledere som har ansvar for korets medlemmer underveis i Gathering\u2019en. De voksne som f\u00f8lger koret m\u00e5 ogs\u00e5 regne med \u00e5 f\u00e5 noen enkle dugnadsoppgaver under Gathering\u2019en.&nbsp;<\/p>\n\n\n\n<figure class=\"wp-block-image\"><img decoding=\"async\" src=\"https:\/\/acta.no\/content\/uploads\/sites\/27\/2022\/01\/Skjermbilde-2022-01-28-kl.-10.56.41-1024x849.png\" alt=\"\" class=\"wp-image-343\"\/><\/figure>\n\n\n\n<p><strong>Soul Teens<\/strong><\/p>\n\n\n\n<p>Det blir et eget opplegg for Soul Teens. Soul Teens f\u00e5r egen \u00f8velse under en av Mass Choir-\u00f8velsene, og en egen \u00f8velse uken i forkant av Gathering\u2019en. Mer info kommer.<\/p>\n\n\n\n<p><strong>Koronasituasjonen&nbsp;<\/strong><\/p>\n\n\n\n<p>Vi vil v\u00e6re i tett kontakt med de lokale smittevernmyndighetene frem mot Gathering\u2019en, slik at vi kan s\u00f8rge for \u00e5 gjennomf\u00f8re Gathering\u2019en med et forsvarlig smittevern. Dersom de gjeldende smittevernstiltakene ikke gj\u00f8r det mulig \u00e5 gjennomf\u00f8re arrangementet vil det bli avlyst. Ved en eventuell avlysning vil korene f\u00e5 refundert hele deltakeravgiften.&nbsp;<strong><br><\/strong><\/p>\n\n\n\n<p><strong>Repertoar&nbsp;<\/strong><\/p>\n\n\n\n<p><strong>Mass Choir:<\/strong><\/p>\n\n\n\n<p>\u00a0\u00a0\u00a0\u00a0\u00a0\u00a0\u00a0\u00a0\u00a0<strong>\u00a0\u00a0\u00a0Preludium\u00a0\u00a0\u00a0<\/strong>\u00a0\u00a0\u00a0\u00a0\u00a0\u00a0\u00a0\u00a0\u00a0\u00a0\u00a0\u00a0\u00a0\u00a0\u00a0\u00a0(Oslo Soul Children, \u00abSoul Church One\u201d)<\/p>\n\n\n\n<p>\u00a0\u00a0\u00a0\u00a0\u00a0\u00a0\u00a0<strong>\u00a0\u00a0\u00a0\u00a0\u00a0Soul Children\u00a0\u00a0<\/strong>\u00a0\u00a0\u00a0\u00a0\u00a0\u00a0\u00a0\u00a0\u00a0\u00a0\u00a0(Oslo Soul Children, \u201cHeadlights\u201d)<\/p>\n\n\n\n<p>\u00a0\u00a0\u00a0\u00a0\u00a0\u00a0\u00a0\u00a0<strong>\u00a0\u00a0\u00a0\u00a0Hope\u00a0\u00a0\u00a0\u00a0<\/strong>\u00a0\u00a0\u00a0\u00a0\u00a0\u00a0\u00a0\u00a0\u00a0\u00a0\u00a0\u00a0\u00a0\u00a0\u00a0\u00a0\u00a0\u00a0\u00a0\u00a0\u00a0\u00a0\u00a0(Oslo Soul Children, \u201cLove\u201d)<\/p>\n\n\n\n<p>\u00a0\u00a0\u00a0\u00a0\u00a0\u00a0\u00a0\u00a0\u00a0<strong>\u00a0\u00a0\u00a0Alltid sammen med meg. <\/strong>  (Hommedal Soul Children, \u201cAlltid sammen med   meg\u00bb   <\/p>\n\n\n\n<p>\u00a0\u00a0\u00a0\u00a0\u00a0\u00a0\u00a0\u00a0\u00a0\u00a0<strong>\u00a0\u00a0Symphony<\/strong>\u00a0\u00a0\u00a0\u00a0\u00a0\u00a0\u00a0\u00a0\u00a0\u00a0\u00a0\u00a0\u00a0\u00a0\u00a0\u00a0\u00a0\u00a0(Oslo Soul Teens, \u00abSymphony\u201d)<\/p>\n\n\n\n<p>\u00a0\u00a0\u00a0\u00a0\u00a0\u00a0\u00a0\u00a0\u00a0\u00a0<strong>\u00a0\u00a0Happy Birthday\u00a0<\/strong>\u00a0\u00a0\u00a0\u00a0\u00a0\u00a0\u00a0\u00a0\u00a0(Oslo Soul Children, \u201cHappy Birthday\u201d)<\/p>\n\n\n\n<p>\u00a0\u00a0\u00a0\u00a0\u00a0\u00a0\u00a0\u00a0\u00a0\u00a0\u00a0<strong>\u00a0Elsket for den jeg er<\/strong>\u00a0\u00a0\u00a0(Oslo Soul Children, \u00abLivsglede 4\u00bb)<\/p>\n\n\n\n<p><strong>Soul Teens<\/strong>&nbsp;(i tillegg til Mass Choir-repertoaret):<\/p>\n\n\n\n<p><br>\u00a0\u00a0\u00a0<strong>\u00a0\u00a0\u00a0\u00a0\u00a0\u00a0\u00a0\u00a0\u00a0What A Beautiful Name<\/strong> \u2013 Gospel Version\u00a0<\/p>\n\n\n\n<p>(Hillsong Worship \u2013 \u201cWhat A Beautiful Name \u2013 EP\u201d)<\/p>\n\n\n\n<p>\u00a0\u00a0\u00a0\u00a0\u00a0\u00a0\u00a0\u00a0\u00a0<strong>\u00a0\u00a0\u00a0My Desire\u00a0<\/strong>\u00a0\u00a0\u00a0\u00a0\u00a0\u00a0\u00a0\u00a0\u00a0\u00a0\u00a0\u00a0\u00a0\u00a0\u00a0\u00a0\u00a0\u00a0(Kirk Franklin, The Family \u2013 \u201cThe Nu Nation Project\u201d)<\/p>\n\n\n\n<p>Lenke til Spotify-spillelista v\u00e5r:&nbsp;<a href=\"https:\/\/open.spotify.com\/playlist\/0Ev0euwWaJwJCYOJpE5ODX?si=3b294cc4ae204182\">https:\/\/open.spotify.com\/playlist\/0Ev0euwWaJwJCYOJpE5ODX?si=3b294cc4ae204182<\/a><\/p>\n\n\n\n<p><strong>Overnatting<\/strong><\/p>\n\n\n\n<p>Koret m\u00e5 selv ordne overnatting dersom en har behov for dette.<\/p>\n\n\n\n<p>Det er mulig \u00e5 kontakte Eikely Leirsted for overnatting.<\/p>\n\n\n\n<p><strong>Eikely Leirsted, Froland<\/strong><\/p>\n\n\n\n<p>Kontakt:&nbsp;<a href=\"mailto:eikely@normisjon.no\">eikely@normisjon.no<\/a>, tlf. 37 03 96 80<\/p>\n\n\n\n<p>Priser:<\/p>\n\n\n\n<ul class=\"wp-block-list\"><li>Overnatting: 200,- pr natt i flersengsrom&nbsp;<\/li><li>Leie av senget\u00f8y kr 75,- pr sett<\/li><li>Frokost kr 50,- pr dag<\/li><\/ul>\n\n\n\n<p>Oppgi at bestillingen er ifm. Soul Children Gathering.<\/p>\n\n\n\n<p><strong>Informasjon<\/strong><\/p>\n\n\n\n<p>Mer informasjon til dere korledere legges fortl\u00f8pende ut p\u00e5 v\u00e5r interne Facebook-gruppe:&nbsp;<a href=\"https:\/\/www.facebook.com\/groups\/scledereagder\">https:\/\/www.facebook.com\/groups\/scledereagder<\/a>.<\/p>\n\n\n\n<p>Det legges ogs\u00e5 ut oppdateringer p\u00e5 v\u00e5r Facebook-side som kan deles med deltakere og foreldre:&nbsp;<a href=\"https:\/\/www.facebook.com\/normisjonregionagder\">https:\/\/www.facebook.com\/normisjonregionagder<\/a><\/p>\n\n\n\n<p><strong>Sp\u00f8rsm\u00e5l<\/strong><\/p>\n\n\n\n<p>Sp\u00f8rsm\u00e5l i forbindelse med Soul Children Gathering i Arendal rettes til&nbsp;<a href=\"mailto:soulchildren.agder@normisjon.no\">soulchildren.agder@normisjon.no<\/a>.<\/p>\n\n\n\n<p>Vi i hovedkomit\u00e9en gleder oss!<\/p>\n\n\n\n<p>Mvh.&nbsp;<\/p>\n\n\n\n<p><strong>Morten H\u00f8ie<\/strong>, Acta \u2013 barn og unge i Normisjon Region Agder (Leder av komit\u00e9en)<\/p>\n\n\n\n<p><strong>Kirsten Nilsen,<\/strong>&nbsp;Flekker\u00f8y Soul Children<\/p>\n\n\n\n<p><strong>Geir Bj\u00f8rknes Grande<\/strong>, Hommedal Soul Children<\/p>\n\n\n\n<p><br><\/p>\n<\/div>","protected":false},"excerpt":{"rendered":"<p>Velkommen til Soul Children Gathering Agder\u00a012.mars Da pr\u00f8ver vi oss igjen, og er glade for \u00e5 kunne invitere til Soul Children Gathering i Agder, 12. mars. Gathering\u2019en foreg\u00e5r i Arendal Kulturhus. Der skal vi ha \u00f8velser i Mass Choir p\u00e5 dagen og holde v\u00e5r egen konsert i Arendal Kulturhus p\u00e5 kvelden. Vi har med oss [&hellip;]<\/p>\n","protected":false},"author":69,"featured_media":0,"comment_status":"closed","ping_status":"closed","sticky":false,"template":"","format":"standard","meta":{"_acf_changed":false,"footnotes":""},"categories":[1],"tags":[],"class_list":["post-340","post","type-post","status-publish","format-standard","hentry","category-uncategorized"],"acf":[],"yoast_head":"<!-- This site is optimized with the Yoast SEO plugin v25.9 - https:\/\/yoast.com\/wordpress\/plugins\/seo\/ -->\n<title>SOUL CHILDREN GATERHING - Acta Region Agder<\/title>\n<meta name=\"robots\" content=\"index, follow, max-snippet:-1, max-image-preview:large, max-video-preview:-1\" \/>\n<link rel=\"canonical\" href=\"https:\/\/acta.no\/agder\/2022\/01\/28\/soul-children-gaterhing\/\" \/>\n<meta property=\"og:locale\" content=\"nb_NO\" \/>\n<meta property=\"og:type\" content=\"article\" \/>\n<meta property=\"og:title\" content=\"SOUL CHILDREN GATERHING - Acta Region Agder\" \/>\n<meta property=\"og:description\" content=\"Velkommen til Soul Children Gathering Agder\u00a012.mars Da pr\u00f8ver vi oss igjen, og er glade for \u00e5 kunne invitere til Soul Children Gathering i Agder, 12. mars. Gathering\u2019en foreg\u00e5r i Arendal Kulturhus. Der skal vi ha \u00f8velser i Mass Choir p\u00e5 dagen og holde v\u00e5r egen konsert i Arendal Kulturhus p\u00e5 kvelden. Vi har med oss [&hellip;]\" \/>\n<meta property=\"og:url\" content=\"https:\/\/acta.no\/agder\/2022\/01\/28\/soul-children-gaterhing\/\" \/>\n<meta property=\"og:site_name\" content=\"Acta Region Agder\" \/>\n<meta property=\"article:published_time\" content=\"2022-01-28T09:59:24+00:00\" \/>\n<meta property=\"article:modified_time\" content=\"2022-01-28T09:59:37+00:00\" \/>\n<meta property=\"og:image\" content=\"https:\/\/www.normisjon.no\/content\/uploads\/sites\/27\/2021\/02\/SC-bilde-1024x577.jpg\" \/>\n\t<meta property=\"og:image:width\" content=\"1024\" \/>\n\t<meta property=\"og:image:height\" content=\"577\" \/>\n\t<meta property=\"og:image:type\" content=\"image\/jpeg\" \/>\n<meta name=\"author\" content=\"tonjeteist\" \/>\n<meta name=\"twitter:card\" content=\"summary_large_image\" \/>\n<meta name=\"twitter:label1\" content=\"Skrevet av\" \/>\n\t<meta name=\"twitter:data1\" content=\"tonjeteist\" \/>\n\t<meta name=\"twitter:label2\" content=\"Ansl. lesetid\" \/>\n\t<meta name=\"twitter:data2\" content=\"3 minutter\" \/>\n<script type=\"application\/ld+json\" class=\"yoast-schema-graph\">{\"@context\":\"https:\/\/schema.org\",\"@graph\":[{\"@type\":\"WebPage\",\"@id\":\"https:\/\/acta.no\/agder\/2022\/01\/28\/soul-children-gaterhing\/\",\"url\":\"https:\/\/acta.no\/agder\/2022\/01\/28\/soul-children-gaterhing\/\",\"name\":\"SOUL CHILDREN GATERHING - Acta Region Agder\",\"isPartOf\":{\"@id\":\"https:\/\/acta.no\/agder\/#website\"},\"primaryImageOfPage\":{\"@id\":\"https:\/\/acta.no\/agder\/2022\/01\/28\/soul-children-gaterhing\/#primaryimage\"},\"image\":{\"@id\":\"https:\/\/acta.no\/agder\/2022\/01\/28\/soul-children-gaterhing\/#primaryimage\"},\"thumbnailUrl\":\"https:\/\/acta.no\/content\/uploads\/sites\/27\/2022\/01\/GATHERING-1024x450.jpeg\",\"datePublished\":\"2022-01-28T09:59:24+00:00\",\"dateModified\":\"2022-01-28T09:59:37+00:00\",\"author\":{\"@id\":\"https:\/\/acta.no\/agder\/#\/schema\/person\/bd817338031915b27429f63bc324bd30\"},\"breadcrumb\":{\"@id\":\"https:\/\/acta.no\/agder\/2022\/01\/28\/soul-children-gaterhing\/#breadcrumb\"},\"inLanguage\":\"nb-NO\",\"potentialAction\":[{\"@type\":\"ReadAction\",\"target\":[\"https:\/\/acta.no\/agder\/2022\/01\/28\/soul-children-gaterhing\/\"]}]},{\"@type\":\"ImageObject\",\"inLanguage\":\"nb-NO\",\"@id\":\"https:\/\/acta.no\/agder\/2022\/01\/28\/soul-children-gaterhing\/#primaryimage\",\"url\":\"https:\/\/acta.no\/content\/uploads\/sites\/27\/2022\/01\/GATHERING-1024x450.jpeg\",\"contentUrl\":\"https:\/\/acta.no\/content\/uploads\/sites\/27\/2022\/01\/GATHERING-1024x450.jpeg\"},{\"@type\":\"BreadcrumbList\",\"@id\":\"https:\/\/acta.no\/agder\/2022\/01\/28\/soul-children-gaterhing\/#breadcrumb\",\"itemListElement\":[{\"@type\":\"ListItem\",\"position\":1,\"name\":\"Til acta.no\",\"item\":\"https:\/\/acta.no\/\"},{\"@type\":\"ListItem\",\"position\":2,\"name\":\"Region Agder\",\"item\":\"https:\/\/acta.no\/agder\/\"},{\"@type\":\"ListItem\",\"position\":3,\"name\":\"SOUL CHILDREN GATERHING\"}]},{\"@type\":\"WebSite\",\"@id\":\"https:\/\/acta.no\/agder\/#website\",\"url\":\"https:\/\/acta.no\/agder\/\",\"name\":\"Acta Region Agder\",\"description\":\"Agder\",\"potentialAction\":[{\"@type\":\"SearchAction\",\"target\":{\"@type\":\"EntryPoint\",\"urlTemplate\":\"https:\/\/acta.no\/agder\/?s={search_term_string}\"},\"query-input\":{\"@type\":\"PropertyValueSpecification\",\"valueRequired\":true,\"valueName\":\"search_term_string\"}}],\"inLanguage\":\"nb-NO\"},{\"@type\":\"Person\",\"@id\":\"https:\/\/acta.no\/agder\/#\/schema\/person\/bd817338031915b27429f63bc324bd30\",\"name\":\"tonjeteist\",\"image\":{\"@type\":\"ImageObject\",\"inLanguage\":\"nb-NO\",\"@id\":\"https:\/\/acta.no\/agder\/#\/schema\/person\/image\/\",\"url\":\"https:\/\/secure.gravatar.com\/avatar\/eccbcf3166a68f7354fec118350d5d9d851148db24d87c1c02fdabab732f0fb3?s=96&d=mm&r=g\",\"contentUrl\":\"https:\/\/secure.gravatar.com\/avatar\/eccbcf3166a68f7354fec118350d5d9d851148db24d87c1c02fdabab732f0fb3?s=96&d=mm&r=g\",\"caption\":\"tonjeteist\"}}]}<\/script>\n<!-- \/ Yoast SEO plugin. -->","yoast_head_json":{"title":"SOUL CHILDREN GATERHING - Acta Region Agder","robots":{"index":"index","follow":"follow","max-snippet":"max-snippet:-1","max-image-preview":"max-image-preview:large","max-video-preview":"max-video-preview:-1"},"canonical":"https:\/\/acta.no\/agder\/2022\/01\/28\/soul-children-gaterhing\/","og_locale":"nb_NO","og_type":"article","og_title":"SOUL CHILDREN GATERHING - Acta Region Agder","og_description":"Velkommen til Soul Children Gathering Agder\u00a012.mars Da pr\u00f8ver vi oss igjen, og er glade for \u00e5 kunne invitere til Soul Children Gathering i Agder, 12. mars. Gathering\u2019en foreg\u00e5r i Arendal Kulturhus. Der skal vi ha \u00f8velser i Mass Choir p\u00e5 dagen og holde v\u00e5r egen konsert i Arendal Kulturhus p\u00e5 kvelden. Vi har med oss [&hellip;]","og_url":"https:\/\/acta.no\/agder\/2022\/01\/28\/soul-children-gaterhing\/","og_site_name":"Acta Region Agder","article_published_time":"2022-01-28T09:59:24+00:00","article_modified_time":"2022-01-28T09:59:37+00:00","og_image":[{"width":1024,"height":577,"url":"https:\/\/www.normisjon.no\/content\/uploads\/sites\/27\/2021\/02\/SC-bilde-1024x577.jpg","type":"image\/jpeg"}],"author":"tonjeteist","twitter_card":"summary_large_image","twitter_misc":{"Skrevet av":"tonjeteist","Ansl. lesetid":"3 minutter"},"schema":{"@context":"https:\/\/schema.org","@graph":[{"@type":"WebPage","@id":"https:\/\/acta.no\/agder\/2022\/01\/28\/soul-children-gaterhing\/","url":"https:\/\/acta.no\/agder\/2022\/01\/28\/soul-children-gaterhing\/","name":"SOUL CHILDREN GATERHING - Acta Region Agder","isPartOf":{"@id":"https:\/\/acta.no\/agder\/#website"},"primaryImageOfPage":{"@id":"https:\/\/acta.no\/agder\/2022\/01\/28\/soul-children-gaterhing\/#primaryimage"},"image":{"@id":"https:\/\/acta.no\/agder\/2022\/01\/28\/soul-children-gaterhing\/#primaryimage"},"thumbnailUrl":"https:\/\/acta.no\/content\/uploads\/sites\/27\/2022\/01\/GATHERING-1024x450.jpeg","datePublished":"2022-01-28T09:59:24+00:00","dateModified":"2022-01-28T09:59:37+00:00","author":{"@id":"https:\/\/acta.no\/agder\/#\/schema\/person\/bd817338031915b27429f63bc324bd30"},"breadcrumb":{"@id":"https:\/\/acta.no\/agder\/2022\/01\/28\/soul-children-gaterhing\/#breadcrumb"},"inLanguage":"nb-NO","potentialAction":[{"@type":"ReadAction","target":["https:\/\/acta.no\/agder\/2022\/01\/28\/soul-children-gaterhing\/"]}]},{"@type":"ImageObject","inLanguage":"nb-NO","@id":"https:\/\/acta.no\/agder\/2022\/01\/28\/soul-children-gaterhing\/#primaryimage","url":"https:\/\/acta.no\/content\/uploads\/sites\/27\/2022\/01\/GATHERING-1024x450.jpeg","contentUrl":"https:\/\/acta.no\/content\/uploads\/sites\/27\/2022\/01\/GATHERING-1024x450.jpeg"},{"@type":"BreadcrumbList","@id":"https:\/\/acta.no\/agder\/2022\/01\/28\/soul-children-gaterhing\/#breadcrumb","itemListElement":[{"@type":"ListItem","position":1,"name":"Til acta.no","item":"https:\/\/acta.no\/"},{"@type":"ListItem","position":2,"name":"Region Agder","item":"https:\/\/acta.no\/agder\/"},{"@type":"ListItem","position":3,"name":"SOUL CHILDREN GATERHING"}]},{"@type":"WebSite","@id":"https:\/\/acta.no\/agder\/#website","url":"https:\/\/acta.no\/agder\/","name":"Acta Region Agder","description":"Agder","potentialAction":[{"@type":"SearchAction","target":{"@type":"EntryPoint","urlTemplate":"https:\/\/acta.no\/agder\/?s={search_term_string}"},"query-input":{"@type":"PropertyValueSpecification","valueRequired":true,"valueName":"search_term_string"}}],"inLanguage":"nb-NO"},{"@type":"Person","@id":"https:\/\/acta.no\/agder\/#\/schema\/person\/bd817338031915b27429f63bc324bd30","name":"tonjeteist","image":{"@type":"ImageObject","inLanguage":"nb-NO","@id":"https:\/\/acta.no\/agder\/#\/schema\/person\/image\/","url":"https:\/\/secure.gravatar.com\/avatar\/eccbcf3166a68f7354fec118350d5d9d851148db24d87c1c02fdabab732f0fb3?s=96&d=mm&r=g","contentUrl":"https:\/\/secure.gravatar.com\/avatar\/eccbcf3166a68f7354fec118350d5d9d851148db24d87c1c02fdabab732f0fb3?s=96&d=mm&r=g","caption":"tonjeteist"}}]}},"_links":{"self":[{"href":"https:\/\/acta.no\/agder\/wp-json\/wp\/v2\/posts\/340","targetHints":{"allow":["GET"]}}],"collection":[{"href":"https:\/\/acta.no\/agder\/wp-json\/wp\/v2\/posts"}],"about":[{"href":"https:\/\/acta.no\/agder\/wp-json\/wp\/v2\/types\/post"}],"author":[{"embeddable":true,"href":"https:\/\/acta.no\/agder\/wp-json\/wp\/v2\/users\/69"}],"replies":[{"embeddable":true,"href":"https:\/\/acta.no\/agder\/wp-json\/wp\/v2\/comments?post=340"}],"version-history":[{"count":3,"href":"https:\/\/acta.no\/agder\/wp-json\/wp\/v2\/posts\/340\/revisions"}],"predecessor-version":[{"id":346,"href":"https:\/\/acta.no\/agder\/wp-json\/wp\/v2\/posts\/340\/revisions\/346"}],"wp:attachment":[{"href":"https:\/\/acta.no\/agder\/wp-json\/wp\/v2\/media?parent=340"}],"wp:term":[{"taxonomy":"category","embeddable":true,"href":"https:\/\/acta.no\/agder\/wp-json\/wp\/v2\/categories?post=340"},{"taxonomy":"post_tag","embeddable":true,"href":"https:\/\/acta.no\/agder\/wp-json\/wp\/v2\/tags?post=340"}],"curies":[{"name":"wp","href":"https:\/\/api.w.org\/{rel}","templated":true}]}}