{"id":290,"date":"2021-09-03T09:34:50","date_gmt":"2021-09-03T09:34:50","guid":{"rendered":"http:\/\/acta.no\/agder\/?p=290"},"modified":"2021-09-03T10:42:33","modified_gmt":"2021-09-03T10:42:33","slug":"hostens-leirer","status":"publish","type":"post","link":"https:\/\/acta.no\/agder\/2021\/09\/03\/hostens-leirer\/","title":{"rendered":"H\u00d8STENS LEIRER"},"content":{"rendered":"<div class=\"gutenberg-content\">\n<p>Det blir h\u00f8stleir for tweens i oktober. Vi m\u00e5tte avlyse sommerens leir like f\u00f8r start, og tenkte at vi ville gi dere mulighet til \u00e5 dra p\u00e5 leir n\u00e5r h\u00f8sten kom. H\u00e5per mange vil melde seg p\u00e5. Det blir knall! Mer <a href=\"https:\/\/www.checkin.no\/event\/35524\/hoestleir-paa-eikely-for-4-7-trinn-15-17-oktober\">info  og p\u00e5melding her.<\/a><\/p>\n\n\n\n<ul class=\"wp-block-gallery columns-1 is-cropped wp-block-gallery-1 is-layout-flex wp-block-gallery-is-layout-flex\"><li class=\"blocks-gallery-item\"><figure><img decoding=\"async\" src=\"https:\/\/acta.no\/content\/uploads\/sites\/27\/2021\/09\/H\u00f8st-og-barn-1024x683.jpg\" alt=\"\" data-id=\"292\" data-link=\"https:\/\/acta.no\/agder\/?attachment_id=292\" class=\"wp-image-292\"\/><\/figure><\/li><\/ul>\n\n\n\n<p>Adventsleirer blir det ogs\u00e5, hele tre stykker.<\/p>\n\n\n\n<ul class=\"wp-block-gallery columns-1 is-cropped wp-block-gallery-2 is-layout-flex wp-block-gallery-is-layout-flex\"><li class=\"blocks-gallery-item\"><figure><img decoding=\"async\" src=\"https:\/\/acta.no\/content\/uploads\/sites\/27\/2021\/09\/Skjermbilde-2021-09-01-kl.-11.24.00-1024x423.png\" alt=\"\" data-id=\"299\" data-link=\"https:\/\/acta.no\/agder\/2021\/09\/03\/hostens-leirer\/skjermbilde-2021-09-01-kl-11-24-00\/\" class=\"wp-image-299\"\/><\/figure><\/li><\/ul>\n\n\n\n<p><a href=\"https:\/\/www.checkin.no\/event\/35601\/adventsleir-1-paa-eikely-19-21-nov-1-4-trinn\">P\u00e5melding og info <\/a>om Adventsleir 1 p\u00e5 Eikely, 19.-21.nov. 1-4.trinn. <\/p>\n\n\n\n<ul class=\"wp-block-gallery columns-1 is-cropped wp-block-gallery-3 is-layout-flex wp-block-gallery-is-layout-flex\"><li class=\"blocks-gallery-item\"><figure><img decoding=\"async\" src=\"https:\/\/acta.no\/content\/uploads\/sites\/27\/2021\/09\/Skjermbilde-2021-09-01-kl.-11.24.37-1024x447.png\" alt=\"\" data-id=\"294\" data-link=\"https:\/\/acta.no\/agder\/?attachment_id=294\" class=\"wp-image-294\"\/><\/figure><\/li><\/ul>\n\n\n\n<p><a href=\"https:\/\/www.checkin.no\/event\/35602\/adventsleir-2-paa-skogtun-26-28-nov-3-7-trinn\">P\u00e5melding og info<\/a> om Adventsleir 2 p\u00e5 Skogtun, 26.-28.nov. 3.-7.trinn.<\/p>\n\n\n\n<ul class=\"wp-block-gallery columns-1 is-cropped wp-block-gallery-4 is-layout-flex wp-block-gallery-is-layout-flex\"><li class=\"blocks-gallery-item\"><figure><img decoding=\"async\" src=\"https:\/\/acta.no\/content\/uploads\/sites\/27\/2021\/09\/Skjermbilde-2021-09-03-kl.-12.38.19-1024x423.png\" alt=\"\" data-id=\"308\" data-link=\"https:\/\/acta.no\/agder\/2021\/09\/03\/hostens-leirer\/skjermbilde-2021-09-03-kl-12-38-19\/\" class=\"wp-image-308\"\/><\/figure><\/li><\/ul>\n\n\n\n<p><a href=\"https:\/\/www.checkin.no\/event\/35603\/adventsleir-3-paa-eikely-3-5-desember-4-7-trinn\">P\u00e5melding og info<\/a> om Adventsleir 3 p\u00e5 Eikely, 3.-5.desember. 4.-7.trinn.<\/p>\n<\/div>","protected":false},"excerpt":{"rendered":"<p>Det blir h\u00f8stleir for tweens i oktober. Vi m\u00e5tte avlyse sommerens leir like f\u00f8r start, og tenkte at vi ville gi dere mulighet til \u00e5 dra p\u00e5 leir n\u00e5r h\u00f8sten kom. H\u00e5per mange vil melde seg p\u00e5. Det blir knall! Mer info og p\u00e5melding her. Adventsleirer blir det ogs\u00e5, hele tre stykker. P\u00e5melding og info [&hellip;]<\/p>\n","protected":false},"author":69,"featured_media":0,"comment_status":"closed","ping_status":"closed","sticky":false,"template":"","format":"standard","meta":{"_acf_changed":false,"footnotes":""},"categories":[1],"tags":[],"class_list":["post-290","post","type-post","status-publish","format-standard","hentry","category-uncategorized"],"acf":[],"yoast_head":"<!-- This site is optimized with the Yoast SEO plugin v25.9 - https:\/\/yoast.com\/wordpress\/plugins\/seo\/ -->\n<title>H\u00d8STENS LEIRER - Acta Region Agder<\/title>\n<meta name=\"robots\" content=\"index, follow, max-snippet:-1, max-image-preview:large, max-video-preview:-1\" \/>\n<link rel=\"canonical\" href=\"https:\/\/acta.no\/agder\/2021\/09\/03\/hostens-leirer\/\" \/>\n<meta property=\"og:locale\" content=\"nb_NO\" \/>\n<meta property=\"og:type\" content=\"article\" \/>\n<meta property=\"og:title\" content=\"H\u00d8STENS LEIRER - Acta Region Agder\" \/>\n<meta property=\"og:description\" content=\"Det blir h\u00f8stleir for tweens i oktober. Vi m\u00e5tte avlyse sommerens leir like f\u00f8r start, og tenkte at vi ville gi dere mulighet til \u00e5 dra p\u00e5 leir n\u00e5r h\u00f8sten kom. H\u00e5per mange vil melde seg p\u00e5. Det blir knall! Mer info og p\u00e5melding her. Adventsleirer blir det ogs\u00e5, hele tre stykker. P\u00e5melding og info [&hellip;]\" \/>\n<meta property=\"og:url\" content=\"https:\/\/acta.no\/agder\/2021\/09\/03\/hostens-leirer\/\" \/>\n<meta property=\"og:site_name\" content=\"Acta Region Agder\" \/>\n<meta property=\"article:published_time\" content=\"2021-09-03T09:34:50+00:00\" \/>\n<meta property=\"article:modified_time\" content=\"2021-09-03T10:42:33+00:00\" \/>\n<meta property=\"og:image\" content=\"https:\/\/www.normisjon.no\/content\/uploads\/sites\/27\/2021\/09\/H\u00f8st-og-barn.jpg\" \/>\n\t<meta property=\"og:image:width\" content=\"1200\" \/>\n\t<meta property=\"og:image:height\" content=\"800\" \/>\n\t<meta property=\"og:image:type\" content=\"image\/jpeg\" \/>\n<meta name=\"author\" content=\"tonjeteist\" \/>\n<meta name=\"twitter:card\" content=\"summary_large_image\" \/>\n<meta name=\"twitter:label1\" content=\"Skrevet av\" \/>\n\t<meta name=\"twitter:data1\" content=\"tonjeteist\" \/>\n<script type=\"application\/ld+json\" class=\"yoast-schema-graph\">{\"@context\":\"https:\/\/schema.org\",\"@graph\":[{\"@type\":\"WebPage\",\"@id\":\"https:\/\/acta.no\/agder\/2021\/09\/03\/hostens-leirer\/\",\"url\":\"https:\/\/acta.no\/agder\/2021\/09\/03\/hostens-leirer\/\",\"name\":\"H\u00d8STENS LEIRER - Acta Region Agder\",\"isPartOf\":{\"@id\":\"https:\/\/acta.no\/agder\/#website\"},\"primaryImageOfPage\":{\"@id\":\"https:\/\/acta.no\/agder\/2021\/09\/03\/hostens-leirer\/#primaryimage\"},\"image\":{\"@id\":\"https:\/\/acta.no\/agder\/2021\/09\/03\/hostens-leirer\/#primaryimage\"},\"thumbnailUrl\":\"https:\/\/acta.no\/content\/uploads\/sites\/27\/2021\/09\/Skjermbilde-2021-09-01-kl.-11.24.00-1024x423.png\",\"datePublished\":\"2021-09-03T09:34:50+00:00\",\"dateModified\":\"2021-09-03T10:42:33+00:00\",\"author\":{\"@id\":\"https:\/\/acta.no\/agder\/#\/schema\/person\/bd817338031915b27429f63bc324bd30\"},\"breadcrumb\":{\"@id\":\"https:\/\/acta.no\/agder\/2021\/09\/03\/hostens-leirer\/#breadcrumb\"},\"inLanguage\":\"nb-NO\",\"potentialAction\":[{\"@type\":\"ReadAction\",\"target\":[\"https:\/\/acta.no\/agder\/2021\/09\/03\/hostens-leirer\/\"]}]},{\"@type\":\"ImageObject\",\"inLanguage\":\"nb-NO\",\"@id\":\"https:\/\/acta.no\/agder\/2021\/09\/03\/hostens-leirer\/#primaryimage\",\"url\":\"https:\/\/acta.no\/content\/uploads\/sites\/27\/2021\/09\/Skjermbilde-2021-09-01-kl.-11.24.00-1024x423.png\",\"contentUrl\":\"https:\/\/acta.no\/content\/uploads\/sites\/27\/2021\/09\/Skjermbilde-2021-09-01-kl.-11.24.00-1024x423.png\"},{\"@type\":\"BreadcrumbList\",\"@id\":\"https:\/\/acta.no\/agder\/2021\/09\/03\/hostens-leirer\/#breadcrumb\",\"itemListElement\":[{\"@type\":\"ListItem\",\"position\":1,\"name\":\"Til acta.no\",\"item\":\"https:\/\/acta.no\/\"},{\"@type\":\"ListItem\",\"position\":2,\"name\":\"Region Agder\",\"item\":\"https:\/\/acta.no\/agder\/\"},{\"@type\":\"ListItem\",\"position\":3,\"name\":\"H\u00d8STENS LEIRER\"}]},{\"@type\":\"WebSite\",\"@id\":\"https:\/\/acta.no\/agder\/#website\",\"url\":\"https:\/\/acta.no\/agder\/\",\"name\":\"Acta Region Agder\",\"description\":\"Agder\",\"potentialAction\":[{\"@type\":\"SearchAction\",\"target\":{\"@type\":\"EntryPoint\",\"urlTemplate\":\"https:\/\/acta.no\/agder\/?s={search_term_string}\"},\"query-input\":{\"@type\":\"PropertyValueSpecification\",\"valueRequired\":true,\"valueName\":\"search_term_string\"}}],\"inLanguage\":\"nb-NO\"},{\"@type\":\"Person\",\"@id\":\"https:\/\/acta.no\/agder\/#\/schema\/person\/bd817338031915b27429f63bc324bd30\",\"name\":\"tonjeteist\",\"image\":{\"@type\":\"ImageObject\",\"inLanguage\":\"nb-NO\",\"@id\":\"https:\/\/acta.no\/agder\/#\/schema\/person\/image\/\",\"url\":\"https:\/\/secure.gravatar.com\/avatar\/eccbcf3166a68f7354fec118350d5d9d851148db24d87c1c02fdabab732f0fb3?s=96&d=mm&r=g\",\"contentUrl\":\"https:\/\/secure.gravatar.com\/avatar\/eccbcf3166a68f7354fec118350d5d9d851148db24d87c1c02fdabab732f0fb3?s=96&d=mm&r=g\",\"caption\":\"tonjeteist\"}}]}<\/script>\n<!-- \/ Yoast SEO plugin. -->","yoast_head_json":{"title":"H\u00d8STENS LEIRER - Acta Region Agder","robots":{"index":"index","follow":"follow","max-snippet":"max-snippet:-1","max-image-preview":"max-image-preview:large","max-video-preview":"max-video-preview:-1"},"canonical":"https:\/\/acta.no\/agder\/2021\/09\/03\/hostens-leirer\/","og_locale":"nb_NO","og_type":"article","og_title":"H\u00d8STENS LEIRER - Acta Region Agder","og_description":"Det blir h\u00f8stleir for tweens i oktober. Vi m\u00e5tte avlyse sommerens leir like f\u00f8r start, og tenkte at vi ville gi dere mulighet til \u00e5 dra p\u00e5 leir n\u00e5r h\u00f8sten kom. H\u00e5per mange vil melde seg p\u00e5. Det blir knall! Mer info og p\u00e5melding her. Adventsleirer blir det ogs\u00e5, hele tre stykker. P\u00e5melding og info [&hellip;]","og_url":"https:\/\/acta.no\/agder\/2021\/09\/03\/hostens-leirer\/","og_site_name":"Acta Region Agder","article_published_time":"2021-09-03T09:34:50+00:00","article_modified_time":"2021-09-03T10:42:33+00:00","og_image":[{"width":1200,"height":800,"url":"https:\/\/www.normisjon.no\/content\/uploads\/sites\/27\/2021\/09\/H\u00f8st-og-barn.jpg","type":"image\/jpeg"}],"author":"tonjeteist","twitter_card":"summary_large_image","twitter_misc":{"Skrevet av":"tonjeteist"},"schema":{"@context":"https:\/\/schema.org","@graph":[{"@type":"WebPage","@id":"https:\/\/acta.no\/agder\/2021\/09\/03\/hostens-leirer\/","url":"https:\/\/acta.no\/agder\/2021\/09\/03\/hostens-leirer\/","name":"H\u00d8STENS LEIRER - Acta Region Agder","isPartOf":{"@id":"https:\/\/acta.no\/agder\/#website"},"primaryImageOfPage":{"@id":"https:\/\/acta.no\/agder\/2021\/09\/03\/hostens-leirer\/#primaryimage"},"image":{"@id":"https:\/\/acta.no\/agder\/2021\/09\/03\/hostens-leirer\/#primaryimage"},"thumbnailUrl":"https:\/\/acta.no\/content\/uploads\/sites\/27\/2021\/09\/Skjermbilde-2021-09-01-kl.-11.24.00-1024x423.png","datePublished":"2021-09-03T09:34:50+00:00","dateModified":"2021-09-03T10:42:33+00:00","author":{"@id":"https:\/\/acta.no\/agder\/#\/schema\/person\/bd817338031915b27429f63bc324bd30"},"breadcrumb":{"@id":"https:\/\/acta.no\/agder\/2021\/09\/03\/hostens-leirer\/#breadcrumb"},"inLanguage":"nb-NO","potentialAction":[{"@type":"ReadAction","target":["https:\/\/acta.no\/agder\/2021\/09\/03\/hostens-leirer\/"]}]},{"@type":"ImageObject","inLanguage":"nb-NO","@id":"https:\/\/acta.no\/agder\/2021\/09\/03\/hostens-leirer\/#primaryimage","url":"https:\/\/acta.no\/content\/uploads\/sites\/27\/2021\/09\/Skjermbilde-2021-09-01-kl.-11.24.00-1024x423.png","contentUrl":"https:\/\/acta.no\/content\/uploads\/sites\/27\/2021\/09\/Skjermbilde-2021-09-01-kl.-11.24.00-1024x423.png"},{"@type":"BreadcrumbList","@id":"https:\/\/acta.no\/agder\/2021\/09\/03\/hostens-leirer\/#breadcrumb","itemListElement":[{"@type":"ListItem","position":1,"name":"Til acta.no","item":"https:\/\/acta.no\/"},{"@type":"ListItem","position":2,"name":"Region Agder","item":"https:\/\/acta.no\/agder\/"},{"@type":"ListItem","position":3,"name":"H\u00d8STENS LEIRER"}]},{"@type":"WebSite","@id":"https:\/\/acta.no\/agder\/#website","url":"https:\/\/acta.no\/agder\/","name":"Acta Region Agder","description":"Agder","potentialAction":[{"@type":"SearchAction","target":{"@type":"EntryPoint","urlTemplate":"https:\/\/acta.no\/agder\/?s={search_term_string}"},"query-input":{"@type":"PropertyValueSpecification","valueRequired":true,"valueName":"search_term_string"}}],"inLanguage":"nb-NO"},{"@type":"Person","@id":"https:\/\/acta.no\/agder\/#\/schema\/person\/bd817338031915b27429f63bc324bd30","name":"tonjeteist","image":{"@type":"ImageObject","inLanguage":"nb-NO","@id":"https:\/\/acta.no\/agder\/#\/schema\/person\/image\/","url":"https:\/\/secure.gravatar.com\/avatar\/eccbcf3166a68f7354fec118350d5d9d851148db24d87c1c02fdabab732f0fb3?s=96&d=mm&r=g","contentUrl":"https:\/\/secure.gravatar.com\/avatar\/eccbcf3166a68f7354fec118350d5d9d851148db24d87c1c02fdabab732f0fb3?s=96&d=mm&r=g","caption":"tonjeteist"}}]}},"_links":{"self":[{"href":"https:\/\/acta.no\/agder\/wp-json\/wp\/v2\/posts\/290","targetHints":{"allow":["GET"]}}],"collection":[{"href":"https:\/\/acta.no\/agder\/wp-json\/wp\/v2\/posts"}],"about":[{"href":"https:\/\/acta.no\/agder\/wp-json\/wp\/v2\/types\/post"}],"author":[{"embeddable":true,"href":"https:\/\/acta.no\/agder\/wp-json\/wp\/v2\/users\/69"}],"replies":[{"embeddable":true,"href":"https:\/\/acta.no\/agder\/wp-json\/wp\/v2\/comments?post=290"}],"version-history":[{"count":2,"href":"https:\/\/acta.no\/agder\/wp-json\/wp\/v2\/posts\/290\/revisions"}],"predecessor-version":[{"id":310,"href":"https:\/\/acta.no\/agder\/wp-json\/wp\/v2\/posts\/290\/revisions\/310"}],"wp:attachment":[{"href":"https:\/\/acta.no\/agder\/wp-json\/wp\/v2\/media?parent=290"}],"wp:term":[{"taxonomy":"category","embeddable":true,"href":"https:\/\/acta.no\/agder\/wp-json\/wp\/v2\/categories?post=290"},{"taxonomy":"post_tag","embeddable":true,"href":"https:\/\/acta.no\/agder\/wp-json\/wp\/v2\/tags?post=290"}],"curies":[{"name":"wp","href":"https:\/\/api.w.org\/{rel}","templated":true}]}}