{"id":255,"date":"2021-02-19T19:42:41","date_gmt":"2021-02-19T19:42:41","guid":{"rendered":"http:\/\/acta.no\/agder\/?p=255"},"modified":"2021-03-23T09:56:25","modified_gmt":"2021-03-23T09:56:25","slug":"digitale-ledersamlinger-i-agder","status":"publish","type":"post","link":"https:\/\/acta.no\/agder\/2021\/02\/19\/digitale-ledersamlinger-i-agder\/","title":{"rendered":"DIGITALE LEDERSAMLINGER I AGDER"},"content":{"rendered":"<div class=\"gutenberg-content\">\n<p>I mars inviteres alle lagsledere i Acta region Agder til \u00e5 v\u00e6re med p\u00e5 digitale ledersamlinger! Vi \u00f8nsker rett og slett og m\u00f8te dere, bli bedre kjent og knytte kontakter p\u00e5 tvers av lag og kommunegrenser. &nbsp;Til sammen er vi mange, derfor deler vi inn i 4 ulike samlinger. &nbsp;<br>Noe av det viktigste vi kan gj\u00f8re er \u00e5 dele erfaringer med hverandre. Dere trofaste ledere i Acta sitter p\u00e5 s\u00e5 mye erfaringskompetanse som vi gjerne vil f\u00e5 ta del i! I tillegg \u00f8nsker vi \u00e5 h\u00f8re dere fortelle hva regionen kan bidra med og gjerne hva dere &nbsp;dr\u00f8mmer om.<br>Sett p\u00e5 kaffen, finn fram skjermen, gjerne i sammen med flere av lokallagets ledere, og bli med p\u00e5 samlingen, som vil foreg\u00e5 p\u00e5 zoom. <\/p>\n\n\n\n<p>Under finner du oversikten over alle samlingene. Sett av datoene allerede i dag! Vi vil sende p\u00e5minnelse og zoom-link p\u00e5 mail til de ulike lagene. Vi har ogs\u00e5 opprettet 3 ulike grupper p\u00e5 FB i tillegg til den eksisterende Soul Children Leder-gruppa. Finn din gruppe lenger ned p\u00e5 denne siden!!<\/p>\n\n\n\n<p><strong>ALLE SAMLINGENE VARER FRA 19.30-21.00.<\/strong> <\/p>\n\n\n\n<p><strong>Ungdomslag og ungdomskor: 16.mars:<\/strong><\/p>\n\n\n\n<div class=\"wp-block-image\"><figure class=\"aligncenter\"><img loading=\"lazy\" decoding=\"async\" width=\"1024\" height=\"760\" src=\"https:\/\/acta.no\/content\/uploads\/sites\/27\/2020\/01\/AdobeStock_1106009701-1024x760.jpeg\" alt=\"\" class=\"wp-image-43\" srcset=\"https:\/\/www.normisjon.no\/content\/uploads\/sites\/27\/2020\/01\/AdobeStock_1106009701-1024x760.jpeg 1024w, https:\/\/www.normisjon.no\/content\/uploads\/sites\/27\/2020\/01\/AdobeStock_1106009701-300x223.jpeg 300w, https:\/\/www.normisjon.no\/content\/uploads\/sites\/27\/2020\/01\/AdobeStock_1106009701-768x570.jpeg 768w, https:\/\/www.normisjon.no\/content\/uploads\/sites\/27\/2020\/01\/AdobeStock_1106009701-1920x1425.jpeg 1920w, https:\/\/www.normisjon.no\/content\/uploads\/sites\/27\/2020\/01\/AdobeStock_1106009701-1360x1010.jpeg 1360w, https:\/\/www.normisjon.no\/content\/uploads\/sites\/27\/2020\/01\/AdobeStock_1106009701-960x713.jpeg 960w\" sizes=\"auto, (max-width: 1024px) 100vw, 1024px\" \/><\/figure><\/div>\n\n\n\n<p>Vi regner alderen p\u00e5 dem som er med i et ungdomsarbeid fra 13 &#8211; 19 \u00e5r. I l\u00f8pet av samlingen blir det mulighet for \u00e5 samle korledere og &laquo;klubb&raquo;ledere i hver sine rom p\u00e5 zoom. Bli ogs\u00e5 med i den lukkede FB-gruppa som er for dere som er ledere i et ungdomsarbeid. Vi \u00f8nsker en dynamisk gruppe, der det er rom for ideutveksling, innspill og ikke minst; etablere samarbeid. Vi har tro p\u00e5 nettverksbygging, og blant ungdom i Agder ser vi mulighet for samarbeid b\u00e5de om leirer, missionweeks, ledertrening, turer og utveksling. <a href=\"https:\/\/www.facebook.com\/groups\/850988469086164\">Trykk her og bli medlem i FB-gruppa! <\/a><\/p>\n\n\n\n<p><strong>Barnelag og barnekor: 18.mars:<\/strong><\/p>\n\n\n\n<figure class=\"wp-block-image\"><img decoding=\"async\" src=\"https:\/\/acta.no\/content\/uploads\/sites\/27\/2021\/02\/BARN-1024x683.jpg\" alt=\"\" class=\"wp-image-256\"\/><\/figure>\n\n\n\n<p>Vi regner alderen p\u00e5 dem som er med i et barnelagsarbeid fra (2) 4-10 \u00e5r. I l\u00f8pet av samlingen blir det mulighet for \u00e5 samle korledere og lagsledere i hver sine rom p\u00e5 zoom. Bli ogs\u00e5 med i den lukkede FB-gruppa som er for dere som er ledere i et barnearbeid. I denne gruppa kan vi dele aktivitetestips, andaktsmateriell og ellers det vi m\u00e5tte ha p\u00e5 hjertet av sp\u00f8rsm\u00e5l og tanker om arbeidet. <a href=\"https:\/\/www.facebook.com\/groups\/1358172677899513\/?modal=false&amp;should_open_composer=false\">Trykk her og bli medlem i FB-gruppa! <\/a><\/p>\n\n\n\n<p><strong>Tweenslag og tweenskor: 22.mars<\/strong><\/p>\n\n\n\n<figure class=\"wp-block-image\"><img decoding=\"async\" src=\"https:\/\/acta.no\/content\/uploads\/sites\/27\/2021\/02\/Tweens-1024x683.jpg\" alt=\"\" class=\"wp-image-257\"\/><\/figure>\n\n\n\n<p>Vi regner alderen p\u00e5 dem som er med i et tweensarbeid fra 10-12\/13 \u00e5r. I l\u00f8pet av samlingen blir det mulighet for \u00e5 samle korledere og lagsledere i hver sine rom p\u00e5 zoom. Bli ogs\u00e5 med i den lukkede FB-gruppa som er for dere som er ledere i et tweensarbeid. I denne gruppa kan vi dele aktivitetestips, andaktsmateriell og ellers det vi m\u00e5tte ha p\u00e5 hjertet av sp\u00f8rsm\u00e5l og tanker om arbeidet. <a href=\"https:\/\/www.facebook.com\/groups\/184428186775245\/?modal=false&amp;should_open_composer=false\">Trykk p\u00e5 knappen under og sp\u00f8r om \u00e5 bli medlem! <\/a><\/p>\n\n\n\n<p><strong>Soul Children: 26.april (ny dato):<\/strong><\/p>\n\n\n\n<figure class=\"wp-block-image\"><img decoding=\"async\" src=\"https:\/\/acta.no\/content\/uploads\/sites\/27\/2021\/02\/SC-bilde-1024x577.jpg\" alt=\"\" class=\"wp-image-258\"\/><\/figure>\n\n\n\n<p>SC-arbeidet er allerede godt etablert i Agder med tanke p\u00e5 samarbeidsprosjekter og lederoppf\u00f8lging. Dere har allerede en FB-gruppe som mange er medlemmer i, men hvis du ikke er det kan du finne&nbsp;gruppa <a href=\"https:\/\/www.facebook.com\/groups\/scledereagder?modal=false&amp;should_open_composer=false\">ved \u00e5 trykke p\u00e5 her!<\/a> Vi h\u00e5per mange blir med p\u00e5 samlingen. Vi skal snakke om Gathering 2021, Soul Teens og ikke minst h\u00f8re p\u00e5 siste nytt fra dere korledere!<\/p>\n<\/div>","protected":false},"excerpt":{"rendered":"<p>I mars inviteres alle lagsledere i Acta region Agder til \u00e5 v\u00e6re med p\u00e5 digitale ledersamlinger! Vi \u00f8nsker rett og slett og m\u00f8te dere, bli bedre kjent og knytte kontakter p\u00e5 tvers av lag og kommunegrenser. &nbsp;Til sammen er vi mange, derfor deler vi inn i 4 ulike samlinger. &nbsp;Noe av det viktigste vi kan [&hellip;]<\/p>\n","protected":false},"author":69,"featured_media":260,"comment_status":"closed","ping_status":"closed","sticky":false,"template":"","format":"standard","meta":{"_acf_changed":false,"footnotes":""},"categories":[1],"tags":[],"class_list":["post-255","post","type-post","status-publish","format-standard","has-post-thumbnail","hentry","category-uncategorized"],"acf":[],"yoast_head":"<!-- This site is optimized with the Yoast SEO plugin v25.9 - https:\/\/yoast.com\/wordpress\/plugins\/seo\/ -->\n<title>DIGITALE LEDERSAMLINGER I AGDER - Acta Region Agder<\/title>\n<meta name=\"robots\" content=\"index, follow, max-snippet:-1, max-image-preview:large, max-video-preview:-1\" \/>\n<link rel=\"canonical\" href=\"https:\/\/acta.no\/agder\/2021\/02\/19\/digitale-ledersamlinger-i-agder\/\" \/>\n<meta property=\"og:locale\" content=\"nb_NO\" \/>\n<meta property=\"og:type\" content=\"article\" \/>\n<meta property=\"og:title\" content=\"DIGITALE LEDERSAMLINGER I AGDER - Acta Region Agder\" \/>\n<meta property=\"og:description\" content=\"I mars inviteres alle lagsledere i Acta region Agder til \u00e5 v\u00e6re med p\u00e5 digitale ledersamlinger! Vi \u00f8nsker rett og slett og m\u00f8te dere, bli bedre kjent og knytte kontakter p\u00e5 tvers av lag og kommunegrenser. &nbsp;Til sammen er vi mange, derfor deler vi inn i 4 ulike samlinger. &nbsp;Noe av det viktigste vi kan [&hellip;]\" \/>\n<meta property=\"og:url\" content=\"https:\/\/acta.no\/agder\/2021\/02\/19\/digitale-ledersamlinger-i-agder\/\" \/>\n<meta property=\"og:site_name\" content=\"Acta Region Agder\" \/>\n<meta property=\"article:published_time\" content=\"2021-02-19T19:42:41+00:00\" \/>\n<meta property=\"article:modified_time\" content=\"2021-03-23T09:56:25+00:00\" \/>\n<meta property=\"og:image\" content=\"https:\/\/www.normisjon.no\/content\/uploads\/sites\/27\/2021\/02\/Digital-kirke.jpg\" \/>\n\t<meta property=\"og:image:width\" content=\"495\" \/>\n\t<meta property=\"og:image:height\" content=\"240\" \/>\n\t<meta property=\"og:image:type\" content=\"image\/jpeg\" \/>\n<meta name=\"author\" content=\"tonjeteist\" \/>\n<meta name=\"twitter:card\" content=\"summary_large_image\" \/>\n<meta name=\"twitter:label1\" content=\"Skrevet av\" \/>\n\t<meta name=\"twitter:data1\" content=\"tonjeteist\" \/>\n\t<meta name=\"twitter:label2\" content=\"Ansl. lesetid\" \/>\n\t<meta name=\"twitter:data2\" content=\"3 minutter\" \/>\n<script type=\"application\/ld+json\" class=\"yoast-schema-graph\">{\"@context\":\"https:\/\/schema.org\",\"@graph\":[{\"@type\":\"WebPage\",\"@id\":\"https:\/\/acta.no\/agder\/2021\/02\/19\/digitale-ledersamlinger-i-agder\/\",\"url\":\"https:\/\/acta.no\/agder\/2021\/02\/19\/digitale-ledersamlinger-i-agder\/\",\"name\":\"DIGITALE LEDERSAMLINGER I AGDER - Acta Region Agder\",\"isPartOf\":{\"@id\":\"https:\/\/acta.no\/agder\/#website\"},\"primaryImageOfPage\":{\"@id\":\"https:\/\/acta.no\/agder\/2021\/02\/19\/digitale-ledersamlinger-i-agder\/#primaryimage\"},\"image\":{\"@id\":\"https:\/\/acta.no\/agder\/2021\/02\/19\/digitale-ledersamlinger-i-agder\/#primaryimage\"},\"thumbnailUrl\":\"https:\/\/www.normisjon.no\/content\/uploads\/sites\/27\/2021\/02\/Digital-kirke.jpg\",\"datePublished\":\"2021-02-19T19:42:41+00:00\",\"dateModified\":\"2021-03-23T09:56:25+00:00\",\"author\":{\"@id\":\"https:\/\/acta.no\/agder\/#\/schema\/person\/bd817338031915b27429f63bc324bd30\"},\"breadcrumb\":{\"@id\":\"https:\/\/acta.no\/agder\/2021\/02\/19\/digitale-ledersamlinger-i-agder\/#breadcrumb\"},\"inLanguage\":\"nb-NO\",\"potentialAction\":[{\"@type\":\"ReadAction\",\"target\":[\"https:\/\/acta.no\/agder\/2021\/02\/19\/digitale-ledersamlinger-i-agder\/\"]}]},{\"@type\":\"ImageObject\",\"inLanguage\":\"nb-NO\",\"@id\":\"https:\/\/acta.no\/agder\/2021\/02\/19\/digitale-ledersamlinger-i-agder\/#primaryimage\",\"url\":\"https:\/\/www.normisjon.no\/content\/uploads\/sites\/27\/2021\/02\/Digital-kirke.jpg\",\"contentUrl\":\"https:\/\/www.normisjon.no\/content\/uploads\/sites\/27\/2021\/02\/Digital-kirke.jpg\",\"width\":495,\"height\":240},{\"@type\":\"BreadcrumbList\",\"@id\":\"https:\/\/acta.no\/agder\/2021\/02\/19\/digitale-ledersamlinger-i-agder\/#breadcrumb\",\"itemListElement\":[{\"@type\":\"ListItem\",\"position\":1,\"name\":\"Til acta.no\",\"item\":\"https:\/\/acta.no\/\"},{\"@type\":\"ListItem\",\"position\":2,\"name\":\"Region Agder\",\"item\":\"https:\/\/acta.no\/agder\/\"},{\"@type\":\"ListItem\",\"position\":3,\"name\":\"DIGITALE LEDERSAMLINGER I AGDER\"}]},{\"@type\":\"WebSite\",\"@id\":\"https:\/\/acta.no\/agder\/#website\",\"url\":\"https:\/\/acta.no\/agder\/\",\"name\":\"Acta Region Agder\",\"description\":\"Agder\",\"potentialAction\":[{\"@type\":\"SearchAction\",\"target\":{\"@type\":\"EntryPoint\",\"urlTemplate\":\"https:\/\/acta.no\/agder\/?s={search_term_string}\"},\"query-input\":{\"@type\":\"PropertyValueSpecification\",\"valueRequired\":true,\"valueName\":\"search_term_string\"}}],\"inLanguage\":\"nb-NO\"},{\"@type\":\"Person\",\"@id\":\"https:\/\/acta.no\/agder\/#\/schema\/person\/bd817338031915b27429f63bc324bd30\",\"name\":\"tonjeteist\",\"image\":{\"@type\":\"ImageObject\",\"inLanguage\":\"nb-NO\",\"@id\":\"https:\/\/acta.no\/agder\/#\/schema\/person\/image\/\",\"url\":\"https:\/\/secure.gravatar.com\/avatar\/eccbcf3166a68f7354fec118350d5d9d851148db24d87c1c02fdabab732f0fb3?s=96&d=mm&r=g\",\"contentUrl\":\"https:\/\/secure.gravatar.com\/avatar\/eccbcf3166a68f7354fec118350d5d9d851148db24d87c1c02fdabab732f0fb3?s=96&d=mm&r=g\",\"caption\":\"tonjeteist\"}}]}<\/script>\n<!-- \/ Yoast SEO plugin. -->","yoast_head_json":{"title":"DIGITALE LEDERSAMLINGER I AGDER - Acta Region Agder","robots":{"index":"index","follow":"follow","max-snippet":"max-snippet:-1","max-image-preview":"max-image-preview:large","max-video-preview":"max-video-preview:-1"},"canonical":"https:\/\/acta.no\/agder\/2021\/02\/19\/digitale-ledersamlinger-i-agder\/","og_locale":"nb_NO","og_type":"article","og_title":"DIGITALE LEDERSAMLINGER I AGDER - Acta Region Agder","og_description":"I mars inviteres alle lagsledere i Acta region Agder til \u00e5 v\u00e6re med p\u00e5 digitale ledersamlinger! Vi \u00f8nsker rett og slett og m\u00f8te dere, bli bedre kjent og knytte kontakter p\u00e5 tvers av lag og kommunegrenser. &nbsp;Til sammen er vi mange, derfor deler vi inn i 4 ulike samlinger. &nbsp;Noe av det viktigste vi kan [&hellip;]","og_url":"https:\/\/acta.no\/agder\/2021\/02\/19\/digitale-ledersamlinger-i-agder\/","og_site_name":"Acta Region Agder","article_published_time":"2021-02-19T19:42:41+00:00","article_modified_time":"2021-03-23T09:56:25+00:00","og_image":[{"width":495,"height":240,"url":"https:\/\/www.normisjon.no\/content\/uploads\/sites\/27\/2021\/02\/Digital-kirke.jpg","type":"image\/jpeg"}],"author":"tonjeteist","twitter_card":"summary_large_image","twitter_misc":{"Skrevet av":"tonjeteist","Ansl. lesetid":"3 minutter"},"schema":{"@context":"https:\/\/schema.org","@graph":[{"@type":"WebPage","@id":"https:\/\/acta.no\/agder\/2021\/02\/19\/digitale-ledersamlinger-i-agder\/","url":"https:\/\/acta.no\/agder\/2021\/02\/19\/digitale-ledersamlinger-i-agder\/","name":"DIGITALE LEDERSAMLINGER I AGDER - Acta Region Agder","isPartOf":{"@id":"https:\/\/acta.no\/agder\/#website"},"primaryImageOfPage":{"@id":"https:\/\/acta.no\/agder\/2021\/02\/19\/digitale-ledersamlinger-i-agder\/#primaryimage"},"image":{"@id":"https:\/\/acta.no\/agder\/2021\/02\/19\/digitale-ledersamlinger-i-agder\/#primaryimage"},"thumbnailUrl":"https:\/\/www.normisjon.no\/content\/uploads\/sites\/27\/2021\/02\/Digital-kirke.jpg","datePublished":"2021-02-19T19:42:41+00:00","dateModified":"2021-03-23T09:56:25+00:00","author":{"@id":"https:\/\/acta.no\/agder\/#\/schema\/person\/bd817338031915b27429f63bc324bd30"},"breadcrumb":{"@id":"https:\/\/acta.no\/agder\/2021\/02\/19\/digitale-ledersamlinger-i-agder\/#breadcrumb"},"inLanguage":"nb-NO","potentialAction":[{"@type":"ReadAction","target":["https:\/\/acta.no\/agder\/2021\/02\/19\/digitale-ledersamlinger-i-agder\/"]}]},{"@type":"ImageObject","inLanguage":"nb-NO","@id":"https:\/\/acta.no\/agder\/2021\/02\/19\/digitale-ledersamlinger-i-agder\/#primaryimage","url":"https:\/\/www.normisjon.no\/content\/uploads\/sites\/27\/2021\/02\/Digital-kirke.jpg","contentUrl":"https:\/\/www.normisjon.no\/content\/uploads\/sites\/27\/2021\/02\/Digital-kirke.jpg","width":495,"height":240},{"@type":"BreadcrumbList","@id":"https:\/\/acta.no\/agder\/2021\/02\/19\/digitale-ledersamlinger-i-agder\/#breadcrumb","itemListElement":[{"@type":"ListItem","position":1,"name":"Til acta.no","item":"https:\/\/acta.no\/"},{"@type":"ListItem","position":2,"name":"Region Agder","item":"https:\/\/acta.no\/agder\/"},{"@type":"ListItem","position":3,"name":"DIGITALE LEDERSAMLINGER I AGDER"}]},{"@type":"WebSite","@id":"https:\/\/acta.no\/agder\/#website","url":"https:\/\/acta.no\/agder\/","name":"Acta Region Agder","description":"Agder","potentialAction":[{"@type":"SearchAction","target":{"@type":"EntryPoint","urlTemplate":"https:\/\/acta.no\/agder\/?s={search_term_string}"},"query-input":{"@type":"PropertyValueSpecification","valueRequired":true,"valueName":"search_term_string"}}],"inLanguage":"nb-NO"},{"@type":"Person","@id":"https:\/\/acta.no\/agder\/#\/schema\/person\/bd817338031915b27429f63bc324bd30","name":"tonjeteist","image":{"@type":"ImageObject","inLanguage":"nb-NO","@id":"https:\/\/acta.no\/agder\/#\/schema\/person\/image\/","url":"https:\/\/secure.gravatar.com\/avatar\/eccbcf3166a68f7354fec118350d5d9d851148db24d87c1c02fdabab732f0fb3?s=96&d=mm&r=g","contentUrl":"https:\/\/secure.gravatar.com\/avatar\/eccbcf3166a68f7354fec118350d5d9d851148db24d87c1c02fdabab732f0fb3?s=96&d=mm&r=g","caption":"tonjeteist"}}]}},"_links":{"self":[{"href":"https:\/\/acta.no\/agder\/wp-json\/wp\/v2\/posts\/255","targetHints":{"allow":["GET"]}}],"collection":[{"href":"https:\/\/acta.no\/agder\/wp-json\/wp\/v2\/posts"}],"about":[{"href":"https:\/\/acta.no\/agder\/wp-json\/wp\/v2\/types\/post"}],"author":[{"embeddable":true,"href":"https:\/\/acta.no\/agder\/wp-json\/wp\/v2\/users\/69"}],"replies":[{"embeddable":true,"href":"https:\/\/acta.no\/agder\/wp-json\/wp\/v2\/comments?post=255"}],"version-history":[{"count":3,"href":"https:\/\/acta.no\/agder\/wp-json\/wp\/v2\/posts\/255\/revisions"}],"predecessor-version":[{"id":282,"href":"https:\/\/acta.no\/agder\/wp-json\/wp\/v2\/posts\/255\/revisions\/282"}],"wp:featuredmedia":[{"embeddable":true,"href":"https:\/\/acta.no\/agder\/wp-json\/wp\/v2\/media\/260"}],"wp:attachment":[{"href":"https:\/\/acta.no\/agder\/wp-json\/wp\/v2\/media?parent=255"}],"wp:term":[{"taxonomy":"category","embeddable":true,"href":"https:\/\/acta.no\/agder\/wp-json\/wp\/v2\/categories?post=255"},{"taxonomy":"post_tag","embeddable":true,"href":"https:\/\/acta.no\/agder\/wp-json\/wp\/v2\/tags?post=255"}],"curies":[{"name":"wp","href":"https:\/\/api.w.org\/{rel}","templated":true}]}}