{"id":1597,"date":"2025-11-19T10:01:37","date_gmt":"2025-11-19T10:01:37","guid":{"rendered":"https:\/\/acta.no\/agder\/?p=1597"},"modified":"2025-11-19T10:26:19","modified_gmt":"2025-11-19T10:26:19","slug":"ny-varkalender-leirer-ledertrening-og-festival-i-2026","status":"publish","type":"post","link":"https:\/\/acta.no\/agder\/2025\/11\/19\/ny-varkalender-leirer-ledertrening-og-festival-i-2026\/","title":{"rendered":"Ny v\u00e5rkalender: Leirer, ledertrening og festival i 2026"},"content":{"rendered":"<div class=\"gutenberg-content\">\n<h5 class=\"wp-block-heading\">Acta Agder lanserer n\u00e5 v\u00e5rens kalender \u2013 full av leirer, samlinger og spennende ledertreningskurs Umbraco. Her finner du alt du trenger for \u00e5 planlegge v\u00e5ren, enten du vil v\u00e6re deltaker, leder eller er forelder som vil ha oversikt over hva som skjer i regionen.<\/h5>\n\n\n\n<figure class=\"wp-block-image size-large\"><img loading=\"lazy\" decoding=\"async\" width=\"1024\" height=\"724\" src=\"https:\/\/www.normisjon.no\/content\/uploads\/sites\/27\/2025\/11\/ACTA-AGDER-KALENDER-Va\u030ar-2026-1024x724.png\" alt=\"\" class=\"wp-image-1594\" srcset=\"https:\/\/www.normisjon.no\/content\/uploads\/sites\/27\/2025\/11\/ACTA-AGDER-KALENDER-Va\u030ar-2026-1024x724.png 1024w, https:\/\/www.normisjon.no\/content\/uploads\/sites\/27\/2025\/11\/ACTA-AGDER-KALENDER-Va\u030ar-2026-300x212.png 300w, https:\/\/www.normisjon.no\/content\/uploads\/sites\/27\/2025\/11\/ACTA-AGDER-KALENDER-Va\u030ar-2026-768x543.png 768w, https:\/\/www.normisjon.no\/content\/uploads\/sites\/27\/2025\/11\/ACTA-AGDER-KALENDER-Va\u030ar-2026-1536x1086.png 1536w, https:\/\/www.normisjon.no\/content\/uploads\/sites\/27\/2025\/11\/ACTA-AGDER-KALENDER-Va\u030ar-2026-2048x1448.png 2048w, https:\/\/www.normisjon.no\/content\/uploads\/sites\/27\/2025\/11\/ACTA-AGDER-KALENDER-Va\u030ar-2026-1920x1358.png 1920w, https:\/\/www.normisjon.no\/content\/uploads\/sites\/27\/2025\/11\/ACTA-AGDER-KALENDER-Va\u030ar-2026-1360x962.png 1360w, https:\/\/www.normisjon.no\/content\/uploads\/sites\/27\/2025\/11\/ACTA-AGDER-KALENDER-Va\u030ar-2026-960x679.png 960w\" sizes=\"auto, (max-width: 1024px) 100vw, 1024px\" \/><\/figure>\n\n\n\n<figure class=\"wp-block-image size-large\"><img loading=\"lazy\" decoding=\"async\" width=\"1024\" height=\"722\" src=\"https:\/\/www.normisjon.no\/content\/uploads\/sites\/27\/2025\/11\/Umbraco-va\u030ar-2026-1024x722.png\" alt=\"\" class=\"wp-image-1598\" srcset=\"https:\/\/www.normisjon.no\/content\/uploads\/sites\/27\/2025\/11\/Umbraco-va\u030ar-2026-1024x722.png 1024w, https:\/\/www.normisjon.no\/content\/uploads\/sites\/27\/2025\/11\/Umbraco-va\u030ar-2026-300x211.png 300w, https:\/\/www.normisjon.no\/content\/uploads\/sites\/27\/2025\/11\/Umbraco-va\u030ar-2026-768x541.png 768w, https:\/\/www.normisjon.no\/content\/uploads\/sites\/27\/2025\/11\/Umbraco-va\u030ar-2026-1536x1082.png 1536w, https:\/\/www.normisjon.no\/content\/uploads\/sites\/27\/2025\/11\/Umbraco-va\u030ar-2026-2048x1443.png 2048w, https:\/\/www.normisjon.no\/content\/uploads\/sites\/27\/2025\/11\/Umbraco-va\u030ar-2026-1920x1353.png 1920w, https:\/\/www.normisjon.no\/content\/uploads\/sites\/27\/2025\/11\/Umbraco-va\u030ar-2026-1360x958.png 1360w, https:\/\/www.normisjon.no\/content\/uploads\/sites\/27\/2025\/11\/Umbraco-va\u030ar-2026-960x677.png 960w\" sizes=\"auto, (max-width: 1024px) 100vw, 1024px\" \/><\/figure>\n\n\n\n<div data-wp-interactive=\"core\/file\" class=\"wp-block-file\"><object data-wp-bind--hidden=\"!state.hasPdfPreview\" hidden class=\"wp-block-file__embed\" data=\"https:\/\/www.normisjon.no\/content\/uploads\/sites\/27\/2025\/11\/ACTA-AGDER-KALENDER-Va\u030ar-2026.pdf\" type=\"application\/pdf\" style=\"width:100%;height:600px\" aria-label=\"Innbygging av ACTA AGDER KALENDER Va\u030ar 2026\"><\/object><a id=\"wp-block-file--media-3d228c5d-c7db-40de-96e4-eee744877d73\" href=\"https:\/\/www.normisjon.no\/content\/uploads\/sites\/27\/2025\/11\/ACTA-AGDER-KALENDER-Va\u030ar-2026.pdf\">ACTA AGDER KALENDER Va\u030ar 2026<\/a><a href=\"https:\/\/www.normisjon.no\/content\/uploads\/sites\/27\/2025\/11\/ACTA-AGDER-KALENDER-Va\u030ar-2026.pdf\" class=\"wp-block-file__button wp-element-button\" download aria-describedby=\"wp-block-file--media-3d228c5d-c7db-40de-96e4-eee744877d73\">Last ned<\/a><\/div>\n\n\n\n<div data-wp-interactive=\"core\/file\" class=\"wp-block-file\"><object data-wp-bind--hidden=\"!state.hasPdfPreview\" hidden class=\"wp-block-file__embed\" data=\"https:\/\/www.normisjon.no\/content\/uploads\/sites\/27\/2025\/11\/Umbraco-va\u030ar-2026.pdf\" type=\"application\/pdf\" style=\"width:100%;height:600px\" aria-label=\"Innbygging av Umbraco va\u030ar 2026\"><\/object><a id=\"wp-block-file--media-8af58bc1-7957-4806-b276-752b2d7ad90b\" href=\"https:\/\/www.normisjon.no\/content\/uploads\/sites\/27\/2025\/11\/Umbraco-va\u030ar-2026.pdf\">Umbraco va\u030ar 2026<\/a><a href=\"https:\/\/www.normisjon.no\/content\/uploads\/sites\/27\/2025\/11\/Umbraco-va\u030ar-2026.pdf\" class=\"wp-block-file__button wp-element-button\" download aria-describedby=\"wp-block-file--media-8af58bc1-7957-4806-b276-752b2d7ad90b\">Last ned<\/a><\/div>\n<\/div>","protected":false},"excerpt":{"rendered":"<p>Acta Agder lanserer n\u00e5 v\u00e5rens kalender \u2013 full av leirer, samlinger og spennende ledertreningskurs Umbraco. Her finner du alt du trenger for \u00e5 planlegge v\u00e5ren, enten du vil v\u00e6re deltaker, leder eller er forelder som vil ha oversikt over hva som skjer i regionen.<\/p>\n","protected":false},"author":119,"featured_media":1594,"comment_status":"closed","ping_status":"closed","sticky":false,"template":"","format":"standard","meta":{"_acf_changed":false,"footnotes":""},"categories":[1],"tags":[],"class_list":["post-1597","post","type-post","status-publish","format-standard","has-post-thumbnail","hentry","category-uncategorized"],"acf":[],"yoast_head":"<!-- This site is optimized with the Yoast SEO plugin v25.9 - https:\/\/yoast.com\/wordpress\/plugins\/seo\/ -->\n<title>Ny v\u00e5rkalender: Leirer, ledertrening og festival i 2026 - Acta Region Agder<\/title>\n<meta name=\"robots\" content=\"index, follow, max-snippet:-1, max-image-preview:large, max-video-preview:-1\" \/>\n<link rel=\"canonical\" href=\"https:\/\/acta.no\/agder\/2025\/11\/19\/ny-varkalender-leirer-ledertrening-og-festival-i-2026\/\" \/>\n<meta property=\"og:locale\" content=\"nb_NO\" \/>\n<meta property=\"og:type\" content=\"article\" \/>\n<meta property=\"og:title\" content=\"Ny v\u00e5rkalender: Leirer, ledertrening og festival i 2026 - Acta Region Agder\" \/>\n<meta property=\"og:description\" content=\"Acta Agder lanserer n\u00e5 v\u00e5rens kalender \u2013 full av leirer, samlinger og spennende ledertreningskurs Umbraco. Her finner du alt du trenger for \u00e5 planlegge v\u00e5ren, enten du vil v\u00e6re deltaker, leder eller er forelder som vil ha oversikt over hva som skjer i regionen.\" \/>\n<meta property=\"og:url\" content=\"https:\/\/acta.no\/agder\/2025\/11\/19\/ny-varkalender-leirer-ledertrening-og-festival-i-2026\/\" \/>\n<meta property=\"og:site_name\" content=\"Acta Region Agder\" \/>\n<meta property=\"article:published_time\" content=\"2025-11-19T10:01:37+00:00\" \/>\n<meta property=\"article:modified_time\" content=\"2025-11-19T10:26:19+00:00\" \/>\n<meta property=\"og:image\" content=\"https:\/\/www.normisjon.no\/content\/uploads\/sites\/27\/2025\/11\/ACTA-AGDER-KALENDER-Va\u030ar-2026-scaled.png\" \/>\n\t<meta property=\"og:image:width\" content=\"2560\" \/>\n\t<meta property=\"og:image:height\" content=\"1810\" \/>\n\t<meta property=\"og:image:type\" content=\"image\/png\" \/>\n<meta name=\"author\" content=\"Heidi Owesen Roland\" \/>\n<meta name=\"twitter:card\" content=\"summary_large_image\" \/>\n<meta name=\"twitter:label1\" content=\"Skrevet av\" \/>\n\t<meta name=\"twitter:data1\" content=\"Heidi Owesen Roland\" \/>\n\t<meta name=\"twitter:label2\" content=\"Ansl. lesetid\" \/>\n\t<meta name=\"twitter:data2\" content=\"1 minutt\" \/>\n<script type=\"application\/ld+json\" class=\"yoast-schema-graph\">{\"@context\":\"https:\/\/schema.org\",\"@graph\":[{\"@type\":\"WebPage\",\"@id\":\"https:\/\/acta.no\/agder\/2025\/11\/19\/ny-varkalender-leirer-ledertrening-og-festival-i-2026\/\",\"url\":\"https:\/\/acta.no\/agder\/2025\/11\/19\/ny-varkalender-leirer-ledertrening-og-festival-i-2026\/\",\"name\":\"Ny v\u00e5rkalender: Leirer, ledertrening og festival i 2026 - Acta Region Agder\",\"isPartOf\":{\"@id\":\"https:\/\/acta.no\/agder\/#website\"},\"primaryImageOfPage\":{\"@id\":\"https:\/\/acta.no\/agder\/2025\/11\/19\/ny-varkalender-leirer-ledertrening-og-festival-i-2026\/#primaryimage\"},\"image\":{\"@id\":\"https:\/\/acta.no\/agder\/2025\/11\/19\/ny-varkalender-leirer-ledertrening-og-festival-i-2026\/#primaryimage\"},\"thumbnailUrl\":\"https:\/\/www.normisjon.no\/content\/uploads\/sites\/27\/2025\/11\/ACTA-AGDER-KALENDER-Va\u030ar-2026-scaled.png\",\"datePublished\":\"2025-11-19T10:01:37+00:00\",\"dateModified\":\"2025-11-19T10:26:19+00:00\",\"author\":{\"@id\":\"https:\/\/acta.no\/agder\/#\/schema\/person\/4402cbf852f507e801b7c93a150a7f9b\"},\"breadcrumb\":{\"@id\":\"https:\/\/acta.no\/agder\/2025\/11\/19\/ny-varkalender-leirer-ledertrening-og-festival-i-2026\/#breadcrumb\"},\"inLanguage\":\"nb-NO\",\"potentialAction\":[{\"@type\":\"ReadAction\",\"target\":[\"https:\/\/acta.no\/agder\/2025\/11\/19\/ny-varkalender-leirer-ledertrening-og-festival-i-2026\/\"]}]},{\"@type\":\"ImageObject\",\"inLanguage\":\"nb-NO\",\"@id\":\"https:\/\/acta.no\/agder\/2025\/11\/19\/ny-varkalender-leirer-ledertrening-og-festival-i-2026\/#primaryimage\",\"url\":\"https:\/\/www.normisjon.no\/content\/uploads\/sites\/27\/2025\/11\/ACTA-AGDER-KALENDER-Va\u030ar-2026-scaled.png\",\"contentUrl\":\"https:\/\/www.normisjon.no\/content\/uploads\/sites\/27\/2025\/11\/ACTA-AGDER-KALENDER-Va\u030ar-2026-scaled.png\",\"width\":2560,\"height\":1810},{\"@type\":\"BreadcrumbList\",\"@id\":\"https:\/\/acta.no\/agder\/2025\/11\/19\/ny-varkalender-leirer-ledertrening-og-festival-i-2026\/#breadcrumb\",\"itemListElement\":[{\"@type\":\"ListItem\",\"position\":1,\"name\":\"Til acta.no\",\"item\":\"https:\/\/acta.no\/\"},{\"@type\":\"ListItem\",\"position\":2,\"name\":\"Region Agder\",\"item\":\"https:\/\/acta.no\/agder\/\"},{\"@type\":\"ListItem\",\"position\":3,\"name\":\"Ny v\u00e5rkalender: Leirer, ledertrening og festival i 2026\"}]},{\"@type\":\"WebSite\",\"@id\":\"https:\/\/acta.no\/agder\/#website\",\"url\":\"https:\/\/acta.no\/agder\/\",\"name\":\"Acta Region Agder\",\"description\":\"Agder\",\"potentialAction\":[{\"@type\":\"SearchAction\",\"target\":{\"@type\":\"EntryPoint\",\"urlTemplate\":\"https:\/\/acta.no\/agder\/?s={search_term_string}\"},\"query-input\":{\"@type\":\"PropertyValueSpecification\",\"valueRequired\":true,\"valueName\":\"search_term_string\"}}],\"inLanguage\":\"nb-NO\"},{\"@type\":\"Person\",\"@id\":\"https:\/\/acta.no\/agder\/#\/schema\/person\/4402cbf852f507e801b7c93a150a7f9b\",\"name\":\"Heidi Owesen Roland\",\"image\":{\"@type\":\"ImageObject\",\"inLanguage\":\"nb-NO\",\"@id\":\"https:\/\/acta.no\/agder\/#\/schema\/person\/image\/\",\"url\":\"https:\/\/secure.gravatar.com\/avatar\/73e9ce411d817ace0a4f509642e616c62aa7379f85b3b4c193446419be9b5532?s=96&d=mm&r=g\",\"contentUrl\":\"https:\/\/secure.gravatar.com\/avatar\/73e9ce411d817ace0a4f509642e616c62aa7379f85b3b4c193446419be9b5532?s=96&d=mm&r=g\",\"caption\":\"Heidi Owesen Roland\"}}]}<\/script>\n<!-- \/ Yoast SEO plugin. -->","yoast_head_json":{"title":"Ny v\u00e5rkalender: Leirer, ledertrening og festival i 2026 - Acta Region Agder","robots":{"index":"index","follow":"follow","max-snippet":"max-snippet:-1","max-image-preview":"max-image-preview:large","max-video-preview":"max-video-preview:-1"},"canonical":"https:\/\/acta.no\/agder\/2025\/11\/19\/ny-varkalender-leirer-ledertrening-og-festival-i-2026\/","og_locale":"nb_NO","og_type":"article","og_title":"Ny v\u00e5rkalender: Leirer, ledertrening og festival i 2026 - Acta Region Agder","og_description":"Acta Agder lanserer n\u00e5 v\u00e5rens kalender \u2013 full av leirer, samlinger og spennende ledertreningskurs Umbraco. Her finner du alt du trenger for \u00e5 planlegge v\u00e5ren, enten du vil v\u00e6re deltaker, leder eller er forelder som vil ha oversikt over hva som skjer i regionen.","og_url":"https:\/\/acta.no\/agder\/2025\/11\/19\/ny-varkalender-leirer-ledertrening-og-festival-i-2026\/","og_site_name":"Acta Region Agder","article_published_time":"2025-11-19T10:01:37+00:00","article_modified_time":"2025-11-19T10:26:19+00:00","og_image":[{"width":2560,"height":1810,"url":"https:\/\/www.normisjon.no\/content\/uploads\/sites\/27\/2025\/11\/ACTA-AGDER-KALENDER-Va\u030ar-2026-scaled.png","type":"image\/png"}],"author":"Heidi Owesen Roland","twitter_card":"summary_large_image","twitter_misc":{"Skrevet av":"Heidi Owesen Roland","Ansl. lesetid":"1 minutt"},"schema":{"@context":"https:\/\/schema.org","@graph":[{"@type":"WebPage","@id":"https:\/\/acta.no\/agder\/2025\/11\/19\/ny-varkalender-leirer-ledertrening-og-festival-i-2026\/","url":"https:\/\/acta.no\/agder\/2025\/11\/19\/ny-varkalender-leirer-ledertrening-og-festival-i-2026\/","name":"Ny v\u00e5rkalender: Leirer, ledertrening og festival i 2026 - Acta Region Agder","isPartOf":{"@id":"https:\/\/acta.no\/agder\/#website"},"primaryImageOfPage":{"@id":"https:\/\/acta.no\/agder\/2025\/11\/19\/ny-varkalender-leirer-ledertrening-og-festival-i-2026\/#primaryimage"},"image":{"@id":"https:\/\/acta.no\/agder\/2025\/11\/19\/ny-varkalender-leirer-ledertrening-og-festival-i-2026\/#primaryimage"},"thumbnailUrl":"https:\/\/www.normisjon.no\/content\/uploads\/sites\/27\/2025\/11\/ACTA-AGDER-KALENDER-Va\u030ar-2026-scaled.png","datePublished":"2025-11-19T10:01:37+00:00","dateModified":"2025-11-19T10:26:19+00:00","author":{"@id":"https:\/\/acta.no\/agder\/#\/schema\/person\/4402cbf852f507e801b7c93a150a7f9b"},"breadcrumb":{"@id":"https:\/\/acta.no\/agder\/2025\/11\/19\/ny-varkalender-leirer-ledertrening-og-festival-i-2026\/#breadcrumb"},"inLanguage":"nb-NO","potentialAction":[{"@type":"ReadAction","target":["https:\/\/acta.no\/agder\/2025\/11\/19\/ny-varkalender-leirer-ledertrening-og-festival-i-2026\/"]}]},{"@type":"ImageObject","inLanguage":"nb-NO","@id":"https:\/\/acta.no\/agder\/2025\/11\/19\/ny-varkalender-leirer-ledertrening-og-festival-i-2026\/#primaryimage","url":"https:\/\/www.normisjon.no\/content\/uploads\/sites\/27\/2025\/11\/ACTA-AGDER-KALENDER-Va\u030ar-2026-scaled.png","contentUrl":"https:\/\/www.normisjon.no\/content\/uploads\/sites\/27\/2025\/11\/ACTA-AGDER-KALENDER-Va\u030ar-2026-scaled.png","width":2560,"height":1810},{"@type":"BreadcrumbList","@id":"https:\/\/acta.no\/agder\/2025\/11\/19\/ny-varkalender-leirer-ledertrening-og-festival-i-2026\/#breadcrumb","itemListElement":[{"@type":"ListItem","position":1,"name":"Til acta.no","item":"https:\/\/acta.no\/"},{"@type":"ListItem","position":2,"name":"Region Agder","item":"https:\/\/acta.no\/agder\/"},{"@type":"ListItem","position":3,"name":"Ny v\u00e5rkalender: Leirer, ledertrening og festival i 2026"}]},{"@type":"WebSite","@id":"https:\/\/acta.no\/agder\/#website","url":"https:\/\/acta.no\/agder\/","name":"Acta Region Agder","description":"Agder","potentialAction":[{"@type":"SearchAction","target":{"@type":"EntryPoint","urlTemplate":"https:\/\/acta.no\/agder\/?s={search_term_string}"},"query-input":{"@type":"PropertyValueSpecification","valueRequired":true,"valueName":"search_term_string"}}],"inLanguage":"nb-NO"},{"@type":"Person","@id":"https:\/\/acta.no\/agder\/#\/schema\/person\/4402cbf852f507e801b7c93a150a7f9b","name":"Heidi Owesen Roland","image":{"@type":"ImageObject","inLanguage":"nb-NO","@id":"https:\/\/acta.no\/agder\/#\/schema\/person\/image\/","url":"https:\/\/secure.gravatar.com\/avatar\/73e9ce411d817ace0a4f509642e616c62aa7379f85b3b4c193446419be9b5532?s=96&d=mm&r=g","contentUrl":"https:\/\/secure.gravatar.com\/avatar\/73e9ce411d817ace0a4f509642e616c62aa7379f85b3b4c193446419be9b5532?s=96&d=mm&r=g","caption":"Heidi Owesen Roland"}}]}},"_links":{"self":[{"href":"https:\/\/acta.no\/agder\/wp-json\/wp\/v2\/posts\/1597","targetHints":{"allow":["GET"]}}],"collection":[{"href":"https:\/\/acta.no\/agder\/wp-json\/wp\/v2\/posts"}],"about":[{"href":"https:\/\/acta.no\/agder\/wp-json\/wp\/v2\/types\/post"}],"author":[{"embeddable":true,"href":"https:\/\/acta.no\/agder\/wp-json\/wp\/v2\/users\/119"}],"replies":[{"embeddable":true,"href":"https:\/\/acta.no\/agder\/wp-json\/wp\/v2\/comments?post=1597"}],"version-history":[{"count":3,"href":"https:\/\/acta.no\/agder\/wp-json\/wp\/v2\/posts\/1597\/revisions"}],"predecessor-version":[{"id":1605,"href":"https:\/\/acta.no\/agder\/wp-json\/wp\/v2\/posts\/1597\/revisions\/1605"}],"wp:featuredmedia":[{"embeddable":true,"href":"https:\/\/acta.no\/agder\/wp-json\/wp\/v2\/media\/1594"}],"wp:attachment":[{"href":"https:\/\/acta.no\/agder\/wp-json\/wp\/v2\/media?parent=1597"}],"wp:term":[{"taxonomy":"category","embeddable":true,"href":"https:\/\/acta.no\/agder\/wp-json\/wp\/v2\/categories?post=1597"},{"taxonomy":"post_tag","embeddable":true,"href":"https:\/\/acta.no\/agder\/wp-json\/wp\/v2\/tags?post=1597"}],"curies":[{"name":"wp","href":"https:\/\/api.w.org\/{rel}","templated":true}]}}