{"id":1532,"date":"2025-10-06T09:23:11","date_gmt":"2025-10-06T09:23:11","guid":{"rendered":"https:\/\/acta.no\/agder\/?p=1532"},"modified":"2025-10-15T08:31:54","modified_gmt":"2025-10-15T08:31:54","slug":"pamelding-til-adventsleirene-apner-til-sondag","status":"publish","type":"post","link":"https:\/\/acta.no\/agder\/2025\/10\/06\/pamelding-til-adventsleirene-apner-til-sondag\/","title":{"rendered":"P\u00e5melding til adventsleirene er n\u00e5 \u00e5pen!"},"content":{"rendered":"<div class=\"gutenberg-content\">\n<figure class=\"wp-block-gallery has-nested-images columns-default is-cropped wp-block-gallery-1 is-layout-flex wp-block-gallery-is-layout-flex\">\n<figure class=\"wp-block-image size-large\"><img loading=\"lazy\" decoding=\"async\" width=\"1024\" height=\"439\" data-id=\"1533\" src=\"https:\/\/www.normisjon.no\/content\/uploads\/sites\/27\/2025\/10\/1-1024x439.png\" alt=\"\" class=\"wp-image-1533\" srcset=\"https:\/\/www.normisjon.no\/content\/uploads\/sites\/27\/2025\/10\/1-1024x439.png 1024w, https:\/\/www.normisjon.no\/content\/uploads\/sites\/27\/2025\/10\/1-300x129.png 300w, https:\/\/www.normisjon.no\/content\/uploads\/sites\/27\/2025\/10\/1-768x329.png 768w, https:\/\/www.normisjon.no\/content\/uploads\/sites\/27\/2025\/10\/1-1536x658.png 1536w, https:\/\/www.normisjon.no\/content\/uploads\/sites\/27\/2025\/10\/1-2048x878.png 2048w, https:\/\/www.normisjon.no\/content\/uploads\/sites\/27\/2025\/10\/1-1920x823.png 1920w, https:\/\/www.normisjon.no\/content\/uploads\/sites\/27\/2025\/10\/1-1360x583.png 1360w, https:\/\/www.normisjon.no\/content\/uploads\/sites\/27\/2025\/10\/1-960x411.png 960w\" sizes=\"auto, (max-width: 1024px) 100vw, 1024px\" \/><\/figure>\n\n\n\n<figure class=\"wp-block-image size-large\"><img loading=\"lazy\" decoding=\"async\" width=\"1024\" height=\"439\" data-id=\"1534\" src=\"https:\/\/www.normisjon.no\/content\/uploads\/sites\/27\/2025\/10\/2-1024x439.png\" alt=\"\" class=\"wp-image-1534\" srcset=\"https:\/\/www.normisjon.no\/content\/uploads\/sites\/27\/2025\/10\/2-1024x439.png 1024w, https:\/\/www.normisjon.no\/content\/uploads\/sites\/27\/2025\/10\/2-300x129.png 300w, https:\/\/www.normisjon.no\/content\/uploads\/sites\/27\/2025\/10\/2-768x329.png 768w, https:\/\/www.normisjon.no\/content\/uploads\/sites\/27\/2025\/10\/2-1536x658.png 1536w, https:\/\/www.normisjon.no\/content\/uploads\/sites\/27\/2025\/10\/2-2048x878.png 2048w, https:\/\/www.normisjon.no\/content\/uploads\/sites\/27\/2025\/10\/2-1920x823.png 1920w, https:\/\/www.normisjon.no\/content\/uploads\/sites\/27\/2025\/10\/2-1360x583.png 1360w, https:\/\/www.normisjon.no\/content\/uploads\/sites\/27\/2025\/10\/2-960x411.png 960w\" sizes=\"auto, (max-width: 1024px) 100vw, 1024px\" \/><\/figure>\n<\/figure>\n\n\n\n<p>Det er fortsatt ledige plasser, s\u00e5 meld p\u00e5 i dag!<\/p>\n\n\n\n<p>Link til p\u00e5melding til 1.-3.kl finner du <a href=\"https:\/\/event.checkin.no\/177034\/acta-adventsleir-1-3-klasse-fredheim-leirsted\">her.<\/a><\/p>\n\n\n\n<p>Link til p\u00e5melding til 4.-7.kl finner du <a href=\"https:\/\/event.checkin.no\/177033\/acta-adventsleir-4-7-klasse-vegaartun\">her.<\/a><\/p>\n\n\n\n<p><\/p>\n\n\n\n<p>Gleder oss til leir!<\/p>\n<\/div>","protected":false},"excerpt":{"rendered":"<p>Det er fortsatt ledige plasser, s\u00e5 meld p\u00e5 i dag! Link til p\u00e5melding til 1.-3.kl finner du her. Link til p\u00e5melding til 4.-7.kl finner du her. Gleder oss til leir!<\/p>\n","protected":false},"author":119,"featured_media":1533,"comment_status":"closed","ping_status":"closed","sticky":false,"template":"","format":"standard","meta":{"_acf_changed":false,"footnotes":""},"categories":[1],"tags":[],"class_list":["post-1532","post","type-post","status-publish","format-standard","has-post-thumbnail","hentry","category-uncategorized"],"acf":[],"yoast_head":"<!-- This site is optimized with the Yoast SEO plugin v25.9 - https:\/\/yoast.com\/wordpress\/plugins\/seo\/ -->\n<title>P\u00e5melding til adventsleirene er n\u00e5 \u00e5pen! - Acta Region Agder<\/title>\n<meta name=\"robots\" content=\"index, follow, max-snippet:-1, max-image-preview:large, max-video-preview:-1\" \/>\n<link rel=\"canonical\" href=\"https:\/\/acta.no\/agder\/2025\/10\/06\/pamelding-til-adventsleirene-apner-til-sondag\/\" \/>\n<meta property=\"og:locale\" content=\"nb_NO\" \/>\n<meta property=\"og:type\" content=\"article\" \/>\n<meta property=\"og:title\" content=\"P\u00e5melding til adventsleirene er n\u00e5 \u00e5pen! - Acta Region Agder\" \/>\n<meta property=\"og:description\" content=\"Det er fortsatt ledige plasser, s\u00e5 meld p\u00e5 i dag! Link til p\u00e5melding til 1.-3.kl finner du her. Link til p\u00e5melding til 4.-7.kl finner du her. Gleder oss til leir!\" \/>\n<meta property=\"og:url\" content=\"https:\/\/acta.no\/agder\/2025\/10\/06\/pamelding-til-adventsleirene-apner-til-sondag\/\" \/>\n<meta property=\"og:site_name\" content=\"Acta Region Agder\" \/>\n<meta property=\"article:published_time\" content=\"2025-10-06T09:23:11+00:00\" \/>\n<meta property=\"article:modified_time\" content=\"2025-10-15T08:31:54+00:00\" \/>\n<meta property=\"og:image\" content=\"https:\/\/www.normisjon.no\/content\/uploads\/sites\/27\/2025\/10\/1-scaled.png\" \/>\n\t<meta property=\"og:image:width\" content=\"2560\" \/>\n\t<meta property=\"og:image:height\" content=\"1097\" \/>\n\t<meta property=\"og:image:type\" content=\"image\/png\" \/>\n<meta name=\"author\" content=\"Heidi Owesen Roland\" \/>\n<meta name=\"twitter:card\" content=\"summary_large_image\" \/>\n<meta name=\"twitter:label1\" content=\"Skrevet av\" \/>\n\t<meta name=\"twitter:data1\" content=\"Heidi Owesen Roland\" \/>\n\t<meta name=\"twitter:label2\" content=\"Ansl. lesetid\" \/>\n\t<meta name=\"twitter:data2\" content=\"1 minutt\" \/>\n<script type=\"application\/ld+json\" class=\"yoast-schema-graph\">{\"@context\":\"https:\/\/schema.org\",\"@graph\":[{\"@type\":\"WebPage\",\"@id\":\"https:\/\/acta.no\/agder\/2025\/10\/06\/pamelding-til-adventsleirene-apner-til-sondag\/\",\"url\":\"https:\/\/acta.no\/agder\/2025\/10\/06\/pamelding-til-adventsleirene-apner-til-sondag\/\",\"name\":\"P\u00e5melding til adventsleirene er n\u00e5 \u00e5pen! - Acta Region Agder\",\"isPartOf\":{\"@id\":\"https:\/\/acta.no\/agder\/#website\"},\"primaryImageOfPage\":{\"@id\":\"https:\/\/acta.no\/agder\/2025\/10\/06\/pamelding-til-adventsleirene-apner-til-sondag\/#primaryimage\"},\"image\":{\"@id\":\"https:\/\/acta.no\/agder\/2025\/10\/06\/pamelding-til-adventsleirene-apner-til-sondag\/#primaryimage\"},\"thumbnailUrl\":\"https:\/\/www.normisjon.no\/content\/uploads\/sites\/27\/2025\/10\/1-scaled.png\",\"datePublished\":\"2025-10-06T09:23:11+00:00\",\"dateModified\":\"2025-10-15T08:31:54+00:00\",\"author\":{\"@id\":\"https:\/\/acta.no\/agder\/#\/schema\/person\/4402cbf852f507e801b7c93a150a7f9b\"},\"breadcrumb\":{\"@id\":\"https:\/\/acta.no\/agder\/2025\/10\/06\/pamelding-til-adventsleirene-apner-til-sondag\/#breadcrumb\"},\"inLanguage\":\"nb-NO\",\"potentialAction\":[{\"@type\":\"ReadAction\",\"target\":[\"https:\/\/acta.no\/agder\/2025\/10\/06\/pamelding-til-adventsleirene-apner-til-sondag\/\"]}]},{\"@type\":\"ImageObject\",\"inLanguage\":\"nb-NO\",\"@id\":\"https:\/\/acta.no\/agder\/2025\/10\/06\/pamelding-til-adventsleirene-apner-til-sondag\/#primaryimage\",\"url\":\"https:\/\/www.normisjon.no\/content\/uploads\/sites\/27\/2025\/10\/1-scaled.png\",\"contentUrl\":\"https:\/\/www.normisjon.no\/content\/uploads\/sites\/27\/2025\/10\/1-scaled.png\",\"width\":2560,\"height\":1097},{\"@type\":\"BreadcrumbList\",\"@id\":\"https:\/\/acta.no\/agder\/2025\/10\/06\/pamelding-til-adventsleirene-apner-til-sondag\/#breadcrumb\",\"itemListElement\":[{\"@type\":\"ListItem\",\"position\":1,\"name\":\"Til acta.no\",\"item\":\"https:\/\/acta.no\/\"},{\"@type\":\"ListItem\",\"position\":2,\"name\":\"Region Agder\",\"item\":\"https:\/\/acta.no\/agder\/\"},{\"@type\":\"ListItem\",\"position\":3,\"name\":\"P\u00e5melding til adventsleirene er n\u00e5 \u00e5pen!\"}]},{\"@type\":\"WebSite\",\"@id\":\"https:\/\/acta.no\/agder\/#website\",\"url\":\"https:\/\/acta.no\/agder\/\",\"name\":\"Acta Region Agder\",\"description\":\"Agder\",\"potentialAction\":[{\"@type\":\"SearchAction\",\"target\":{\"@type\":\"EntryPoint\",\"urlTemplate\":\"https:\/\/acta.no\/agder\/?s={search_term_string}\"},\"query-input\":{\"@type\":\"PropertyValueSpecification\",\"valueRequired\":true,\"valueName\":\"search_term_string\"}}],\"inLanguage\":\"nb-NO\"},{\"@type\":\"Person\",\"@id\":\"https:\/\/acta.no\/agder\/#\/schema\/person\/4402cbf852f507e801b7c93a150a7f9b\",\"name\":\"Heidi Owesen Roland\",\"image\":{\"@type\":\"ImageObject\",\"inLanguage\":\"nb-NO\",\"@id\":\"https:\/\/acta.no\/agder\/#\/schema\/person\/image\/\",\"url\":\"https:\/\/secure.gravatar.com\/avatar\/73e9ce411d817ace0a4f509642e616c62aa7379f85b3b4c193446419be9b5532?s=96&d=mm&r=g\",\"contentUrl\":\"https:\/\/secure.gravatar.com\/avatar\/73e9ce411d817ace0a4f509642e616c62aa7379f85b3b4c193446419be9b5532?s=96&d=mm&r=g\",\"caption\":\"Heidi Owesen Roland\"}}]}<\/script>\n<!-- \/ Yoast SEO plugin. -->","yoast_head_json":{"title":"P\u00e5melding til adventsleirene er n\u00e5 \u00e5pen! - Acta Region Agder","robots":{"index":"index","follow":"follow","max-snippet":"max-snippet:-1","max-image-preview":"max-image-preview:large","max-video-preview":"max-video-preview:-1"},"canonical":"https:\/\/acta.no\/agder\/2025\/10\/06\/pamelding-til-adventsleirene-apner-til-sondag\/","og_locale":"nb_NO","og_type":"article","og_title":"P\u00e5melding til adventsleirene er n\u00e5 \u00e5pen! - Acta Region Agder","og_description":"Det er fortsatt ledige plasser, s\u00e5 meld p\u00e5 i dag! Link til p\u00e5melding til 1.-3.kl finner du her. Link til p\u00e5melding til 4.-7.kl finner du her. Gleder oss til leir!","og_url":"https:\/\/acta.no\/agder\/2025\/10\/06\/pamelding-til-adventsleirene-apner-til-sondag\/","og_site_name":"Acta Region Agder","article_published_time":"2025-10-06T09:23:11+00:00","article_modified_time":"2025-10-15T08:31:54+00:00","og_image":[{"width":2560,"height":1097,"url":"https:\/\/www.normisjon.no\/content\/uploads\/sites\/27\/2025\/10\/1-scaled.png","type":"image\/png"}],"author":"Heidi Owesen Roland","twitter_card":"summary_large_image","twitter_misc":{"Skrevet av":"Heidi Owesen Roland","Ansl. lesetid":"1 minutt"},"schema":{"@context":"https:\/\/schema.org","@graph":[{"@type":"WebPage","@id":"https:\/\/acta.no\/agder\/2025\/10\/06\/pamelding-til-adventsleirene-apner-til-sondag\/","url":"https:\/\/acta.no\/agder\/2025\/10\/06\/pamelding-til-adventsleirene-apner-til-sondag\/","name":"P\u00e5melding til adventsleirene er n\u00e5 \u00e5pen! - Acta Region Agder","isPartOf":{"@id":"https:\/\/acta.no\/agder\/#website"},"primaryImageOfPage":{"@id":"https:\/\/acta.no\/agder\/2025\/10\/06\/pamelding-til-adventsleirene-apner-til-sondag\/#primaryimage"},"image":{"@id":"https:\/\/acta.no\/agder\/2025\/10\/06\/pamelding-til-adventsleirene-apner-til-sondag\/#primaryimage"},"thumbnailUrl":"https:\/\/www.normisjon.no\/content\/uploads\/sites\/27\/2025\/10\/1-scaled.png","datePublished":"2025-10-06T09:23:11+00:00","dateModified":"2025-10-15T08:31:54+00:00","author":{"@id":"https:\/\/acta.no\/agder\/#\/schema\/person\/4402cbf852f507e801b7c93a150a7f9b"},"breadcrumb":{"@id":"https:\/\/acta.no\/agder\/2025\/10\/06\/pamelding-til-adventsleirene-apner-til-sondag\/#breadcrumb"},"inLanguage":"nb-NO","potentialAction":[{"@type":"ReadAction","target":["https:\/\/acta.no\/agder\/2025\/10\/06\/pamelding-til-adventsleirene-apner-til-sondag\/"]}]},{"@type":"ImageObject","inLanguage":"nb-NO","@id":"https:\/\/acta.no\/agder\/2025\/10\/06\/pamelding-til-adventsleirene-apner-til-sondag\/#primaryimage","url":"https:\/\/www.normisjon.no\/content\/uploads\/sites\/27\/2025\/10\/1-scaled.png","contentUrl":"https:\/\/www.normisjon.no\/content\/uploads\/sites\/27\/2025\/10\/1-scaled.png","width":2560,"height":1097},{"@type":"BreadcrumbList","@id":"https:\/\/acta.no\/agder\/2025\/10\/06\/pamelding-til-adventsleirene-apner-til-sondag\/#breadcrumb","itemListElement":[{"@type":"ListItem","position":1,"name":"Til acta.no","item":"https:\/\/acta.no\/"},{"@type":"ListItem","position":2,"name":"Region Agder","item":"https:\/\/acta.no\/agder\/"},{"@type":"ListItem","position":3,"name":"P\u00e5melding til adventsleirene er n\u00e5 \u00e5pen!"}]},{"@type":"WebSite","@id":"https:\/\/acta.no\/agder\/#website","url":"https:\/\/acta.no\/agder\/","name":"Acta Region Agder","description":"Agder","potentialAction":[{"@type":"SearchAction","target":{"@type":"EntryPoint","urlTemplate":"https:\/\/acta.no\/agder\/?s={search_term_string}"},"query-input":{"@type":"PropertyValueSpecification","valueRequired":true,"valueName":"search_term_string"}}],"inLanguage":"nb-NO"},{"@type":"Person","@id":"https:\/\/acta.no\/agder\/#\/schema\/person\/4402cbf852f507e801b7c93a150a7f9b","name":"Heidi Owesen Roland","image":{"@type":"ImageObject","inLanguage":"nb-NO","@id":"https:\/\/acta.no\/agder\/#\/schema\/person\/image\/","url":"https:\/\/secure.gravatar.com\/avatar\/73e9ce411d817ace0a4f509642e616c62aa7379f85b3b4c193446419be9b5532?s=96&d=mm&r=g","contentUrl":"https:\/\/secure.gravatar.com\/avatar\/73e9ce411d817ace0a4f509642e616c62aa7379f85b3b4c193446419be9b5532?s=96&d=mm&r=g","caption":"Heidi Owesen Roland"}}]}},"_links":{"self":[{"href":"https:\/\/acta.no\/agder\/wp-json\/wp\/v2\/posts\/1532","targetHints":{"allow":["GET"]}}],"collection":[{"href":"https:\/\/acta.no\/agder\/wp-json\/wp\/v2\/posts"}],"about":[{"href":"https:\/\/acta.no\/agder\/wp-json\/wp\/v2\/types\/post"}],"author":[{"embeddable":true,"href":"https:\/\/acta.no\/agder\/wp-json\/wp\/v2\/users\/119"}],"replies":[{"embeddable":true,"href":"https:\/\/acta.no\/agder\/wp-json\/wp\/v2\/comments?post=1532"}],"version-history":[{"count":3,"href":"https:\/\/acta.no\/agder\/wp-json\/wp\/v2\/posts\/1532\/revisions"}],"predecessor-version":[{"id":1572,"href":"https:\/\/acta.no\/agder\/wp-json\/wp\/v2\/posts\/1532\/revisions\/1572"}],"wp:featuredmedia":[{"embeddable":true,"href":"https:\/\/acta.no\/agder\/wp-json\/wp\/v2\/media\/1533"}],"wp:attachment":[{"href":"https:\/\/acta.no\/agder\/wp-json\/wp\/v2\/media?parent=1532"}],"wp:term":[{"taxonomy":"category","embeddable":true,"href":"https:\/\/acta.no\/agder\/wp-json\/wp\/v2\/categories?post=1532"},{"taxonomy":"post_tag","embeddable":true,"href":"https:\/\/acta.no\/agder\/wp-json\/wp\/v2\/tags?post=1532"}],"curies":[{"name":"wp","href":"https:\/\/api.w.org\/{rel}","templated":true}]}}