{"id":1481,"date":"2025-05-25T10:24:11","date_gmt":"2025-05-25T10:24:11","guid":{"rendered":"https:\/\/acta.no\/agder\/?p=1481"},"modified":"2025-05-25T16:12:33","modified_gmt":"2025-05-25T16:12:33","slug":"sommerleir-med-acta-agder-bonn-glede-og-fellesskap-pa-fredheim","status":"publish","type":"post","link":"https:\/\/acta.no\/agder\/2025\/05\/25\/sommerleir-med-acta-agder-bonn-glede-og-fellesskap-pa-fredheim\/","title":{"rendered":"Sommerleir med Acta Agder: B\u00f8nn, glede og fellesskap p\u00e5 Fredheim"},"content":{"rendered":"<div class=\"gutenberg-content\">\n<figure class=\"wp-block-image aligncenter size-large is-resized\"><img loading=\"lazy\" decoding=\"async\" src=\"https:\/\/www.normisjon.no\/content\/uploads\/sites\/27\/2025\/05\/IMG_1295-768x1024.jpg\" alt=\"\" class=\"wp-image-1483\" width=\"378\" height=\"504\" srcset=\"https:\/\/www.normisjon.no\/content\/uploads\/sites\/27\/2025\/05\/IMG_1295-768x1024.jpg 768w, https:\/\/www.normisjon.no\/content\/uploads\/sites\/27\/2025\/05\/IMG_1295-225x300.jpg 225w, https:\/\/www.normisjon.no\/content\/uploads\/sites\/27\/2025\/05\/IMG_1295-1152x1536.jpg 1152w, https:\/\/www.normisjon.no\/content\/uploads\/sites\/27\/2025\/05\/IMG_1295-1536x2048.jpg 1536w, https:\/\/www.normisjon.no\/content\/uploads\/sites\/27\/2025\/05\/IMG_1295-scaled.jpg 1920w, https:\/\/www.normisjon.no\/content\/uploads\/sites\/27\/2025\/05\/IMG_1295-1360x1813.jpg 1360w, https:\/\/www.normisjon.no\/content\/uploads\/sites\/27\/2025\/05\/IMG_1295-1440x1920.jpg 1440w, https:\/\/www.normisjon.no\/content\/uploads\/sites\/27\/2025\/05\/IMG_1295-720x960.jpg 720w\" sizes=\"auto, (max-width: 378px) 100vw, 378px\" \/><\/figure>\n\n\n\n<p>Over 50 glade deltakere og en fantastisk gjeng med engasjerte ledere samlet seg p\u00e5 Fredheim leirsted da Acta Agder arrangerte sommerleir \u2013 en helg fylt med tro, lek, vennskap og uforglemmelige \u00f8yeblikk.<\/p>\n\n\n\n<p>Leiren startet med et energifylt kick-off og en stemningsfull b\u00f8nnesamling fredag kveld. Temaet for leiren var b\u00f8nn, og gjennom helgen har barna f\u00e5tt utforske hva det vil si \u00e5 snakke med Gud \u2013 b\u00e5de gjennom undervisning, sang og b\u00f8nnevandring. Det er har v\u00e6rt et tema som vi tror og h\u00e5per har gitt mange av barna nye tanker og erfaringer med troen sin.<\/p>\n\n\n\n<figure class=\"wp-block-gallery has-nested-images columns-default is-cropped wp-block-gallery-1 is-layout-flex wp-block-gallery-is-layout-flex\">\n<figure class=\"wp-block-image size-large\"><img loading=\"lazy\" decoding=\"async\" width=\"768\" height=\"1024\" data-id=\"1485\" src=\"https:\/\/www.normisjon.no\/content\/uploads\/sites\/27\/2025\/05\/IMG_1221-768x1024.jpg\" alt=\"\" class=\"wp-image-1485\" srcset=\"https:\/\/www.normisjon.no\/content\/uploads\/sites\/27\/2025\/05\/IMG_1221-768x1024.jpg 768w, https:\/\/www.normisjon.no\/content\/uploads\/sites\/27\/2025\/05\/IMG_1221-225x300.jpg 225w, https:\/\/www.normisjon.no\/content\/uploads\/sites\/27\/2025\/05\/IMG_1221-1152x1536.jpg 1152w, https:\/\/www.normisjon.no\/content\/uploads\/sites\/27\/2025\/05\/IMG_1221-1536x2048.jpg 1536w, https:\/\/www.normisjon.no\/content\/uploads\/sites\/27\/2025\/05\/IMG_1221-scaled.jpg 1920w, https:\/\/www.normisjon.no\/content\/uploads\/sites\/27\/2025\/05\/IMG_1221-1360x1813.jpg 1360w, https:\/\/www.normisjon.no\/content\/uploads\/sites\/27\/2025\/05\/IMG_1221-1440x1920.jpg 1440w, https:\/\/www.normisjon.no\/content\/uploads\/sites\/27\/2025\/05\/IMG_1221-720x960.jpg 720w\" sizes=\"auto, (max-width: 768px) 100vw, 768px\" \/><figcaption class=\"wp-element-caption\">Noen som er glad at det endelig er leir!<\/figcaption><\/figure>\n\n\n\n<figure class=\"wp-block-image size-large\"><img loading=\"lazy\" decoding=\"async\" width=\"1024\" height=\"768\" data-id=\"1487\" src=\"https:\/\/www.normisjon.no\/content\/uploads\/sites\/27\/2025\/05\/IMG_1233-1024x768.jpg\" alt=\"\" class=\"wp-image-1487\" srcset=\"https:\/\/www.normisjon.no\/content\/uploads\/sites\/27\/2025\/05\/IMG_1233-1024x768.jpg 1024w, https:\/\/www.normisjon.no\/content\/uploads\/sites\/27\/2025\/05\/IMG_1233-300x225.jpg 300w, https:\/\/www.normisjon.no\/content\/uploads\/sites\/27\/2025\/05\/IMG_1233-768x576.jpg 768w, https:\/\/www.normisjon.no\/content\/uploads\/sites\/27\/2025\/05\/IMG_1233-1536x1152.jpg 1536w, https:\/\/www.normisjon.no\/content\/uploads\/sites\/27\/2025\/05\/IMG_1233-2048x1536.jpg 2048w, https:\/\/www.normisjon.no\/content\/uploads\/sites\/27\/2025\/05\/IMG_1233-1920x1440.jpg 1920w, https:\/\/www.normisjon.no\/content\/uploads\/sites\/27\/2025\/05\/IMG_1233-1360x1020.jpg 1360w, https:\/\/www.normisjon.no\/content\/uploads\/sites\/27\/2025\/05\/IMG_1233-960x720.jpg 960w\" sizes=\"auto, (max-width: 1024px) 100vw, 1024px\" \/><figcaption class=\"wp-element-caption\">Fine folk p\u00e5 rekke.<\/figcaption><\/figure>\n\n\n\n<figure class=\"wp-block-image size-large\"><img loading=\"lazy\" decoding=\"async\" width=\"768\" height=\"1024\" data-id=\"1488\" src=\"https:\/\/www.normisjon.no\/content\/uploads\/sites\/27\/2025\/05\/IMG_1258-768x1024.jpg\" alt=\"\" class=\"wp-image-1488\" srcset=\"https:\/\/www.normisjon.no\/content\/uploads\/sites\/27\/2025\/05\/IMG_1258-768x1024.jpg 768w, https:\/\/www.normisjon.no\/content\/uploads\/sites\/27\/2025\/05\/IMG_1258-225x300.jpg 225w, https:\/\/www.normisjon.no\/content\/uploads\/sites\/27\/2025\/05\/IMG_1258-1152x1536.jpg 1152w, https:\/\/www.normisjon.no\/content\/uploads\/sites\/27\/2025\/05\/IMG_1258-1536x2048.jpg 1536w, https:\/\/www.normisjon.no\/content\/uploads\/sites\/27\/2025\/05\/IMG_1258-scaled.jpg 1920w, https:\/\/www.normisjon.no\/content\/uploads\/sites\/27\/2025\/05\/IMG_1258-1360x1813.jpg 1360w, https:\/\/www.normisjon.no\/content\/uploads\/sites\/27\/2025\/05\/IMG_1258-1440x1920.jpg 1440w, https:\/\/www.normisjon.no\/content\/uploads\/sites\/27\/2025\/05\/IMG_1258-720x960.jpg 720w\" sizes=\"auto, (max-width: 768px) 100vw, 768px\" \/><figcaption class=\"wp-element-caption\">Uten mat og drikke duger helten ikke.<\/figcaption><\/figure>\n\n\n\n<figure class=\"wp-block-image size-large\"><img loading=\"lazy\" decoding=\"async\" width=\"768\" height=\"1024\" data-id=\"1489\" src=\"https:\/\/www.normisjon.no\/content\/uploads\/sites\/27\/2025\/05\/IMG_1272-768x1024.jpg\" alt=\"\" class=\"wp-image-1489\" srcset=\"https:\/\/www.normisjon.no\/content\/uploads\/sites\/27\/2025\/05\/IMG_1272-768x1024.jpg 768w, https:\/\/www.normisjon.no\/content\/uploads\/sites\/27\/2025\/05\/IMG_1272-225x300.jpg 225w, https:\/\/www.normisjon.no\/content\/uploads\/sites\/27\/2025\/05\/IMG_1272-1152x1536.jpg 1152w, https:\/\/www.normisjon.no\/content\/uploads\/sites\/27\/2025\/05\/IMG_1272-1536x2048.jpg 1536w, https:\/\/www.normisjon.no\/content\/uploads\/sites\/27\/2025\/05\/IMG_1272-scaled.jpg 1920w, https:\/\/www.normisjon.no\/content\/uploads\/sites\/27\/2025\/05\/IMG_1272-1360x1813.jpg 1360w, https:\/\/www.normisjon.no\/content\/uploads\/sites\/27\/2025\/05\/IMG_1272-1440x1920.jpg 1440w, https:\/\/www.normisjon.no\/content\/uploads\/sites\/27\/2025\/05\/IMG_1272-720x960.jpg 720w\" sizes=\"auto, (max-width: 768px) 100vw, 768px\" \/><figcaption class=\"wp-element-caption\">Noen goder med \u00e5 v\u00e6re leder.<\/figcaption><\/figure>\n<\/figure>\n\n\n\n<p>L\u00f8rdag b\u00f8d p\u00e5 str\u00e5lende solskinn \u2013 perfekt for den popul\u00e6re sporleken som alltid f\u00e5r fram konkurranseinstinktet i de fleste. Noen v\u00e5gale sjeler trosset det kalde vannet og tok \u00e5rets f\u00f8rste bad! I tillegg har det v\u00e6rt rikelig med lek og aktiviteter \u2013 b\u00e5de organiserte og spontane. Det er ingen tvil om at mange har f\u00e5tt seg nye venner, og stemningen i rommene har v\u00e6rt preget av latter og samhold.<\/p>\n\n\n\n<figure class=\"wp-block-image aligncenter size-large is-resized\"><img loading=\"lazy\" decoding=\"async\" src=\"https:\/\/www.normisjon.no\/content\/uploads\/sites\/27\/2025\/05\/IMG_1315-768x1024.jpg\" alt=\"\" class=\"wp-image-1492\" width=\"281\" height=\"375\" srcset=\"https:\/\/www.normisjon.no\/content\/uploads\/sites\/27\/2025\/05\/IMG_1315-768x1024.jpg 768w, https:\/\/www.normisjon.no\/content\/uploads\/sites\/27\/2025\/05\/IMG_1315-225x300.jpg 225w, https:\/\/www.normisjon.no\/content\/uploads\/sites\/27\/2025\/05\/IMG_1315-1152x1536.jpg 1152w, https:\/\/www.normisjon.no\/content\/uploads\/sites\/27\/2025\/05\/IMG_1315-1536x2048.jpg 1536w, https:\/\/www.normisjon.no\/content\/uploads\/sites\/27\/2025\/05\/IMG_1315-scaled.jpg 1920w, https:\/\/www.normisjon.no\/content\/uploads\/sites\/27\/2025\/05\/IMG_1315-1360x1813.jpg 1360w, https:\/\/www.normisjon.no\/content\/uploads\/sites\/27\/2025\/05\/IMG_1315-1440x1920.jpg 1440w, https:\/\/www.normisjon.no\/content\/uploads\/sites\/27\/2025\/05\/IMG_1315-720x960.jpg 720w\" sizes=\"auto, (max-width: 281px) 100vw, 281px\" \/><figcaption class=\"wp-element-caption\">Sporlek er alltid en suksess.<\/figcaption><\/figure>\n\n\n\n<p>En ting som virkelig utmerker seg p\u00e5 hver leir, er b\u00e5ndene som knyttes mellom barna og romlederne deres. Mange deltakere ser virkelig opp til sine ledere, og det er flott \u00e5 se den tryggheten og tilliten som vokser fram i l\u00f8pet av helgen.<\/p>\n\n\n\n<figure class=\"wp-block-image aligncenter size-large is-resized\"><img loading=\"lazy\" decoding=\"async\" src=\"https:\/\/www.normisjon.no\/content\/uploads\/sites\/27\/2025\/05\/IMG_1289-768x1024.jpg\" alt=\"\" class=\"wp-image-1504\" width=\"214\" height=\"285\" srcset=\"https:\/\/www.normisjon.no\/content\/uploads\/sites\/27\/2025\/05\/IMG_1289-768x1024.jpg 768w, https:\/\/www.normisjon.no\/content\/uploads\/sites\/27\/2025\/05\/IMG_1289-225x300.jpg 225w, https:\/\/www.normisjon.no\/content\/uploads\/sites\/27\/2025\/05\/IMG_1289-1152x1536.jpg 1152w, https:\/\/www.normisjon.no\/content\/uploads\/sites\/27\/2025\/05\/IMG_1289-1536x2048.jpg 1536w, https:\/\/www.normisjon.no\/content\/uploads\/sites\/27\/2025\/05\/IMG_1289-scaled.jpg 1920w, https:\/\/www.normisjon.no\/content\/uploads\/sites\/27\/2025\/05\/IMG_1289-1360x1813.jpg 1360w, https:\/\/www.normisjon.no\/content\/uploads\/sites\/27\/2025\/05\/IMG_1289-1440x1920.jpg 1440w, https:\/\/www.normisjon.no\/content\/uploads\/sites\/27\/2025\/05\/IMG_1289-720x960.jpg 720w\" sizes=\"auto, (max-width: 214px) 100vw, 214px\" \/><\/figure>\n\n\n\n<p>Ingen leir uten kiosk, selvsagt \u2013 et h\u00f8ydepunkt for mange! Og l\u00f8rdag kveld var det klart for underholdningskveld som varte i nesten to hele timer, fylt med innslag fra b\u00e5de ledere og barna. Her ble det b\u00e5de latter og t\u00e5rer, og noen v\u00e5te ledere.<\/p>\n\n\n\n<p>Bak kulissene har en gjeng flinke fedre p\u00e5 kj\u00f8kkenet s\u00f8rget for at ingen har g\u00e5tt sultne denne helgen. <\/p>\n\n\n\n<figure class=\"wp-block-image aligncenter size-large is-resized\"><img loading=\"lazy\" decoding=\"async\" src=\"https:\/\/www.normisjon.no\/content\/uploads\/sites\/27\/2025\/05\/IMG_1326-1024x768.jpg\" alt=\"\" class=\"wp-image-1493\" width=\"506\" height=\"379\" srcset=\"https:\/\/www.normisjon.no\/content\/uploads\/sites\/27\/2025\/05\/IMG_1326-1024x768.jpg 1024w, https:\/\/www.normisjon.no\/content\/uploads\/sites\/27\/2025\/05\/IMG_1326-300x225.jpg 300w, https:\/\/www.normisjon.no\/content\/uploads\/sites\/27\/2025\/05\/IMG_1326-768x576.jpg 768w, https:\/\/www.normisjon.no\/content\/uploads\/sites\/27\/2025\/05\/IMG_1326-1536x1152.jpg 1536w, https:\/\/www.normisjon.no\/content\/uploads\/sites\/27\/2025\/05\/IMG_1326-2048x1536.jpg 2048w, https:\/\/www.normisjon.no\/content\/uploads\/sites\/27\/2025\/05\/IMG_1326-1920x1440.jpg 1920w, https:\/\/www.normisjon.no\/content\/uploads\/sites\/27\/2025\/05\/IMG_1326-1360x1020.jpg 1360w, https:\/\/www.normisjon.no\/content\/uploads\/sites\/27\/2025\/05\/IMG_1326-960x720.jpg 960w\" sizes=\"auto, (max-width: 506px) 100vw, 506px\" \/><\/figure>\n\n\n\n<p>Leiren ble tradisjon tro avsluttet med en fin samling for foreldrene p\u00e5 s\u00f8ndag. Her fikk de h\u00f8re hva barna har opplevd, og fikk et glimt av helgens h\u00f8ydepunkter. Ikke minst ble det allsang med leirsangen.<\/p>\n\n\n\n<p>N\u00e5 ser vi frem mot neste leir, n\u00e5r 4.-7. klasse inntar Fredheim om to uker. Om denne helgen er et glimt av hva som venter, kan vi v\u00e6re trygge p\u00e5 at ogs\u00e5 den blir fylt med glede, fellesskap og Guds n\u00e6rv\u00e6r.<\/p>\n\n\n\n<p><strong>Glimt fra helgen. Flere bilder og video fra helga finner dere p\u00e5 @actaagder p\u00e5 Instagram.<\/strong><\/p>\n\n\n\n<div class=\"wp-block-columns is-layout-flex wp-container-core-columns-is-layout-9d6595d7 wp-block-columns-is-layout-flex\">\n<div class=\"wp-block-column is-layout-flow wp-block-column-is-layout-flow\" style=\"flex-basis:100%\">\n<figure class=\"wp-block-gallery has-nested-images columns-default is-cropped wp-block-gallery-2 is-layout-flex wp-block-gallery-is-layout-flex\">\n<figure class=\"wp-block-image size-large\"><img loading=\"lazy\" decoding=\"async\" width=\"768\" height=\"1024\" data-id=\"1509\" src=\"https:\/\/www.normisjon.no\/content\/uploads\/sites\/27\/2025\/05\/IMG_1236-768x1024.jpg\" alt=\"\" class=\"wp-image-1509\" srcset=\"https:\/\/www.normisjon.no\/content\/uploads\/sites\/27\/2025\/05\/IMG_1236-768x1024.jpg 768w, https:\/\/www.normisjon.no\/content\/uploads\/sites\/27\/2025\/05\/IMG_1236-225x300.jpg 225w, https:\/\/www.normisjon.no\/content\/uploads\/sites\/27\/2025\/05\/IMG_1236-1152x1536.jpg 1152w, https:\/\/www.normisjon.no\/content\/uploads\/sites\/27\/2025\/05\/IMG_1236-1536x2048.jpg 1536w, https:\/\/www.normisjon.no\/content\/uploads\/sites\/27\/2025\/05\/IMG_1236-scaled.jpg 1920w, https:\/\/www.normisjon.no\/content\/uploads\/sites\/27\/2025\/05\/IMG_1236-1360x1813.jpg 1360w, https:\/\/www.normisjon.no\/content\/uploads\/sites\/27\/2025\/05\/IMG_1236-1440x1920.jpg 1440w, https:\/\/www.normisjon.no\/content\/uploads\/sites\/27\/2025\/05\/IMG_1236-720x960.jpg 720w\" sizes=\"auto, (max-width: 768px) 100vw, 768px\" \/><\/figure>\n\n\n\n<figure class=\"wp-block-image size-large\"><img loading=\"lazy\" decoding=\"async\" width=\"768\" height=\"1024\" data-id=\"1510\" src=\"https:\/\/www.normisjon.no\/content\/uploads\/sites\/27\/2025\/05\/IMG_1246-768x1024.jpg\" alt=\"\" class=\"wp-image-1510\" srcset=\"https:\/\/www.normisjon.no\/content\/uploads\/sites\/27\/2025\/05\/IMG_1246-768x1024.jpg 768w, https:\/\/www.normisjon.no\/content\/uploads\/sites\/27\/2025\/05\/IMG_1246-225x300.jpg 225w, https:\/\/www.normisjon.no\/content\/uploads\/sites\/27\/2025\/05\/IMG_1246-1152x1536.jpg 1152w, https:\/\/www.normisjon.no\/content\/uploads\/sites\/27\/2025\/05\/IMG_1246-1536x2048.jpg 1536w, https:\/\/www.normisjon.no\/content\/uploads\/sites\/27\/2025\/05\/IMG_1246-scaled.jpg 1920w, https:\/\/www.normisjon.no\/content\/uploads\/sites\/27\/2025\/05\/IMG_1246-1360x1813.jpg 1360w, https:\/\/www.normisjon.no\/content\/uploads\/sites\/27\/2025\/05\/IMG_1246-1440x1920.jpg 1440w, https:\/\/www.normisjon.no\/content\/uploads\/sites\/27\/2025\/05\/IMG_1246-720x960.jpg 720w\" sizes=\"auto, (max-width: 768px) 100vw, 768px\" \/><\/figure>\n\n\n\n<figure class=\"wp-block-image size-large\"><img loading=\"lazy\" decoding=\"async\" width=\"1024\" height=\"768\" data-id=\"1511\" src=\"https:\/\/www.normisjon.no\/content\/uploads\/sites\/27\/2025\/05\/IMG_1263-1024x768.jpg\" alt=\"\" class=\"wp-image-1511\" srcset=\"https:\/\/www.normisjon.no\/content\/uploads\/sites\/27\/2025\/05\/IMG_1263-1024x768.jpg 1024w, https:\/\/www.normisjon.no\/content\/uploads\/sites\/27\/2025\/05\/IMG_1263-300x225.jpg 300w, https:\/\/www.normisjon.no\/content\/uploads\/sites\/27\/2025\/05\/IMG_1263-768x576.jpg 768w, https:\/\/www.normisjon.no\/content\/uploads\/sites\/27\/2025\/05\/IMG_1263-1536x1152.jpg 1536w, https:\/\/www.normisjon.no\/content\/uploads\/sites\/27\/2025\/05\/IMG_1263-2048x1536.jpg 2048w, https:\/\/www.normisjon.no\/content\/uploads\/sites\/27\/2025\/05\/IMG_1263-1920x1440.jpg 1920w, https:\/\/www.normisjon.no\/content\/uploads\/sites\/27\/2025\/05\/IMG_1263-1360x1020.jpg 1360w, https:\/\/www.normisjon.no\/content\/uploads\/sites\/27\/2025\/05\/IMG_1263-960x720.jpg 960w\" sizes=\"auto, (max-width: 1024px) 100vw, 1024px\" \/><\/figure>\n\n\n\n<figure class=\"wp-block-image size-large\"><img loading=\"lazy\" decoding=\"async\" width=\"768\" height=\"1024\" data-id=\"1498\" src=\"https:\/\/www.normisjon.no\/content\/uploads\/sites\/27\/2025\/05\/IMG_1386-768x1024.jpg\" alt=\"\" class=\"wp-image-1498\" srcset=\"https:\/\/www.normisjon.no\/content\/uploads\/sites\/27\/2025\/05\/IMG_1386-768x1024.jpg 768w, https:\/\/www.normisjon.no\/content\/uploads\/sites\/27\/2025\/05\/IMG_1386-225x300.jpg 225w, https:\/\/www.normisjon.no\/content\/uploads\/sites\/27\/2025\/05\/IMG_1386-1152x1536.jpg 1152w, https:\/\/www.normisjon.no\/content\/uploads\/sites\/27\/2025\/05\/IMG_1386-1536x2048.jpg 1536w, https:\/\/www.normisjon.no\/content\/uploads\/sites\/27\/2025\/05\/IMG_1386-scaled.jpg 1920w, https:\/\/www.normisjon.no\/content\/uploads\/sites\/27\/2025\/05\/IMG_1386-1360x1813.jpg 1360w, https:\/\/www.normisjon.no\/content\/uploads\/sites\/27\/2025\/05\/IMG_1386-1440x1920.jpg 1440w, https:\/\/www.normisjon.no\/content\/uploads\/sites\/27\/2025\/05\/IMG_1386-720x960.jpg 720w\" sizes=\"auto, (max-width: 768px) 100vw, 768px\" \/><\/figure>\n\n\n\n<figure class=\"wp-block-image size-large\"><img loading=\"lazy\" decoding=\"async\" width=\"768\" height=\"1024\" data-id=\"1512\" src=\"https:\/\/www.normisjon.no\/content\/uploads\/sites\/27\/2025\/05\/IMG_1268-768x1024.jpg\" alt=\"\" class=\"wp-image-1512\" srcset=\"https:\/\/www.normisjon.no\/content\/uploads\/sites\/27\/2025\/05\/IMG_1268-768x1024.jpg 768w, https:\/\/www.normisjon.no\/content\/uploads\/sites\/27\/2025\/05\/IMG_1268-225x300.jpg 225w, https:\/\/www.normisjon.no\/content\/uploads\/sites\/27\/2025\/05\/IMG_1268-1152x1536.jpg 1152w, https:\/\/www.normisjon.no\/content\/uploads\/sites\/27\/2025\/05\/IMG_1268-1536x2048.jpg 1536w, https:\/\/www.normisjon.no\/content\/uploads\/sites\/27\/2025\/05\/IMG_1268-scaled.jpg 1920w, https:\/\/www.normisjon.no\/content\/uploads\/sites\/27\/2025\/05\/IMG_1268-1360x1813.jpg 1360w, https:\/\/www.normisjon.no\/content\/uploads\/sites\/27\/2025\/05\/IMG_1268-1440x1920.jpg 1440w, https:\/\/www.normisjon.no\/content\/uploads\/sites\/27\/2025\/05\/IMG_1268-720x960.jpg 720w\" sizes=\"auto, (max-width: 768px) 100vw, 768px\" \/><\/figure>\n\n\n\n<figure class=\"wp-block-image size-large\"><img loading=\"lazy\" decoding=\"async\" width=\"768\" height=\"1024\" data-id=\"1513\" src=\"https:\/\/www.normisjon.no\/content\/uploads\/sites\/27\/2025\/05\/IMG_1284-768x1024.jpg\" alt=\"\" class=\"wp-image-1513\" srcset=\"https:\/\/www.normisjon.no\/content\/uploads\/sites\/27\/2025\/05\/IMG_1284-768x1024.jpg 768w, https:\/\/www.normisjon.no\/content\/uploads\/sites\/27\/2025\/05\/IMG_1284-225x300.jpg 225w, https:\/\/www.normisjon.no\/content\/uploads\/sites\/27\/2025\/05\/IMG_1284-1152x1536.jpg 1152w, https:\/\/www.normisjon.no\/content\/uploads\/sites\/27\/2025\/05\/IMG_1284-1536x2048.jpg 1536w, https:\/\/www.normisjon.no\/content\/uploads\/sites\/27\/2025\/05\/IMG_1284-scaled.jpg 1920w, https:\/\/www.normisjon.no\/content\/uploads\/sites\/27\/2025\/05\/IMG_1284-1360x1813.jpg 1360w, https:\/\/www.normisjon.no\/content\/uploads\/sites\/27\/2025\/05\/IMG_1284-1440x1920.jpg 1440w, https:\/\/www.normisjon.no\/content\/uploads\/sites\/27\/2025\/05\/IMG_1284-720x960.jpg 720w\" sizes=\"auto, (max-width: 768px) 100vw, 768px\" \/><\/figure>\n\n\n\n<figure class=\"wp-block-image size-large\"><img loading=\"lazy\" decoding=\"async\" width=\"768\" height=\"1024\" data-id=\"1514\" src=\"https:\/\/www.normisjon.no\/content\/uploads\/sites\/27\/2025\/05\/IMG_1285-768x1024.jpg\" alt=\"\" class=\"wp-image-1514\" srcset=\"https:\/\/www.normisjon.no\/content\/uploads\/sites\/27\/2025\/05\/IMG_1285-768x1024.jpg 768w, https:\/\/www.normisjon.no\/content\/uploads\/sites\/27\/2025\/05\/IMG_1285-225x300.jpg 225w, https:\/\/www.normisjon.no\/content\/uploads\/sites\/27\/2025\/05\/IMG_1285-1152x1536.jpg 1152w, https:\/\/www.normisjon.no\/content\/uploads\/sites\/27\/2025\/05\/IMG_1285-1536x2048.jpg 1536w, https:\/\/www.normisjon.no\/content\/uploads\/sites\/27\/2025\/05\/IMG_1285-scaled.jpg 1920w, https:\/\/www.normisjon.no\/content\/uploads\/sites\/27\/2025\/05\/IMG_1285-1360x1813.jpg 1360w, https:\/\/www.normisjon.no\/content\/uploads\/sites\/27\/2025\/05\/IMG_1285-1440x1920.jpg 1440w, https:\/\/www.normisjon.no\/content\/uploads\/sites\/27\/2025\/05\/IMG_1285-720x960.jpg 720w\" sizes=\"auto, (max-width: 768px) 100vw, 768px\" \/><\/figure>\n\n\n\n<figure class=\"wp-block-image size-large\"><img loading=\"lazy\" decoding=\"async\" width=\"768\" height=\"1024\" data-id=\"1490\" src=\"https:\/\/www.normisjon.no\/content\/uploads\/sites\/27\/2025\/05\/IMG_1299-768x1024.jpg\" alt=\"\" class=\"wp-image-1490\" srcset=\"https:\/\/www.normisjon.no\/content\/uploads\/sites\/27\/2025\/05\/IMG_1299-768x1024.jpg 768w, https:\/\/www.normisjon.no\/content\/uploads\/sites\/27\/2025\/05\/IMG_1299-225x300.jpg 225w, https:\/\/www.normisjon.no\/content\/uploads\/sites\/27\/2025\/05\/IMG_1299-1152x1536.jpg 1152w, https:\/\/www.normisjon.no\/content\/uploads\/sites\/27\/2025\/05\/IMG_1299-1536x2048.jpg 1536w, https:\/\/www.normisjon.no\/content\/uploads\/sites\/27\/2025\/05\/IMG_1299-scaled.jpg 1920w, https:\/\/www.normisjon.no\/content\/uploads\/sites\/27\/2025\/05\/IMG_1299-1360x1813.jpg 1360w, https:\/\/www.normisjon.no\/content\/uploads\/sites\/27\/2025\/05\/IMG_1299-1440x1920.jpg 1440w, https:\/\/www.normisjon.no\/content\/uploads\/sites\/27\/2025\/05\/IMG_1299-720x960.jpg 720w\" sizes=\"auto, (max-width: 768px) 100vw, 768px\" \/><\/figure>\n\n\n\n<figure class=\"wp-block-image size-large\"><img loading=\"lazy\" decoding=\"async\" width=\"768\" height=\"1024\" data-id=\"1491\" src=\"https:\/\/www.normisjon.no\/content\/uploads\/sites\/27\/2025\/05\/IMG_1304-768x1024.jpg\" alt=\"\" class=\"wp-image-1491\" srcset=\"https:\/\/www.normisjon.no\/content\/uploads\/sites\/27\/2025\/05\/IMG_1304-768x1024.jpg 768w, https:\/\/www.normisjon.no\/content\/uploads\/sites\/27\/2025\/05\/IMG_1304-225x300.jpg 225w, https:\/\/www.normisjon.no\/content\/uploads\/sites\/27\/2025\/05\/IMG_1304-1152x1536.jpg 1152w, https:\/\/www.normisjon.no\/content\/uploads\/sites\/27\/2025\/05\/IMG_1304-1536x2048.jpg 1536w, https:\/\/www.normisjon.no\/content\/uploads\/sites\/27\/2025\/05\/IMG_1304-scaled.jpg 1920w, https:\/\/www.normisjon.no\/content\/uploads\/sites\/27\/2025\/05\/IMG_1304-1360x1813.jpg 1360w, https:\/\/www.normisjon.no\/content\/uploads\/sites\/27\/2025\/05\/IMG_1304-1440x1920.jpg 1440w, https:\/\/www.normisjon.no\/content\/uploads\/sites\/27\/2025\/05\/IMG_1304-720x960.jpg 720w\" sizes=\"auto, (max-width: 768px) 100vw, 768px\" \/><\/figure>\n\n\n\n<figure class=\"wp-block-image size-large\"><img loading=\"lazy\" decoding=\"async\" width=\"768\" height=\"1024\" data-id=\"1519\" src=\"https:\/\/www.normisjon.no\/content\/uploads\/sites\/27\/2025\/05\/IMG_1323-768x1024.jpg\" alt=\"\" class=\"wp-image-1519\" srcset=\"https:\/\/www.normisjon.no\/content\/uploads\/sites\/27\/2025\/05\/IMG_1323-768x1024.jpg 768w, https:\/\/www.normisjon.no\/content\/uploads\/sites\/27\/2025\/05\/IMG_1323-225x300.jpg 225w, https:\/\/www.normisjon.no\/content\/uploads\/sites\/27\/2025\/05\/IMG_1323-1152x1536.jpg 1152w, https:\/\/www.normisjon.no\/content\/uploads\/sites\/27\/2025\/05\/IMG_1323-1536x2048.jpg 1536w, https:\/\/www.normisjon.no\/content\/uploads\/sites\/27\/2025\/05\/IMG_1323-scaled.jpg 1920w, https:\/\/www.normisjon.no\/content\/uploads\/sites\/27\/2025\/05\/IMG_1323-1360x1813.jpg 1360w, https:\/\/www.normisjon.no\/content\/uploads\/sites\/27\/2025\/05\/IMG_1323-1440x1920.jpg 1440w, https:\/\/www.normisjon.no\/content\/uploads\/sites\/27\/2025\/05\/IMG_1323-720x960.jpg 720w\" sizes=\"auto, (max-width: 768px) 100vw, 768px\" \/><\/figure>\n\n\n\n<figure class=\"wp-block-image size-large\"><img loading=\"lazy\" decoding=\"async\" width=\"768\" height=\"1024\" data-id=\"1518\" src=\"https:\/\/www.normisjon.no\/content\/uploads\/sites\/27\/2025\/05\/IMG_1321-768x1024.jpg\" alt=\"\" class=\"wp-image-1518\" srcset=\"https:\/\/www.normisjon.no\/content\/uploads\/sites\/27\/2025\/05\/IMG_1321-768x1024.jpg 768w, https:\/\/www.normisjon.no\/content\/uploads\/sites\/27\/2025\/05\/IMG_1321-225x300.jpg 225w, https:\/\/www.normisjon.no\/content\/uploads\/sites\/27\/2025\/05\/IMG_1321-1152x1536.jpg 1152w, https:\/\/www.normisjon.no\/content\/uploads\/sites\/27\/2025\/05\/IMG_1321-1536x2048.jpg 1536w, https:\/\/www.normisjon.no\/content\/uploads\/sites\/27\/2025\/05\/IMG_1321-scaled.jpg 1920w, https:\/\/www.normisjon.no\/content\/uploads\/sites\/27\/2025\/05\/IMG_1321-1360x1813.jpg 1360w, https:\/\/www.normisjon.no\/content\/uploads\/sites\/27\/2025\/05\/IMG_1321-1440x1920.jpg 1440w, https:\/\/www.normisjon.no\/content\/uploads\/sites\/27\/2025\/05\/IMG_1321-720x960.jpg 720w\" sizes=\"auto, (max-width: 768px) 100vw, 768px\" \/><\/figure>\n\n\n\n<figure class=\"wp-block-image size-large\"><img loading=\"lazy\" decoding=\"async\" width=\"768\" height=\"1024\" data-id=\"1515\" src=\"https:\/\/www.normisjon.no\/content\/uploads\/sites\/27\/2025\/05\/IMG_1306-768x1024.jpg\" alt=\"\" class=\"wp-image-1515\" srcset=\"https:\/\/www.normisjon.no\/content\/uploads\/sites\/27\/2025\/05\/IMG_1306-768x1024.jpg 768w, https:\/\/www.normisjon.no\/content\/uploads\/sites\/27\/2025\/05\/IMG_1306-225x300.jpg 225w, https:\/\/www.normisjon.no\/content\/uploads\/sites\/27\/2025\/05\/IMG_1306-1152x1536.jpg 1152w, https:\/\/www.normisjon.no\/content\/uploads\/sites\/27\/2025\/05\/IMG_1306-1536x2048.jpg 1536w, https:\/\/www.normisjon.no\/content\/uploads\/sites\/27\/2025\/05\/IMG_1306-scaled.jpg 1920w, https:\/\/www.normisjon.no\/content\/uploads\/sites\/27\/2025\/05\/IMG_1306-1360x1813.jpg 1360w, https:\/\/www.normisjon.no\/content\/uploads\/sites\/27\/2025\/05\/IMG_1306-1440x1920.jpg 1440w, https:\/\/www.normisjon.no\/content\/uploads\/sites\/27\/2025\/05\/IMG_1306-720x960.jpg 720w\" sizes=\"auto, (max-width: 768px) 100vw, 768px\" \/><\/figure>\n\n\n\n<figure class=\"wp-block-image size-large\"><img loading=\"lazy\" decoding=\"async\" width=\"768\" height=\"1024\" data-id=\"1516\" src=\"https:\/\/www.normisjon.no\/content\/uploads\/sites\/27\/2025\/05\/IMG_1311-768x1024.jpg\" alt=\"\" class=\"wp-image-1516\" srcset=\"https:\/\/www.normisjon.no\/content\/uploads\/sites\/27\/2025\/05\/IMG_1311-768x1024.jpg 768w, https:\/\/www.normisjon.no\/content\/uploads\/sites\/27\/2025\/05\/IMG_1311-225x300.jpg 225w, https:\/\/www.normisjon.no\/content\/uploads\/sites\/27\/2025\/05\/IMG_1311-1152x1536.jpg 1152w, https:\/\/www.normisjon.no\/content\/uploads\/sites\/27\/2025\/05\/IMG_1311-1536x2048.jpg 1536w, https:\/\/www.normisjon.no\/content\/uploads\/sites\/27\/2025\/05\/IMG_1311-scaled.jpg 1920w, https:\/\/www.normisjon.no\/content\/uploads\/sites\/27\/2025\/05\/IMG_1311-1360x1813.jpg 1360w, https:\/\/www.normisjon.no\/content\/uploads\/sites\/27\/2025\/05\/IMG_1311-1440x1920.jpg 1440w, https:\/\/www.normisjon.no\/content\/uploads\/sites\/27\/2025\/05\/IMG_1311-720x960.jpg 720w\" sizes=\"auto, (max-width: 768px) 100vw, 768px\" \/><\/figure>\n\n\n\n<figure class=\"wp-block-image size-large\"><img loading=\"lazy\" decoding=\"async\" width=\"1024\" height=\"744\" data-id=\"1507\" src=\"https:\/\/www.normisjon.no\/content\/uploads\/sites\/27\/2025\/05\/IMG_1399-1024x744.jpg\" alt=\"\" class=\"wp-image-1507\" srcset=\"https:\/\/www.normisjon.no\/content\/uploads\/sites\/27\/2025\/05\/IMG_1399-1024x744.jpg 1024w, https:\/\/www.normisjon.no\/content\/uploads\/sites\/27\/2025\/05\/IMG_1399-300x218.jpg 300w, https:\/\/www.normisjon.no\/content\/uploads\/sites\/27\/2025\/05\/IMG_1399-768x558.jpg 768w, https:\/\/www.normisjon.no\/content\/uploads\/sites\/27\/2025\/05\/IMG_1399-960x697.jpg 960w, https:\/\/www.normisjon.no\/content\/uploads\/sites\/27\/2025\/05\/IMG_1399.jpg 1170w\" sizes=\"auto, (max-width: 1024px) 100vw, 1024px\" \/><\/figure>\n\n\n\n<figure class=\"wp-block-image size-large\"><img loading=\"lazy\" decoding=\"async\" width=\"768\" height=\"1024\" data-id=\"1494\" src=\"https:\/\/www.normisjon.no\/content\/uploads\/sites\/27\/2025\/05\/IMG_1332-768x1024.jpg\" alt=\"\" class=\"wp-image-1494\" srcset=\"https:\/\/www.normisjon.no\/content\/uploads\/sites\/27\/2025\/05\/IMG_1332-768x1024.jpg 768w, https:\/\/www.normisjon.no\/content\/uploads\/sites\/27\/2025\/05\/IMG_1332-225x300.jpg 225w, https:\/\/www.normisjon.no\/content\/uploads\/sites\/27\/2025\/05\/IMG_1332-1152x1536.jpg 1152w, https:\/\/www.normisjon.no\/content\/uploads\/sites\/27\/2025\/05\/IMG_1332-1536x2048.jpg 1536w, https:\/\/www.normisjon.no\/content\/uploads\/sites\/27\/2025\/05\/IMG_1332-scaled.jpg 1920w, https:\/\/www.normisjon.no\/content\/uploads\/sites\/27\/2025\/05\/IMG_1332-1360x1813.jpg 1360w, https:\/\/www.normisjon.no\/content\/uploads\/sites\/27\/2025\/05\/IMG_1332-1440x1920.jpg 1440w, https:\/\/www.normisjon.no\/content\/uploads\/sites\/27\/2025\/05\/IMG_1332-720x960.jpg 720w\" sizes=\"auto, (max-width: 768px) 100vw, 768px\" \/><\/figure>\n\n\n\n<figure class=\"wp-block-image size-large\"><img loading=\"lazy\" decoding=\"async\" width=\"768\" height=\"1024\" data-id=\"1496\" src=\"https:\/\/www.normisjon.no\/content\/uploads\/sites\/27\/2025\/05\/IMG_1361-768x1024.jpg\" alt=\"\" class=\"wp-image-1496\" srcset=\"https:\/\/www.normisjon.no\/content\/uploads\/sites\/27\/2025\/05\/IMG_1361-768x1024.jpg 768w, https:\/\/www.normisjon.no\/content\/uploads\/sites\/27\/2025\/05\/IMG_1361-225x300.jpg 225w, https:\/\/www.normisjon.no\/content\/uploads\/sites\/27\/2025\/05\/IMG_1361-1152x1536.jpg 1152w, https:\/\/www.normisjon.no\/content\/uploads\/sites\/27\/2025\/05\/IMG_1361-1536x2048.jpg 1536w, https:\/\/www.normisjon.no\/content\/uploads\/sites\/27\/2025\/05\/IMG_1361-scaled.jpg 1920w, https:\/\/www.normisjon.no\/content\/uploads\/sites\/27\/2025\/05\/IMG_1361-1360x1813.jpg 1360w, https:\/\/www.normisjon.no\/content\/uploads\/sites\/27\/2025\/05\/IMG_1361-1440x1920.jpg 1440w, https:\/\/www.normisjon.no\/content\/uploads\/sites\/27\/2025\/05\/IMG_1361-720x960.jpg 720w\" sizes=\"auto, (max-width: 768px) 100vw, 768px\" \/><\/figure>\n\n\n\n<figure class=\"wp-block-image size-large\"><img loading=\"lazy\" decoding=\"async\" width=\"768\" height=\"1024\" data-id=\"1517\" src=\"https:\/\/www.normisjon.no\/content\/uploads\/sites\/27\/2025\/05\/IMG_1363-768x1024.jpg\" alt=\"\" class=\"wp-image-1517\" srcset=\"https:\/\/www.normisjon.no\/content\/uploads\/sites\/27\/2025\/05\/IMG_1363-768x1024.jpg 768w, https:\/\/www.normisjon.no\/content\/uploads\/sites\/27\/2025\/05\/IMG_1363-225x300.jpg 225w, https:\/\/www.normisjon.no\/content\/uploads\/sites\/27\/2025\/05\/IMG_1363-1152x1536.jpg 1152w, https:\/\/www.normisjon.no\/content\/uploads\/sites\/27\/2025\/05\/IMG_1363-1536x2048.jpg 1536w, https:\/\/www.normisjon.no\/content\/uploads\/sites\/27\/2025\/05\/IMG_1363-scaled.jpg 1920w, https:\/\/www.normisjon.no\/content\/uploads\/sites\/27\/2025\/05\/IMG_1363-1360x1813.jpg 1360w, https:\/\/www.normisjon.no\/content\/uploads\/sites\/27\/2025\/05\/IMG_1363-1440x1920.jpg 1440w, https:\/\/www.normisjon.no\/content\/uploads\/sites\/27\/2025\/05\/IMG_1363-720x960.jpg 720w\" sizes=\"auto, (max-width: 768px) 100vw, 768px\" \/><\/figure>\n\n\n\n<figure class=\"wp-block-image size-large\"><img loading=\"lazy\" decoding=\"async\" width=\"768\" height=\"1024\" data-id=\"1495\" src=\"https:\/\/www.normisjon.no\/content\/uploads\/sites\/27\/2025\/05\/IMG_1356-768x1024.jpg\" alt=\"\" class=\"wp-image-1495\" srcset=\"https:\/\/www.normisjon.no\/content\/uploads\/sites\/27\/2025\/05\/IMG_1356-768x1024.jpg 768w, https:\/\/www.normisjon.no\/content\/uploads\/sites\/27\/2025\/05\/IMG_1356-225x300.jpg 225w, https:\/\/www.normisjon.no\/content\/uploads\/sites\/27\/2025\/05\/IMG_1356-1152x1536.jpg 1152w, https:\/\/www.normisjon.no\/content\/uploads\/sites\/27\/2025\/05\/IMG_1356-1536x2048.jpg 1536w, https:\/\/www.normisjon.no\/content\/uploads\/sites\/27\/2025\/05\/IMG_1356-scaled.jpg 1920w, https:\/\/www.normisjon.no\/content\/uploads\/sites\/27\/2025\/05\/IMG_1356-1360x1813.jpg 1360w, https:\/\/www.normisjon.no\/content\/uploads\/sites\/27\/2025\/05\/IMG_1356-1440x1920.jpg 1440w, https:\/\/www.normisjon.no\/content\/uploads\/sites\/27\/2025\/05\/IMG_1356-720x960.jpg 720w\" sizes=\"auto, (max-width: 768px) 100vw, 768px\" \/><\/figure>\n\n\n\n<figure class=\"wp-block-image size-large\"><img loading=\"lazy\" decoding=\"async\" width=\"758\" height=\"774\" data-id=\"1521\" src=\"https:\/\/www.normisjon.no\/content\/uploads\/sites\/27\/2025\/05\/Skjermbilde-2025-05-25-kl.-12.17.01.png\" alt=\"\" class=\"wp-image-1521\" srcset=\"https:\/\/www.normisjon.no\/content\/uploads\/sites\/27\/2025\/05\/Skjermbilde-2025-05-25-kl.-12.17.01.png 758w, https:\/\/www.normisjon.no\/content\/uploads\/sites\/27\/2025\/05\/Skjermbilde-2025-05-25-kl.-12.17.01-294x300.png 294w\" sizes=\"auto, (max-width: 758px) 100vw, 758px\" \/><\/figure>\n\n\n\n<figure class=\"wp-block-image size-large\"><img loading=\"lazy\" decoding=\"async\" width=\"680\" height=\"856\" data-id=\"1520\" src=\"https:\/\/www.normisjon.no\/content\/uploads\/sites\/27\/2025\/05\/Skjermbilde-2025-05-25-kl.-12.17.29.png\" alt=\"\" class=\"wp-image-1520\" srcset=\"https:\/\/www.normisjon.no\/content\/uploads\/sites\/27\/2025\/05\/Skjermbilde-2025-05-25-kl.-12.17.29.png 680w, https:\/\/www.normisjon.no\/content\/uploads\/sites\/27\/2025\/05\/Skjermbilde-2025-05-25-kl.-12.17.29-238x300.png 238w\" sizes=\"auto, (max-width: 680px) 100vw, 680px\" \/><\/figure>\n\n\n\n<figure class=\"wp-block-image size-large\"><img loading=\"lazy\" decoding=\"async\" width=\"768\" height=\"1024\" data-id=\"1497\" src=\"https:\/\/www.normisjon.no\/content\/uploads\/sites\/27\/2025\/05\/IMG_1380-768x1024.jpg\" alt=\"\" class=\"wp-image-1497\" srcset=\"https:\/\/www.normisjon.no\/content\/uploads\/sites\/27\/2025\/05\/IMG_1380-768x1024.jpg 768w, https:\/\/www.normisjon.no\/content\/uploads\/sites\/27\/2025\/05\/IMG_1380-225x300.jpg 225w, https:\/\/www.normisjon.no\/content\/uploads\/sites\/27\/2025\/05\/IMG_1380-1152x1536.jpg 1152w, https:\/\/www.normisjon.no\/content\/uploads\/sites\/27\/2025\/05\/IMG_1380-1536x2048.jpg 1536w, https:\/\/www.normisjon.no\/content\/uploads\/sites\/27\/2025\/05\/IMG_1380-scaled.jpg 1920w, https:\/\/www.normisjon.no\/content\/uploads\/sites\/27\/2025\/05\/IMG_1380-1360x1813.jpg 1360w, https:\/\/www.normisjon.no\/content\/uploads\/sites\/27\/2025\/05\/IMG_1380-1440x1920.jpg 1440w, https:\/\/www.normisjon.no\/content\/uploads\/sites\/27\/2025\/05\/IMG_1380-720x960.jpg 720w\" sizes=\"auto, (max-width: 768px) 100vw, 768px\" \/><\/figure>\n\n\n\n<figure class=\"wp-block-image size-large\"><img loading=\"lazy\" decoding=\"async\" width=\"768\" height=\"1024\" data-id=\"1499\" src=\"https:\/\/www.normisjon.no\/content\/uploads\/sites\/27\/2025\/05\/IMG_1384-768x1024.jpg\" alt=\"\" class=\"wp-image-1499\" srcset=\"https:\/\/www.normisjon.no\/content\/uploads\/sites\/27\/2025\/05\/IMG_1384-768x1024.jpg 768w, https:\/\/www.normisjon.no\/content\/uploads\/sites\/27\/2025\/05\/IMG_1384-225x300.jpg 225w, https:\/\/www.normisjon.no\/content\/uploads\/sites\/27\/2025\/05\/IMG_1384-1152x1536.jpg 1152w, https:\/\/www.normisjon.no\/content\/uploads\/sites\/27\/2025\/05\/IMG_1384-1536x2048.jpg 1536w, https:\/\/www.normisjon.no\/content\/uploads\/sites\/27\/2025\/05\/IMG_1384-scaled.jpg 1920w, https:\/\/www.normisjon.no\/content\/uploads\/sites\/27\/2025\/05\/IMG_1384-1360x1813.jpg 1360w, https:\/\/www.normisjon.no\/content\/uploads\/sites\/27\/2025\/05\/IMG_1384-1440x1920.jpg 1440w, https:\/\/www.normisjon.no\/content\/uploads\/sites\/27\/2025\/05\/IMG_1384-720x960.jpg 720w\" sizes=\"auto, (max-width: 768px) 100vw, 768px\" \/><\/figure>\n\n\n\n<figure class=\"wp-block-image size-large\"><img loading=\"lazy\" decoding=\"async\" width=\"768\" height=\"1024\" data-id=\"1523\" src=\"https:\/\/www.normisjon.no\/content\/uploads\/sites\/27\/2025\/05\/IMG_1385-768x1024.jpg\" alt=\"\" class=\"wp-image-1523\" srcset=\"https:\/\/www.normisjon.no\/content\/uploads\/sites\/27\/2025\/05\/IMG_1385-768x1024.jpg 768w, https:\/\/www.normisjon.no\/content\/uploads\/sites\/27\/2025\/05\/IMG_1385-225x300.jpg 225w, https:\/\/www.normisjon.no\/content\/uploads\/sites\/27\/2025\/05\/IMG_1385-1152x1536.jpg 1152w, https:\/\/www.normisjon.no\/content\/uploads\/sites\/27\/2025\/05\/IMG_1385-1536x2048.jpg 1536w, https:\/\/www.normisjon.no\/content\/uploads\/sites\/27\/2025\/05\/IMG_1385-scaled.jpg 1920w, https:\/\/www.normisjon.no\/content\/uploads\/sites\/27\/2025\/05\/IMG_1385-1360x1813.jpg 1360w, https:\/\/www.normisjon.no\/content\/uploads\/sites\/27\/2025\/05\/IMG_1385-1440x1920.jpg 1440w, https:\/\/www.normisjon.no\/content\/uploads\/sites\/27\/2025\/05\/IMG_1385-720x960.jpg 720w\" sizes=\"auto, (max-width: 768px) 100vw, 768px\" \/><\/figure>\n\n\n\n<figure class=\"wp-block-image size-large\"><img loading=\"lazy\" decoding=\"async\" width=\"768\" height=\"1024\" data-id=\"1524\" src=\"https:\/\/www.normisjon.no\/content\/uploads\/sites\/27\/2025\/05\/IMG_1387-768x1024.jpg\" alt=\"\" class=\"wp-image-1524\" srcset=\"https:\/\/www.normisjon.no\/content\/uploads\/sites\/27\/2025\/05\/IMG_1387-768x1024.jpg 768w, https:\/\/www.normisjon.no\/content\/uploads\/sites\/27\/2025\/05\/IMG_1387-225x300.jpg 225w, https:\/\/www.normisjon.no\/content\/uploads\/sites\/27\/2025\/05\/IMG_1387-1152x1536.jpg 1152w, https:\/\/www.normisjon.no\/content\/uploads\/sites\/27\/2025\/05\/IMG_1387-1536x2048.jpg 1536w, https:\/\/www.normisjon.no\/content\/uploads\/sites\/27\/2025\/05\/IMG_1387-scaled.jpg 1920w, https:\/\/www.normisjon.no\/content\/uploads\/sites\/27\/2025\/05\/IMG_1387-1360x1813.jpg 1360w, https:\/\/www.normisjon.no\/content\/uploads\/sites\/27\/2025\/05\/IMG_1387-1440x1920.jpg 1440w, https:\/\/www.normisjon.no\/content\/uploads\/sites\/27\/2025\/05\/IMG_1387-720x960.jpg 720w\" sizes=\"auto, (max-width: 768px) 100vw, 768px\" \/><\/figure>\n<\/figure>\n<\/div>\n\n\n\n<div class=\"wp-block-column is-layout-flow wp-block-column-is-layout-flow\" style=\"flex-basis:100%\">\n<p><\/p>\n<\/div>\n<\/div>\n<\/div>","protected":false},"excerpt":{"rendered":"<p>Over 50 glade deltakere og en fantastisk gjeng med engasjerte ledere samlet seg p\u00e5 Fredheim leirsted da Acta Agder arrangerte sommerleir \u2013 en helg fylt med tro, lek, vennskap og uforglemmelige \u00f8yeblikk. Leiren startet med et energifylt kick-off og en stemningsfull b\u00f8nnesamling fredag kveld. Temaet for leiren var b\u00f8nn, og gjennom helgen har barna f\u00e5tt [&hellip;]<\/p>\n","protected":false},"author":119,"featured_media":1483,"comment_status":"closed","ping_status":"closed","sticky":false,"template":"","format":"standard","meta":{"_acf_changed":false,"footnotes":""},"categories":[1],"tags":[],"class_list":["post-1481","post","type-post","status-publish","format-standard","has-post-thumbnail","hentry","category-uncategorized"],"acf":[],"yoast_head":"<!-- This site is optimized with the Yoast SEO plugin v25.9 - https:\/\/yoast.com\/wordpress\/plugins\/seo\/ -->\n<title>Sommerleir med Acta Agder: B\u00f8nn, glede og fellesskap p\u00e5 Fredheim - Acta Region Agder<\/title>\n<meta name=\"robots\" content=\"index, follow, max-snippet:-1, max-image-preview:large, max-video-preview:-1\" \/>\n<link rel=\"canonical\" href=\"https:\/\/acta.no\/agder\/2025\/05\/25\/sommerleir-med-acta-agder-bonn-glede-og-fellesskap-pa-fredheim\/\" \/>\n<meta property=\"og:locale\" content=\"nb_NO\" \/>\n<meta property=\"og:type\" content=\"article\" \/>\n<meta property=\"og:title\" content=\"Sommerleir med Acta Agder: B\u00f8nn, glede og fellesskap p\u00e5 Fredheim - Acta Region Agder\" \/>\n<meta property=\"og:description\" content=\"Over 50 glade deltakere og en fantastisk gjeng med engasjerte ledere samlet seg p\u00e5 Fredheim leirsted da Acta Agder arrangerte sommerleir \u2013 en helg fylt med tro, lek, vennskap og uforglemmelige \u00f8yeblikk. Leiren startet med et energifylt kick-off og en stemningsfull b\u00f8nnesamling fredag kveld. Temaet for leiren var b\u00f8nn, og gjennom helgen har barna f\u00e5tt [&hellip;]\" \/>\n<meta property=\"og:url\" content=\"https:\/\/acta.no\/agder\/2025\/05\/25\/sommerleir-med-acta-agder-bonn-glede-og-fellesskap-pa-fredheim\/\" \/>\n<meta property=\"og:site_name\" content=\"Acta Region Agder\" \/>\n<meta property=\"article:published_time\" content=\"2025-05-25T10:24:11+00:00\" \/>\n<meta property=\"article:modified_time\" content=\"2025-05-25T16:12:33+00:00\" \/>\n<meta property=\"og:image\" content=\"https:\/\/www.normisjon.no\/content\/uploads\/sites\/27\/2025\/05\/IMG_1295-scaled.jpg\" \/>\n\t<meta property=\"og:image:width\" content=\"1920\" \/>\n\t<meta property=\"og:image:height\" content=\"2560\" \/>\n\t<meta property=\"og:image:type\" content=\"image\/jpeg\" \/>\n<meta name=\"author\" content=\"Heidi Owesen Roland\" \/>\n<meta name=\"twitter:card\" content=\"summary_large_image\" \/>\n<meta name=\"twitter:label1\" content=\"Skrevet av\" \/>\n\t<meta name=\"twitter:data1\" content=\"Heidi Owesen Roland\" \/>\n\t<meta name=\"twitter:label2\" content=\"Ansl. lesetid\" \/>\n\t<meta name=\"twitter:data2\" content=\"9 minutter\" \/>\n<script type=\"application\/ld+json\" class=\"yoast-schema-graph\">{\"@context\":\"https:\/\/schema.org\",\"@graph\":[{\"@type\":\"WebPage\",\"@id\":\"https:\/\/acta.no\/agder\/2025\/05\/25\/sommerleir-med-acta-agder-bonn-glede-og-fellesskap-pa-fredheim\/\",\"url\":\"https:\/\/acta.no\/agder\/2025\/05\/25\/sommerleir-med-acta-agder-bonn-glede-og-fellesskap-pa-fredheim\/\",\"name\":\"Sommerleir med Acta Agder: B\u00f8nn, glede og fellesskap p\u00e5 Fredheim - Acta Region Agder\",\"isPartOf\":{\"@id\":\"https:\/\/acta.no\/agder\/#website\"},\"primaryImageOfPage\":{\"@id\":\"https:\/\/acta.no\/agder\/2025\/05\/25\/sommerleir-med-acta-agder-bonn-glede-og-fellesskap-pa-fredheim\/#primaryimage\"},\"image\":{\"@id\":\"https:\/\/acta.no\/agder\/2025\/05\/25\/sommerleir-med-acta-agder-bonn-glede-og-fellesskap-pa-fredheim\/#primaryimage\"},\"thumbnailUrl\":\"https:\/\/www.normisjon.no\/content\/uploads\/sites\/27\/2025\/05\/IMG_1295-scaled.jpg\",\"datePublished\":\"2025-05-25T10:24:11+00:00\",\"dateModified\":\"2025-05-25T16:12:33+00:00\",\"author\":{\"@id\":\"https:\/\/acta.no\/agder\/#\/schema\/person\/4402cbf852f507e801b7c93a150a7f9b\"},\"breadcrumb\":{\"@id\":\"https:\/\/acta.no\/agder\/2025\/05\/25\/sommerleir-med-acta-agder-bonn-glede-og-fellesskap-pa-fredheim\/#breadcrumb\"},\"inLanguage\":\"nb-NO\",\"potentialAction\":[{\"@type\":\"ReadAction\",\"target\":[\"https:\/\/acta.no\/agder\/2025\/05\/25\/sommerleir-med-acta-agder-bonn-glede-og-fellesskap-pa-fredheim\/\"]}]},{\"@type\":\"ImageObject\",\"inLanguage\":\"nb-NO\",\"@id\":\"https:\/\/acta.no\/agder\/2025\/05\/25\/sommerleir-med-acta-agder-bonn-glede-og-fellesskap-pa-fredheim\/#primaryimage\",\"url\":\"https:\/\/www.normisjon.no\/content\/uploads\/sites\/27\/2025\/05\/IMG_1295-scaled.jpg\",\"contentUrl\":\"https:\/\/www.normisjon.no\/content\/uploads\/sites\/27\/2025\/05\/IMG_1295-scaled.jpg\",\"width\":1920,\"height\":2560},{\"@type\":\"BreadcrumbList\",\"@id\":\"https:\/\/acta.no\/agder\/2025\/05\/25\/sommerleir-med-acta-agder-bonn-glede-og-fellesskap-pa-fredheim\/#breadcrumb\",\"itemListElement\":[{\"@type\":\"ListItem\",\"position\":1,\"name\":\"Til acta.no\",\"item\":\"https:\/\/acta.no\/\"},{\"@type\":\"ListItem\",\"position\":2,\"name\":\"Region Agder\",\"item\":\"https:\/\/acta.no\/agder\/\"},{\"@type\":\"ListItem\",\"position\":3,\"name\":\"Sommerleir med Acta Agder: B\u00f8nn, glede og fellesskap p\u00e5 Fredheim\"}]},{\"@type\":\"WebSite\",\"@id\":\"https:\/\/acta.no\/agder\/#website\",\"url\":\"https:\/\/acta.no\/agder\/\",\"name\":\"Acta Region Agder\",\"description\":\"Agder\",\"potentialAction\":[{\"@type\":\"SearchAction\",\"target\":{\"@type\":\"EntryPoint\",\"urlTemplate\":\"https:\/\/acta.no\/agder\/?s={search_term_string}\"},\"query-input\":{\"@type\":\"PropertyValueSpecification\",\"valueRequired\":true,\"valueName\":\"search_term_string\"}}],\"inLanguage\":\"nb-NO\"},{\"@type\":\"Person\",\"@id\":\"https:\/\/acta.no\/agder\/#\/schema\/person\/4402cbf852f507e801b7c93a150a7f9b\",\"name\":\"Heidi Owesen Roland\",\"image\":{\"@type\":\"ImageObject\",\"inLanguage\":\"nb-NO\",\"@id\":\"https:\/\/acta.no\/agder\/#\/schema\/person\/image\/\",\"url\":\"https:\/\/secure.gravatar.com\/avatar\/73e9ce411d817ace0a4f509642e616c62aa7379f85b3b4c193446419be9b5532?s=96&d=mm&r=g\",\"contentUrl\":\"https:\/\/secure.gravatar.com\/avatar\/73e9ce411d817ace0a4f509642e616c62aa7379f85b3b4c193446419be9b5532?s=96&d=mm&r=g\",\"caption\":\"Heidi Owesen Roland\"}}]}<\/script>\n<!-- \/ Yoast SEO plugin. -->","yoast_head_json":{"title":"Sommerleir med Acta Agder: B\u00f8nn, glede og fellesskap p\u00e5 Fredheim - Acta Region Agder","robots":{"index":"index","follow":"follow","max-snippet":"max-snippet:-1","max-image-preview":"max-image-preview:large","max-video-preview":"max-video-preview:-1"},"canonical":"https:\/\/acta.no\/agder\/2025\/05\/25\/sommerleir-med-acta-agder-bonn-glede-og-fellesskap-pa-fredheim\/","og_locale":"nb_NO","og_type":"article","og_title":"Sommerleir med Acta Agder: B\u00f8nn, glede og fellesskap p\u00e5 Fredheim - Acta Region Agder","og_description":"Over 50 glade deltakere og en fantastisk gjeng med engasjerte ledere samlet seg p\u00e5 Fredheim leirsted da Acta Agder arrangerte sommerleir \u2013 en helg fylt med tro, lek, vennskap og uforglemmelige \u00f8yeblikk. Leiren startet med et energifylt kick-off og en stemningsfull b\u00f8nnesamling fredag kveld. Temaet for leiren var b\u00f8nn, og gjennom helgen har barna f\u00e5tt [&hellip;]","og_url":"https:\/\/acta.no\/agder\/2025\/05\/25\/sommerleir-med-acta-agder-bonn-glede-og-fellesskap-pa-fredheim\/","og_site_name":"Acta Region Agder","article_published_time":"2025-05-25T10:24:11+00:00","article_modified_time":"2025-05-25T16:12:33+00:00","og_image":[{"width":1920,"height":2560,"url":"https:\/\/www.normisjon.no\/content\/uploads\/sites\/27\/2025\/05\/IMG_1295-scaled.jpg","type":"image\/jpeg"}],"author":"Heidi Owesen Roland","twitter_card":"summary_large_image","twitter_misc":{"Skrevet av":"Heidi Owesen Roland","Ansl. lesetid":"9 minutter"},"schema":{"@context":"https:\/\/schema.org","@graph":[{"@type":"WebPage","@id":"https:\/\/acta.no\/agder\/2025\/05\/25\/sommerleir-med-acta-agder-bonn-glede-og-fellesskap-pa-fredheim\/","url":"https:\/\/acta.no\/agder\/2025\/05\/25\/sommerleir-med-acta-agder-bonn-glede-og-fellesskap-pa-fredheim\/","name":"Sommerleir med Acta Agder: B\u00f8nn, glede og fellesskap p\u00e5 Fredheim - Acta Region Agder","isPartOf":{"@id":"https:\/\/acta.no\/agder\/#website"},"primaryImageOfPage":{"@id":"https:\/\/acta.no\/agder\/2025\/05\/25\/sommerleir-med-acta-agder-bonn-glede-og-fellesskap-pa-fredheim\/#primaryimage"},"image":{"@id":"https:\/\/acta.no\/agder\/2025\/05\/25\/sommerleir-med-acta-agder-bonn-glede-og-fellesskap-pa-fredheim\/#primaryimage"},"thumbnailUrl":"https:\/\/www.normisjon.no\/content\/uploads\/sites\/27\/2025\/05\/IMG_1295-scaled.jpg","datePublished":"2025-05-25T10:24:11+00:00","dateModified":"2025-05-25T16:12:33+00:00","author":{"@id":"https:\/\/acta.no\/agder\/#\/schema\/person\/4402cbf852f507e801b7c93a150a7f9b"},"breadcrumb":{"@id":"https:\/\/acta.no\/agder\/2025\/05\/25\/sommerleir-med-acta-agder-bonn-glede-og-fellesskap-pa-fredheim\/#breadcrumb"},"inLanguage":"nb-NO","potentialAction":[{"@type":"ReadAction","target":["https:\/\/acta.no\/agder\/2025\/05\/25\/sommerleir-med-acta-agder-bonn-glede-og-fellesskap-pa-fredheim\/"]}]},{"@type":"ImageObject","inLanguage":"nb-NO","@id":"https:\/\/acta.no\/agder\/2025\/05\/25\/sommerleir-med-acta-agder-bonn-glede-og-fellesskap-pa-fredheim\/#primaryimage","url":"https:\/\/www.normisjon.no\/content\/uploads\/sites\/27\/2025\/05\/IMG_1295-scaled.jpg","contentUrl":"https:\/\/www.normisjon.no\/content\/uploads\/sites\/27\/2025\/05\/IMG_1295-scaled.jpg","width":1920,"height":2560},{"@type":"BreadcrumbList","@id":"https:\/\/acta.no\/agder\/2025\/05\/25\/sommerleir-med-acta-agder-bonn-glede-og-fellesskap-pa-fredheim\/#breadcrumb","itemListElement":[{"@type":"ListItem","position":1,"name":"Til acta.no","item":"https:\/\/acta.no\/"},{"@type":"ListItem","position":2,"name":"Region Agder","item":"https:\/\/acta.no\/agder\/"},{"@type":"ListItem","position":3,"name":"Sommerleir med Acta Agder: B\u00f8nn, glede og fellesskap p\u00e5 Fredheim"}]},{"@type":"WebSite","@id":"https:\/\/acta.no\/agder\/#website","url":"https:\/\/acta.no\/agder\/","name":"Acta Region Agder","description":"Agder","potentialAction":[{"@type":"SearchAction","target":{"@type":"EntryPoint","urlTemplate":"https:\/\/acta.no\/agder\/?s={search_term_string}"},"query-input":{"@type":"PropertyValueSpecification","valueRequired":true,"valueName":"search_term_string"}}],"inLanguage":"nb-NO"},{"@type":"Person","@id":"https:\/\/acta.no\/agder\/#\/schema\/person\/4402cbf852f507e801b7c93a150a7f9b","name":"Heidi Owesen Roland","image":{"@type":"ImageObject","inLanguage":"nb-NO","@id":"https:\/\/acta.no\/agder\/#\/schema\/person\/image\/","url":"https:\/\/secure.gravatar.com\/avatar\/73e9ce411d817ace0a4f509642e616c62aa7379f85b3b4c193446419be9b5532?s=96&d=mm&r=g","contentUrl":"https:\/\/secure.gravatar.com\/avatar\/73e9ce411d817ace0a4f509642e616c62aa7379f85b3b4c193446419be9b5532?s=96&d=mm&r=g","caption":"Heidi Owesen Roland"}}]}},"_links":{"self":[{"href":"https:\/\/acta.no\/agder\/wp-json\/wp\/v2\/posts\/1481","targetHints":{"allow":["GET"]}}],"collection":[{"href":"https:\/\/acta.no\/agder\/wp-json\/wp\/v2\/posts"}],"about":[{"href":"https:\/\/acta.no\/agder\/wp-json\/wp\/v2\/types\/post"}],"author":[{"embeddable":true,"href":"https:\/\/acta.no\/agder\/wp-json\/wp\/v2\/users\/119"}],"replies":[{"embeddable":true,"href":"https:\/\/acta.no\/agder\/wp-json\/wp\/v2\/comments?post=1481"}],"version-history":[{"count":12,"href":"https:\/\/acta.no\/agder\/wp-json\/wp\/v2\/posts\/1481\/revisions"}],"predecessor-version":[{"id":1528,"href":"https:\/\/acta.no\/agder\/wp-json\/wp\/v2\/posts\/1481\/revisions\/1528"}],"wp:featuredmedia":[{"embeddable":true,"href":"https:\/\/acta.no\/agder\/wp-json\/wp\/v2\/media\/1483"}],"wp:attachment":[{"href":"https:\/\/acta.no\/agder\/wp-json\/wp\/v2\/media?parent=1481"}],"wp:term":[{"taxonomy":"category","embeddable":true,"href":"https:\/\/acta.no\/agder\/wp-json\/wp\/v2\/categories?post=1481"},{"taxonomy":"post_tag","embeddable":true,"href":"https:\/\/acta.no\/agder\/wp-json\/wp\/v2\/tags?post=1481"}],"curies":[{"name":"wp","href":"https:\/\/api.w.org\/{rel}","templated":true}]}}