{"id":1426,"date":"2025-04-23T07:34:16","date_gmt":"2025-04-23T07:34:16","guid":{"rendered":"https:\/\/acta.no\/agder\/?p=1426"},"modified":"2025-04-23T07:34:18","modified_gmt":"2025-04-23T07:34:18","slug":"pamelding-til-sommerleirene-apner-sondag-kl-18-00","status":"publish","type":"post","link":"https:\/\/acta.no\/agder\/2025\/04\/23\/pamelding-til-sommerleirene-apner-sondag-kl-18-00\/","title":{"rendered":"P\u00e5melding til sommerleirene \u00e5pner s\u00f8ndag kl.18.00."},"content":{"rendered":"<div class=\"gutenberg-content\">\n<p>1.-4. trinn 23. &#8211; 25. mai &#8211; Fredheim Leirsted: <a href=\"https:\/\/event.checkin.no\/120550\/acta-sommerleir-1-4-trinn-23-25-mai-fredheim-leirsted\">https:\/\/event.checkin.no\/120550\/acta-sommerleir-1-4-trinn-23-25-mai-fredheim-leirsted<\/a><\/p>\n\n\n\n<figure class=\"wp-block-image aligncenter size-large is-resized\"><img loading=\"lazy\" decoding=\"async\" src=\"https:\/\/www.normisjon.no\/content\/uploads\/sites\/27\/2025\/04\/1-1024x1024.png\" alt=\"\" class=\"wp-image-1428\" width=\"336\" height=\"336\" srcset=\"https:\/\/www.normisjon.no\/content\/uploads\/sites\/27\/2025\/04\/1-1024x1024.png 1024w, https:\/\/www.normisjon.no\/content\/uploads\/sites\/27\/2025\/04\/1-300x300.png 300w, https:\/\/www.normisjon.no\/content\/uploads\/sites\/27\/2025\/04\/1-150x150.png 150w, https:\/\/www.normisjon.no\/content\/uploads\/sites\/27\/2025\/04\/1-768x768.png 768w, https:\/\/www.normisjon.no\/content\/uploads\/sites\/27\/2025\/04\/1-960x960.png 960w, https:\/\/www.normisjon.no\/content\/uploads\/sites\/27\/2025\/04\/1.png 1080w\" sizes=\"auto, (max-width: 336px) 100vw, 336px\" \/><\/figure>\n\n\n\n<p>4.-7. trinn 6.-8. Juni &#8211; Fredheim Leirsted: <a href=\"https:\/\/event.checkin.no\/120552\/acta-sommerleir-4-7-trinn-6-8-juni-fredheim-leirsted\">https:\/\/event.checkin.no\/120552\/acta-sommerleir-4-7-trinn-6-8-juni-fredheim-leirsted<\/a><\/p>\n\n\n\n<figure class=\"wp-block-image aligncenter size-large is-resized\"><img loading=\"lazy\" decoding=\"async\" src=\"https:\/\/www.normisjon.no\/content\/uploads\/sites\/27\/2025\/04\/2-1024x1024.png\" alt=\"\" class=\"wp-image-1427\" width=\"341\" height=\"341\" srcset=\"https:\/\/www.normisjon.no\/content\/uploads\/sites\/27\/2025\/04\/2-1024x1024.png 1024w, https:\/\/www.normisjon.no\/content\/uploads\/sites\/27\/2025\/04\/2-300x300.png 300w, https:\/\/www.normisjon.no\/content\/uploads\/sites\/27\/2025\/04\/2-150x150.png 150w, https:\/\/www.normisjon.no\/content\/uploads\/sites\/27\/2025\/04\/2-768x768.png 768w, https:\/\/www.normisjon.no\/content\/uploads\/sites\/27\/2025\/04\/2-960x960.png 960w, https:\/\/www.normisjon.no\/content\/uploads\/sites\/27\/2025\/04\/2.png 1080w\" sizes=\"auto, (max-width: 341px) 100vw, 341px\" \/><\/figure>\n<\/div>","protected":false},"excerpt":{"rendered":"<p>1.-4. trinn 23. &#8211; 25. mai &#8211; Fredheim Leirsted: https:\/\/event.checkin.no\/120550\/acta-sommerleir-1-4-trinn-23-25-mai-fredheim-leirsted 4.-7. trinn 6.-8. Juni &#8211; Fredheim Leirsted: https:\/\/event.checkin.no\/120552\/acta-sommerleir-4-7-trinn-6-8-juni-fredheim-leirsted<\/p>\n","protected":false},"author":119,"featured_media":1428,"comment_status":"closed","ping_status":"closed","sticky":false,"template":"","format":"standard","meta":{"_acf_changed":false,"footnotes":""},"categories":[1],"tags":[],"class_list":["post-1426","post","type-post","status-publish","format-standard","has-post-thumbnail","hentry","category-uncategorized"],"acf":[],"yoast_head":"<!-- This site is optimized with the Yoast SEO plugin v25.9 - https:\/\/yoast.com\/wordpress\/plugins\/seo\/ -->\n<title>P\u00e5melding til sommerleirene \u00e5pner s\u00f8ndag kl.18.00. - Acta Region Agder<\/title>\n<meta name=\"robots\" content=\"index, follow, max-snippet:-1, max-image-preview:large, max-video-preview:-1\" \/>\n<link rel=\"canonical\" href=\"https:\/\/acta.no\/agder\/2025\/04\/23\/pamelding-til-sommerleirene-apner-sondag-kl-18-00\/\" \/>\n<meta property=\"og:locale\" content=\"nb_NO\" \/>\n<meta property=\"og:type\" content=\"article\" \/>\n<meta property=\"og:title\" content=\"P\u00e5melding til sommerleirene \u00e5pner s\u00f8ndag kl.18.00. - Acta Region Agder\" \/>\n<meta property=\"og:description\" content=\"1.-4. trinn 23. &#8211; 25. mai &#8211; Fredheim Leirsted: https:\/\/event.checkin.no\/120550\/acta-sommerleir-1-4-trinn-23-25-mai-fredheim-leirsted 4.-7. trinn 6.-8. Juni &#8211; Fredheim Leirsted: https:\/\/event.checkin.no\/120552\/acta-sommerleir-4-7-trinn-6-8-juni-fredheim-leirsted\" \/>\n<meta property=\"og:url\" content=\"https:\/\/acta.no\/agder\/2025\/04\/23\/pamelding-til-sommerleirene-apner-sondag-kl-18-00\/\" \/>\n<meta property=\"og:site_name\" content=\"Acta Region Agder\" \/>\n<meta property=\"article:published_time\" content=\"2025-04-23T07:34:16+00:00\" \/>\n<meta property=\"article:modified_time\" content=\"2025-04-23T07:34:18+00:00\" \/>\n<meta property=\"og:image\" content=\"https:\/\/www.normisjon.no\/content\/uploads\/sites\/27\/2025\/04\/1.png\" \/>\n\t<meta property=\"og:image:width\" content=\"1080\" \/>\n\t<meta property=\"og:image:height\" content=\"1080\" \/>\n\t<meta property=\"og:image:type\" content=\"image\/png\" \/>\n<meta name=\"author\" content=\"Heidi Owesen Roland\" \/>\n<meta name=\"twitter:card\" content=\"summary_large_image\" \/>\n<meta name=\"twitter:label1\" content=\"Skrevet av\" \/>\n\t<meta name=\"twitter:data1\" content=\"Heidi Owesen Roland\" \/>\n\t<meta name=\"twitter:label2\" content=\"Ansl. lesetid\" \/>\n\t<meta name=\"twitter:data2\" content=\"1 minutt\" \/>\n<script type=\"application\/ld+json\" class=\"yoast-schema-graph\">{\"@context\":\"https:\/\/schema.org\",\"@graph\":[{\"@type\":\"WebPage\",\"@id\":\"https:\/\/acta.no\/agder\/2025\/04\/23\/pamelding-til-sommerleirene-apner-sondag-kl-18-00\/\",\"url\":\"https:\/\/acta.no\/agder\/2025\/04\/23\/pamelding-til-sommerleirene-apner-sondag-kl-18-00\/\",\"name\":\"P\u00e5melding til sommerleirene \u00e5pner s\u00f8ndag kl.18.00. - Acta Region Agder\",\"isPartOf\":{\"@id\":\"https:\/\/acta.no\/agder\/#website\"},\"primaryImageOfPage\":{\"@id\":\"https:\/\/acta.no\/agder\/2025\/04\/23\/pamelding-til-sommerleirene-apner-sondag-kl-18-00\/#primaryimage\"},\"image\":{\"@id\":\"https:\/\/acta.no\/agder\/2025\/04\/23\/pamelding-til-sommerleirene-apner-sondag-kl-18-00\/#primaryimage\"},\"thumbnailUrl\":\"https:\/\/www.normisjon.no\/content\/uploads\/sites\/27\/2025\/04\/1.png\",\"datePublished\":\"2025-04-23T07:34:16+00:00\",\"dateModified\":\"2025-04-23T07:34:18+00:00\",\"author\":{\"@id\":\"https:\/\/acta.no\/agder\/#\/schema\/person\/4402cbf852f507e801b7c93a150a7f9b\"},\"breadcrumb\":{\"@id\":\"https:\/\/acta.no\/agder\/2025\/04\/23\/pamelding-til-sommerleirene-apner-sondag-kl-18-00\/#breadcrumb\"},\"inLanguage\":\"nb-NO\",\"potentialAction\":[{\"@type\":\"ReadAction\",\"target\":[\"https:\/\/acta.no\/agder\/2025\/04\/23\/pamelding-til-sommerleirene-apner-sondag-kl-18-00\/\"]}]},{\"@type\":\"ImageObject\",\"inLanguage\":\"nb-NO\",\"@id\":\"https:\/\/acta.no\/agder\/2025\/04\/23\/pamelding-til-sommerleirene-apner-sondag-kl-18-00\/#primaryimage\",\"url\":\"https:\/\/www.normisjon.no\/content\/uploads\/sites\/27\/2025\/04\/1.png\",\"contentUrl\":\"https:\/\/www.normisjon.no\/content\/uploads\/sites\/27\/2025\/04\/1.png\",\"width\":1080,\"height\":1080},{\"@type\":\"BreadcrumbList\",\"@id\":\"https:\/\/acta.no\/agder\/2025\/04\/23\/pamelding-til-sommerleirene-apner-sondag-kl-18-00\/#breadcrumb\",\"itemListElement\":[{\"@type\":\"ListItem\",\"position\":1,\"name\":\"Til acta.no\",\"item\":\"https:\/\/acta.no\/\"},{\"@type\":\"ListItem\",\"position\":2,\"name\":\"Region Agder\",\"item\":\"https:\/\/acta.no\/agder\/\"},{\"@type\":\"ListItem\",\"position\":3,\"name\":\"P\u00e5melding til sommerleirene \u00e5pner s\u00f8ndag kl.18.00.\"}]},{\"@type\":\"WebSite\",\"@id\":\"https:\/\/acta.no\/agder\/#website\",\"url\":\"https:\/\/acta.no\/agder\/\",\"name\":\"Acta Region Agder\",\"description\":\"Agder\",\"potentialAction\":[{\"@type\":\"SearchAction\",\"target\":{\"@type\":\"EntryPoint\",\"urlTemplate\":\"https:\/\/acta.no\/agder\/?s={search_term_string}\"},\"query-input\":{\"@type\":\"PropertyValueSpecification\",\"valueRequired\":true,\"valueName\":\"search_term_string\"}}],\"inLanguage\":\"nb-NO\"},{\"@type\":\"Person\",\"@id\":\"https:\/\/acta.no\/agder\/#\/schema\/person\/4402cbf852f507e801b7c93a150a7f9b\",\"name\":\"Heidi Owesen Roland\",\"image\":{\"@type\":\"ImageObject\",\"inLanguage\":\"nb-NO\",\"@id\":\"https:\/\/acta.no\/agder\/#\/schema\/person\/image\/\",\"url\":\"https:\/\/secure.gravatar.com\/avatar\/73e9ce411d817ace0a4f509642e616c62aa7379f85b3b4c193446419be9b5532?s=96&d=mm&r=g\",\"contentUrl\":\"https:\/\/secure.gravatar.com\/avatar\/73e9ce411d817ace0a4f509642e616c62aa7379f85b3b4c193446419be9b5532?s=96&d=mm&r=g\",\"caption\":\"Heidi Owesen Roland\"}}]}<\/script>\n<!-- \/ Yoast SEO plugin. -->","yoast_head_json":{"title":"P\u00e5melding til sommerleirene \u00e5pner s\u00f8ndag kl.18.00. - Acta Region Agder","robots":{"index":"index","follow":"follow","max-snippet":"max-snippet:-1","max-image-preview":"max-image-preview:large","max-video-preview":"max-video-preview:-1"},"canonical":"https:\/\/acta.no\/agder\/2025\/04\/23\/pamelding-til-sommerleirene-apner-sondag-kl-18-00\/","og_locale":"nb_NO","og_type":"article","og_title":"P\u00e5melding til sommerleirene \u00e5pner s\u00f8ndag kl.18.00. - Acta Region Agder","og_description":"1.-4. trinn 23. &#8211; 25. mai &#8211; Fredheim Leirsted: https:\/\/event.checkin.no\/120550\/acta-sommerleir-1-4-trinn-23-25-mai-fredheim-leirsted 4.-7. trinn 6.-8. Juni &#8211; Fredheim Leirsted: https:\/\/event.checkin.no\/120552\/acta-sommerleir-4-7-trinn-6-8-juni-fredheim-leirsted","og_url":"https:\/\/acta.no\/agder\/2025\/04\/23\/pamelding-til-sommerleirene-apner-sondag-kl-18-00\/","og_site_name":"Acta Region Agder","article_published_time":"2025-04-23T07:34:16+00:00","article_modified_time":"2025-04-23T07:34:18+00:00","og_image":[{"width":1080,"height":1080,"url":"https:\/\/www.normisjon.no\/content\/uploads\/sites\/27\/2025\/04\/1.png","type":"image\/png"}],"author":"Heidi Owesen Roland","twitter_card":"summary_large_image","twitter_misc":{"Skrevet av":"Heidi Owesen Roland","Ansl. lesetid":"1 minutt"},"schema":{"@context":"https:\/\/schema.org","@graph":[{"@type":"WebPage","@id":"https:\/\/acta.no\/agder\/2025\/04\/23\/pamelding-til-sommerleirene-apner-sondag-kl-18-00\/","url":"https:\/\/acta.no\/agder\/2025\/04\/23\/pamelding-til-sommerleirene-apner-sondag-kl-18-00\/","name":"P\u00e5melding til sommerleirene \u00e5pner s\u00f8ndag kl.18.00. - Acta Region Agder","isPartOf":{"@id":"https:\/\/acta.no\/agder\/#website"},"primaryImageOfPage":{"@id":"https:\/\/acta.no\/agder\/2025\/04\/23\/pamelding-til-sommerleirene-apner-sondag-kl-18-00\/#primaryimage"},"image":{"@id":"https:\/\/acta.no\/agder\/2025\/04\/23\/pamelding-til-sommerleirene-apner-sondag-kl-18-00\/#primaryimage"},"thumbnailUrl":"https:\/\/www.normisjon.no\/content\/uploads\/sites\/27\/2025\/04\/1.png","datePublished":"2025-04-23T07:34:16+00:00","dateModified":"2025-04-23T07:34:18+00:00","author":{"@id":"https:\/\/acta.no\/agder\/#\/schema\/person\/4402cbf852f507e801b7c93a150a7f9b"},"breadcrumb":{"@id":"https:\/\/acta.no\/agder\/2025\/04\/23\/pamelding-til-sommerleirene-apner-sondag-kl-18-00\/#breadcrumb"},"inLanguage":"nb-NO","potentialAction":[{"@type":"ReadAction","target":["https:\/\/acta.no\/agder\/2025\/04\/23\/pamelding-til-sommerleirene-apner-sondag-kl-18-00\/"]}]},{"@type":"ImageObject","inLanguage":"nb-NO","@id":"https:\/\/acta.no\/agder\/2025\/04\/23\/pamelding-til-sommerleirene-apner-sondag-kl-18-00\/#primaryimage","url":"https:\/\/www.normisjon.no\/content\/uploads\/sites\/27\/2025\/04\/1.png","contentUrl":"https:\/\/www.normisjon.no\/content\/uploads\/sites\/27\/2025\/04\/1.png","width":1080,"height":1080},{"@type":"BreadcrumbList","@id":"https:\/\/acta.no\/agder\/2025\/04\/23\/pamelding-til-sommerleirene-apner-sondag-kl-18-00\/#breadcrumb","itemListElement":[{"@type":"ListItem","position":1,"name":"Til acta.no","item":"https:\/\/acta.no\/"},{"@type":"ListItem","position":2,"name":"Region Agder","item":"https:\/\/acta.no\/agder\/"},{"@type":"ListItem","position":3,"name":"P\u00e5melding til sommerleirene \u00e5pner s\u00f8ndag kl.18.00."}]},{"@type":"WebSite","@id":"https:\/\/acta.no\/agder\/#website","url":"https:\/\/acta.no\/agder\/","name":"Acta Region Agder","description":"Agder","potentialAction":[{"@type":"SearchAction","target":{"@type":"EntryPoint","urlTemplate":"https:\/\/acta.no\/agder\/?s={search_term_string}"},"query-input":{"@type":"PropertyValueSpecification","valueRequired":true,"valueName":"search_term_string"}}],"inLanguage":"nb-NO"},{"@type":"Person","@id":"https:\/\/acta.no\/agder\/#\/schema\/person\/4402cbf852f507e801b7c93a150a7f9b","name":"Heidi Owesen Roland","image":{"@type":"ImageObject","inLanguage":"nb-NO","@id":"https:\/\/acta.no\/agder\/#\/schema\/person\/image\/","url":"https:\/\/secure.gravatar.com\/avatar\/73e9ce411d817ace0a4f509642e616c62aa7379f85b3b4c193446419be9b5532?s=96&d=mm&r=g","contentUrl":"https:\/\/secure.gravatar.com\/avatar\/73e9ce411d817ace0a4f509642e616c62aa7379f85b3b4c193446419be9b5532?s=96&d=mm&r=g","caption":"Heidi Owesen Roland"}}]}},"_links":{"self":[{"href":"https:\/\/acta.no\/agder\/wp-json\/wp\/v2\/posts\/1426","targetHints":{"allow":["GET"]}}],"collection":[{"href":"https:\/\/acta.no\/agder\/wp-json\/wp\/v2\/posts"}],"about":[{"href":"https:\/\/acta.no\/agder\/wp-json\/wp\/v2\/types\/post"}],"author":[{"embeddable":true,"href":"https:\/\/acta.no\/agder\/wp-json\/wp\/v2\/users\/119"}],"replies":[{"embeddable":true,"href":"https:\/\/acta.no\/agder\/wp-json\/wp\/v2\/comments?post=1426"}],"version-history":[{"count":1,"href":"https:\/\/acta.no\/agder\/wp-json\/wp\/v2\/posts\/1426\/revisions"}],"predecessor-version":[{"id":1429,"href":"https:\/\/acta.no\/agder\/wp-json\/wp\/v2\/posts\/1426\/revisions\/1429"}],"wp:featuredmedia":[{"embeddable":true,"href":"https:\/\/acta.no\/agder\/wp-json\/wp\/v2\/media\/1428"}],"wp:attachment":[{"href":"https:\/\/acta.no\/agder\/wp-json\/wp\/v2\/media?parent=1426"}],"wp:term":[{"taxonomy":"category","embeddable":true,"href":"https:\/\/acta.no\/agder\/wp-json\/wp\/v2\/categories?post=1426"},{"taxonomy":"post_tag","embeddable":true,"href":"https:\/\/acta.no\/agder\/wp-json\/wp\/v2\/tags?post=1426"}],"curies":[{"name":"wp","href":"https:\/\/api.w.org\/{rel}","templated":true}]}}