{"id":1348,"date":"2024-12-20T08:04:29","date_gmt":"2024-12-20T08:04:29","guid":{"rendered":"https:\/\/acta.no\/agder\/?p=1348"},"modified":"2024-12-20T08:05:06","modified_gmt":"2024-12-20T08:05:06","slug":"pamelding-til-umbraco-varen-2025-er-apen","status":"publish","type":"post","link":"https:\/\/acta.no\/agder\/2024\/12\/20\/pamelding-til-umbraco-varen-2025-er-apen\/","title":{"rendered":"P\u00e5melding til Umbraco v\u00e5ren 2025 er \u00e5pen!"},"content":{"rendered":"<div class=\"gutenberg-content\">\n<figure class=\"wp-block-image size-full\"><img loading=\"lazy\" decoding=\"async\" width=\"700\" height=\"300\" src=\"https:\/\/www.normisjon.no\/content\/uploads\/sites\/27\/2024\/12\/umbraco.png\" alt=\"\" class=\"wp-image-1342\" srcset=\"https:\/\/www.normisjon.no\/content\/uploads\/sites\/27\/2024\/12\/umbraco.png 700w, https:\/\/www.normisjon.no\/content\/uploads\/sites\/27\/2024\/12\/umbraco-300x129.png 300w\" sizes=\"auto, (max-width: 700px) 100vw, 700px\" \/><\/figure>\n\n\n\n<p>Dette lederkurset er for ungdommer som er engasjert eller \u00f8nsker \u00e5 bli det i kristent ungdomsarbeid og leirledere.&nbsp;<\/p>\n\n\n\n<p>Kurset passer godt for ungdommer fra 7.-10. trinn. eldre ungdommer er velkommen til \u00e5 v\u00e6re med som ledere for en rimeligere pris.<\/p>\n\n\n\n<p>F\u00f8lg linken for \u00e5 melde deg p\u00e5;<\/p>\n\n\n\n<p><a href=\"https:\/\/event.checkin.no\/95534\/acta-umbraco-lederkurs-for-ungdommer-var-2025\">https:\/\/event.checkin.no\/95534\/acta-umbraco-lederkurs-for-ungdommer-var-2025<\/a><\/p>\n\n\n\n<p><\/p>\n<\/div>","protected":false},"excerpt":{"rendered":"<p>Dette lederkurset er for ungdommer som er engasjert eller \u00f8nsker \u00e5 bli det i kristent ungdomsarbeid og leirledere.&nbsp; Kurset passer godt for ungdommer fra 7.-10. trinn. eldre ungdommer er velkommen til \u00e5 v\u00e6re med som ledere for en rimeligere pris. F\u00f8lg linken for \u00e5 melde deg p\u00e5; https:\/\/event.checkin.no\/95534\/acta-umbraco-lederkurs-for-ungdommer-var-2025<\/p>\n","protected":false},"author":119,"featured_media":1342,"comment_status":"closed","ping_status":"closed","sticky":false,"template":"","format":"standard","meta":{"_acf_changed":false,"footnotes":""},"categories":[1],"tags":[],"class_list":["post-1348","post","type-post","status-publish","format-standard","has-post-thumbnail","hentry","category-uncategorized"],"acf":[],"yoast_head":"<!-- This site is optimized with the Yoast SEO plugin v25.9 - https:\/\/yoast.com\/wordpress\/plugins\/seo\/ -->\n<title>P\u00e5melding til Umbraco v\u00e5ren 2025 er \u00e5pen! - Acta Region Agder<\/title>\n<meta name=\"robots\" content=\"index, follow, max-snippet:-1, max-image-preview:large, max-video-preview:-1\" \/>\n<link rel=\"canonical\" href=\"https:\/\/acta.no\/agder\/2024\/12\/20\/pamelding-til-umbraco-varen-2025-er-apen\/\" \/>\n<meta property=\"og:locale\" content=\"nb_NO\" \/>\n<meta property=\"og:type\" content=\"article\" \/>\n<meta property=\"og:title\" content=\"P\u00e5melding til Umbraco v\u00e5ren 2025 er \u00e5pen! - Acta Region Agder\" \/>\n<meta property=\"og:description\" content=\"Dette lederkurset er for ungdommer som er engasjert eller \u00f8nsker \u00e5 bli det i kristent ungdomsarbeid og leirledere.&nbsp; Kurset passer godt for ungdommer fra 7.-10. trinn. eldre ungdommer er velkommen til \u00e5 v\u00e6re med som ledere for en rimeligere pris. F\u00f8lg linken for \u00e5 melde deg p\u00e5; https:\/\/event.checkin.no\/95534\/acta-umbraco-lederkurs-for-ungdommer-var-2025\" \/>\n<meta property=\"og:url\" content=\"https:\/\/acta.no\/agder\/2024\/12\/20\/pamelding-til-umbraco-varen-2025-er-apen\/\" \/>\n<meta property=\"og:site_name\" content=\"Acta Region Agder\" \/>\n<meta property=\"article:published_time\" content=\"2024-12-20T08:04:29+00:00\" \/>\n<meta property=\"article:modified_time\" content=\"2024-12-20T08:05:06+00:00\" \/>\n<meta property=\"og:image\" content=\"https:\/\/www.normisjon.no\/content\/uploads\/sites\/27\/2024\/12\/umbraco.png\" \/>\n\t<meta property=\"og:image:width\" content=\"700\" \/>\n\t<meta property=\"og:image:height\" content=\"300\" \/>\n\t<meta property=\"og:image:type\" content=\"image\/png\" \/>\n<meta name=\"author\" content=\"Heidi Owesen Roland\" \/>\n<meta name=\"twitter:card\" content=\"summary_large_image\" \/>\n<meta name=\"twitter:label1\" content=\"Skrevet av\" \/>\n\t<meta name=\"twitter:data1\" content=\"Heidi Owesen Roland\" \/>\n\t<meta name=\"twitter:label2\" content=\"Ansl. lesetid\" \/>\n\t<meta name=\"twitter:data2\" content=\"1 minutt\" \/>\n<script type=\"application\/ld+json\" class=\"yoast-schema-graph\">{\"@context\":\"https:\/\/schema.org\",\"@graph\":[{\"@type\":\"WebPage\",\"@id\":\"https:\/\/acta.no\/agder\/2024\/12\/20\/pamelding-til-umbraco-varen-2025-er-apen\/\",\"url\":\"https:\/\/acta.no\/agder\/2024\/12\/20\/pamelding-til-umbraco-varen-2025-er-apen\/\",\"name\":\"P\u00e5melding til Umbraco v\u00e5ren 2025 er \u00e5pen! - Acta Region Agder\",\"isPartOf\":{\"@id\":\"https:\/\/acta.no\/agder\/#website\"},\"primaryImageOfPage\":{\"@id\":\"https:\/\/acta.no\/agder\/2024\/12\/20\/pamelding-til-umbraco-varen-2025-er-apen\/#primaryimage\"},\"image\":{\"@id\":\"https:\/\/acta.no\/agder\/2024\/12\/20\/pamelding-til-umbraco-varen-2025-er-apen\/#primaryimage\"},\"thumbnailUrl\":\"https:\/\/www.normisjon.no\/content\/uploads\/sites\/27\/2024\/12\/umbraco.png\",\"datePublished\":\"2024-12-20T08:04:29+00:00\",\"dateModified\":\"2024-12-20T08:05:06+00:00\",\"author\":{\"@id\":\"https:\/\/acta.no\/agder\/#\/schema\/person\/4402cbf852f507e801b7c93a150a7f9b\"},\"breadcrumb\":{\"@id\":\"https:\/\/acta.no\/agder\/2024\/12\/20\/pamelding-til-umbraco-varen-2025-er-apen\/#breadcrumb\"},\"inLanguage\":\"nb-NO\",\"potentialAction\":[{\"@type\":\"ReadAction\",\"target\":[\"https:\/\/acta.no\/agder\/2024\/12\/20\/pamelding-til-umbraco-varen-2025-er-apen\/\"]}]},{\"@type\":\"ImageObject\",\"inLanguage\":\"nb-NO\",\"@id\":\"https:\/\/acta.no\/agder\/2024\/12\/20\/pamelding-til-umbraco-varen-2025-er-apen\/#primaryimage\",\"url\":\"https:\/\/www.normisjon.no\/content\/uploads\/sites\/27\/2024\/12\/umbraco.png\",\"contentUrl\":\"https:\/\/www.normisjon.no\/content\/uploads\/sites\/27\/2024\/12\/umbraco.png\",\"width\":700,\"height\":300},{\"@type\":\"BreadcrumbList\",\"@id\":\"https:\/\/acta.no\/agder\/2024\/12\/20\/pamelding-til-umbraco-varen-2025-er-apen\/#breadcrumb\",\"itemListElement\":[{\"@type\":\"ListItem\",\"position\":1,\"name\":\"Til acta.no\",\"item\":\"https:\/\/acta.no\/\"},{\"@type\":\"ListItem\",\"position\":2,\"name\":\"Region Agder\",\"item\":\"https:\/\/acta.no\/agder\/\"},{\"@type\":\"ListItem\",\"position\":3,\"name\":\"P\u00e5melding til Umbraco v\u00e5ren 2025 er \u00e5pen!\"}]},{\"@type\":\"WebSite\",\"@id\":\"https:\/\/acta.no\/agder\/#website\",\"url\":\"https:\/\/acta.no\/agder\/\",\"name\":\"Acta Region Agder\",\"description\":\"Agder\",\"potentialAction\":[{\"@type\":\"SearchAction\",\"target\":{\"@type\":\"EntryPoint\",\"urlTemplate\":\"https:\/\/acta.no\/agder\/?s={search_term_string}\"},\"query-input\":{\"@type\":\"PropertyValueSpecification\",\"valueRequired\":true,\"valueName\":\"search_term_string\"}}],\"inLanguage\":\"nb-NO\"},{\"@type\":\"Person\",\"@id\":\"https:\/\/acta.no\/agder\/#\/schema\/person\/4402cbf852f507e801b7c93a150a7f9b\",\"name\":\"Heidi Owesen Roland\",\"image\":{\"@type\":\"ImageObject\",\"inLanguage\":\"nb-NO\",\"@id\":\"https:\/\/acta.no\/agder\/#\/schema\/person\/image\/\",\"url\":\"https:\/\/secure.gravatar.com\/avatar\/73e9ce411d817ace0a4f509642e616c62aa7379f85b3b4c193446419be9b5532?s=96&d=mm&r=g\",\"contentUrl\":\"https:\/\/secure.gravatar.com\/avatar\/73e9ce411d817ace0a4f509642e616c62aa7379f85b3b4c193446419be9b5532?s=96&d=mm&r=g\",\"caption\":\"Heidi Owesen Roland\"}}]}<\/script>\n<!-- \/ Yoast SEO plugin. -->","yoast_head_json":{"title":"P\u00e5melding til Umbraco v\u00e5ren 2025 er \u00e5pen! - Acta Region Agder","robots":{"index":"index","follow":"follow","max-snippet":"max-snippet:-1","max-image-preview":"max-image-preview:large","max-video-preview":"max-video-preview:-1"},"canonical":"https:\/\/acta.no\/agder\/2024\/12\/20\/pamelding-til-umbraco-varen-2025-er-apen\/","og_locale":"nb_NO","og_type":"article","og_title":"P\u00e5melding til Umbraco v\u00e5ren 2025 er \u00e5pen! - Acta Region Agder","og_description":"Dette lederkurset er for ungdommer som er engasjert eller \u00f8nsker \u00e5 bli det i kristent ungdomsarbeid og leirledere.&nbsp; Kurset passer godt for ungdommer fra 7.-10. trinn. eldre ungdommer er velkommen til \u00e5 v\u00e6re med som ledere for en rimeligere pris. F\u00f8lg linken for \u00e5 melde deg p\u00e5; https:\/\/event.checkin.no\/95534\/acta-umbraco-lederkurs-for-ungdommer-var-2025","og_url":"https:\/\/acta.no\/agder\/2024\/12\/20\/pamelding-til-umbraco-varen-2025-er-apen\/","og_site_name":"Acta Region Agder","article_published_time":"2024-12-20T08:04:29+00:00","article_modified_time":"2024-12-20T08:05:06+00:00","og_image":[{"width":700,"height":300,"url":"https:\/\/www.normisjon.no\/content\/uploads\/sites\/27\/2024\/12\/umbraco.png","type":"image\/png"}],"author":"Heidi Owesen Roland","twitter_card":"summary_large_image","twitter_misc":{"Skrevet av":"Heidi Owesen Roland","Ansl. lesetid":"1 minutt"},"schema":{"@context":"https:\/\/schema.org","@graph":[{"@type":"WebPage","@id":"https:\/\/acta.no\/agder\/2024\/12\/20\/pamelding-til-umbraco-varen-2025-er-apen\/","url":"https:\/\/acta.no\/agder\/2024\/12\/20\/pamelding-til-umbraco-varen-2025-er-apen\/","name":"P\u00e5melding til Umbraco v\u00e5ren 2025 er \u00e5pen! - Acta Region Agder","isPartOf":{"@id":"https:\/\/acta.no\/agder\/#website"},"primaryImageOfPage":{"@id":"https:\/\/acta.no\/agder\/2024\/12\/20\/pamelding-til-umbraco-varen-2025-er-apen\/#primaryimage"},"image":{"@id":"https:\/\/acta.no\/agder\/2024\/12\/20\/pamelding-til-umbraco-varen-2025-er-apen\/#primaryimage"},"thumbnailUrl":"https:\/\/www.normisjon.no\/content\/uploads\/sites\/27\/2024\/12\/umbraco.png","datePublished":"2024-12-20T08:04:29+00:00","dateModified":"2024-12-20T08:05:06+00:00","author":{"@id":"https:\/\/acta.no\/agder\/#\/schema\/person\/4402cbf852f507e801b7c93a150a7f9b"},"breadcrumb":{"@id":"https:\/\/acta.no\/agder\/2024\/12\/20\/pamelding-til-umbraco-varen-2025-er-apen\/#breadcrumb"},"inLanguage":"nb-NO","potentialAction":[{"@type":"ReadAction","target":["https:\/\/acta.no\/agder\/2024\/12\/20\/pamelding-til-umbraco-varen-2025-er-apen\/"]}]},{"@type":"ImageObject","inLanguage":"nb-NO","@id":"https:\/\/acta.no\/agder\/2024\/12\/20\/pamelding-til-umbraco-varen-2025-er-apen\/#primaryimage","url":"https:\/\/www.normisjon.no\/content\/uploads\/sites\/27\/2024\/12\/umbraco.png","contentUrl":"https:\/\/www.normisjon.no\/content\/uploads\/sites\/27\/2024\/12\/umbraco.png","width":700,"height":300},{"@type":"BreadcrumbList","@id":"https:\/\/acta.no\/agder\/2024\/12\/20\/pamelding-til-umbraco-varen-2025-er-apen\/#breadcrumb","itemListElement":[{"@type":"ListItem","position":1,"name":"Til acta.no","item":"https:\/\/acta.no\/"},{"@type":"ListItem","position":2,"name":"Region Agder","item":"https:\/\/acta.no\/agder\/"},{"@type":"ListItem","position":3,"name":"P\u00e5melding til Umbraco v\u00e5ren 2025 er \u00e5pen!"}]},{"@type":"WebSite","@id":"https:\/\/acta.no\/agder\/#website","url":"https:\/\/acta.no\/agder\/","name":"Acta Region Agder","description":"Agder","potentialAction":[{"@type":"SearchAction","target":{"@type":"EntryPoint","urlTemplate":"https:\/\/acta.no\/agder\/?s={search_term_string}"},"query-input":{"@type":"PropertyValueSpecification","valueRequired":true,"valueName":"search_term_string"}}],"inLanguage":"nb-NO"},{"@type":"Person","@id":"https:\/\/acta.no\/agder\/#\/schema\/person\/4402cbf852f507e801b7c93a150a7f9b","name":"Heidi Owesen Roland","image":{"@type":"ImageObject","inLanguage":"nb-NO","@id":"https:\/\/acta.no\/agder\/#\/schema\/person\/image\/","url":"https:\/\/secure.gravatar.com\/avatar\/73e9ce411d817ace0a4f509642e616c62aa7379f85b3b4c193446419be9b5532?s=96&d=mm&r=g","contentUrl":"https:\/\/secure.gravatar.com\/avatar\/73e9ce411d817ace0a4f509642e616c62aa7379f85b3b4c193446419be9b5532?s=96&d=mm&r=g","caption":"Heidi Owesen Roland"}}]}},"_links":{"self":[{"href":"https:\/\/acta.no\/agder\/wp-json\/wp\/v2\/posts\/1348","targetHints":{"allow":["GET"]}}],"collection":[{"href":"https:\/\/acta.no\/agder\/wp-json\/wp\/v2\/posts"}],"about":[{"href":"https:\/\/acta.no\/agder\/wp-json\/wp\/v2\/types\/post"}],"author":[{"embeddable":true,"href":"https:\/\/acta.no\/agder\/wp-json\/wp\/v2\/users\/119"}],"replies":[{"embeddable":true,"href":"https:\/\/acta.no\/agder\/wp-json\/wp\/v2\/comments?post=1348"}],"version-history":[{"count":2,"href":"https:\/\/acta.no\/agder\/wp-json\/wp\/v2\/posts\/1348\/revisions"}],"predecessor-version":[{"id":1350,"href":"https:\/\/acta.no\/agder\/wp-json\/wp\/v2\/posts\/1348\/revisions\/1350"}],"wp:featuredmedia":[{"embeddable":true,"href":"https:\/\/acta.no\/agder\/wp-json\/wp\/v2\/media\/1342"}],"wp:attachment":[{"href":"https:\/\/acta.no\/agder\/wp-json\/wp\/v2\/media?parent=1348"}],"wp:term":[{"taxonomy":"category","embeddable":true,"href":"https:\/\/acta.no\/agder\/wp-json\/wp\/v2\/categories?post=1348"},{"taxonomy":"post_tag","embeddable":true,"href":"https:\/\/acta.no\/agder\/wp-json\/wp\/v2\/tags?post=1348"}],"curies":[{"name":"wp","href":"https:\/\/api.w.org\/{rel}","templated":true}]}}