{"id":1245,"date":"2024-09-09T06:40:24","date_gmt":"2024-09-09T06:40:24","guid":{"rendered":"https:\/\/acta.no\/agder\/?p=1245"},"modified":"2024-09-09T11:48:42","modified_gmt":"2024-09-09T11:48:42","slug":"hils-pa-var-nye-ettaring","status":"publish","type":"post","link":"https:\/\/acta.no\/agder\/2024\/09\/09\/hils-pa-var-nye-ettaring\/","title":{"rendered":"Hils p\u00e5 v\u00e5r nye ett\u00e5ring!"},"content":{"rendered":"<div class=\"gutenberg-content\">\n<figure class=\"wp-block-image aligncenter size-large is-resized\"><img loading=\"lazy\" decoding=\"async\" src=\"https:\/\/www.normisjon.no\/content\/uploads\/sites\/27\/2024\/09\/IMG_9218-850x1024.jpg\" alt=\"\" class=\"wp-image-1246\" width=\"427\" height=\"514\" srcset=\"https:\/\/www.normisjon.no\/content\/uploads\/sites\/27\/2024\/09\/IMG_9218-850x1024.jpg 850w, https:\/\/www.normisjon.no\/content\/uploads\/sites\/27\/2024\/09\/IMG_9218-249x300.jpg 249w, https:\/\/www.normisjon.no\/content\/uploads\/sites\/27\/2024\/09\/IMG_9218-768x925.jpg 768w, https:\/\/www.normisjon.no\/content\/uploads\/sites\/27\/2024\/09\/IMG_9218-797x960.jpg 797w, https:\/\/www.normisjon.no\/content\/uploads\/sites\/27\/2024\/09\/IMG_9218.jpg 1170w\" sizes=\"auto, (max-width: 427px) 100vw, 427px\" \/><\/figure>\n\n\n\n<p>&laquo;Hei!<\/p>\n\n\n\n<p>Mitt navn er Maria. Jeg har nettopp startet som ett\u00e5ring i Acta Agder og ser fram til alt det meningsfulle arbeidet jeg skal f\u00e5 ta del i utover \u00e5ret.<\/p>\n\n\n\n<p>Litt om meg: Jeg er fra Bergen (selv om mange mener dialekten min ikke alltid avsl\u00f8rer det). Der har jeg bodd hele livet, helt fram til jeg flyttet til Bibelskolen i Grimstad i fjor h\u00f8st. Jeg er glad i de fleste aktiviteter og sier ikke nei til en g\u00f8y lek! Hvis du nevner ordet \u201chest\u201d eller \u201cdans\u201d f\u00e5r du ganske sikkert min fulle oppmerksomhet, da dette er to av mine favoritt ting. Ellers er jeg glad i dype, gode samtaler og finner mye glede i \u00e5 lese b\u00f8ker for \u00e5 l\u00e6re mer om Gud og livet. Det neste store som skjer for meg er mitt eget bryllup i september! Det gleder jeg meg masse til!&raquo;<\/p>\n\n\n\n<p>Vi i Acta Agder \u00f8nsker Maria hjertelig velkommen!<\/p>\n<\/div>","protected":false},"excerpt":{"rendered":"<p>&laquo;Hei! Mitt navn er Maria. Jeg har nettopp startet som ett\u00e5ring i Acta Agder og ser fram til alt det meningsfulle arbeidet jeg skal f\u00e5 ta del i utover \u00e5ret. Litt om meg: Jeg er fra Bergen (selv om mange mener dialekten min ikke alltid avsl\u00f8rer det). Der har jeg bodd hele livet, helt fram [&hellip;]<\/p>\n","protected":false},"author":119,"featured_media":1246,"comment_status":"closed","ping_status":"closed","sticky":false,"template":"","format":"standard","meta":{"_acf_changed":false,"footnotes":""},"categories":[1],"tags":[],"class_list":["post-1245","post","type-post","status-publish","format-standard","has-post-thumbnail","hentry","category-uncategorized"],"acf":[],"yoast_head":"<!-- This site is optimized with the Yoast SEO plugin v25.9 - https:\/\/yoast.com\/wordpress\/plugins\/seo\/ -->\n<title>Hils p\u00e5 v\u00e5r nye ett\u00e5ring! - Acta Region Agder<\/title>\n<meta name=\"robots\" content=\"index, follow, max-snippet:-1, max-image-preview:large, max-video-preview:-1\" \/>\n<link rel=\"canonical\" href=\"https:\/\/acta.no\/agder\/2024\/09\/09\/hils-pa-var-nye-ettaring\/\" \/>\n<meta property=\"og:locale\" content=\"nb_NO\" \/>\n<meta property=\"og:type\" content=\"article\" \/>\n<meta property=\"og:title\" content=\"Hils p\u00e5 v\u00e5r nye ett\u00e5ring! - Acta Region Agder\" \/>\n<meta property=\"og:description\" content=\"&laquo;Hei! Mitt navn er Maria. Jeg har nettopp startet som ett\u00e5ring i Acta Agder og ser fram til alt det meningsfulle arbeidet jeg skal f\u00e5 ta del i utover \u00e5ret. Litt om meg: Jeg er fra Bergen (selv om mange mener dialekten min ikke alltid avsl\u00f8rer det). Der har jeg bodd hele livet, helt fram [&hellip;]\" \/>\n<meta property=\"og:url\" content=\"https:\/\/acta.no\/agder\/2024\/09\/09\/hils-pa-var-nye-ettaring\/\" \/>\n<meta property=\"og:site_name\" content=\"Acta Region Agder\" \/>\n<meta property=\"article:published_time\" content=\"2024-09-09T06:40:24+00:00\" \/>\n<meta property=\"article:modified_time\" content=\"2024-09-09T11:48:42+00:00\" \/>\n<meta property=\"og:image\" content=\"https:\/\/www.normisjon.no\/content\/uploads\/sites\/27\/2024\/09\/IMG_9218.jpg\" \/>\n\t<meta property=\"og:image:width\" content=\"1170\" \/>\n\t<meta property=\"og:image:height\" content=\"1409\" \/>\n\t<meta property=\"og:image:type\" content=\"image\/jpeg\" \/>\n<meta name=\"author\" content=\"Heidi Owesen Roland\" \/>\n<meta name=\"twitter:card\" content=\"summary_large_image\" \/>\n<meta name=\"twitter:label1\" content=\"Skrevet av\" \/>\n\t<meta name=\"twitter:data1\" content=\"Heidi Owesen Roland\" \/>\n\t<meta name=\"twitter:label2\" content=\"Ansl. lesetid\" \/>\n\t<meta name=\"twitter:data2\" content=\"2 minutter\" \/>\n<script type=\"application\/ld+json\" class=\"yoast-schema-graph\">{\"@context\":\"https:\/\/schema.org\",\"@graph\":[{\"@type\":\"WebPage\",\"@id\":\"https:\/\/acta.no\/agder\/2024\/09\/09\/hils-pa-var-nye-ettaring\/\",\"url\":\"https:\/\/acta.no\/agder\/2024\/09\/09\/hils-pa-var-nye-ettaring\/\",\"name\":\"Hils p\u00e5 v\u00e5r nye ett\u00e5ring! - Acta Region Agder\",\"isPartOf\":{\"@id\":\"https:\/\/acta.no\/agder\/#website\"},\"primaryImageOfPage\":{\"@id\":\"https:\/\/acta.no\/agder\/2024\/09\/09\/hils-pa-var-nye-ettaring\/#primaryimage\"},\"image\":{\"@id\":\"https:\/\/acta.no\/agder\/2024\/09\/09\/hils-pa-var-nye-ettaring\/#primaryimage\"},\"thumbnailUrl\":\"https:\/\/www.normisjon.no\/content\/uploads\/sites\/27\/2024\/09\/IMG_9218.jpg\",\"datePublished\":\"2024-09-09T06:40:24+00:00\",\"dateModified\":\"2024-09-09T11:48:42+00:00\",\"author\":{\"@id\":\"https:\/\/acta.no\/agder\/#\/schema\/person\/4402cbf852f507e801b7c93a150a7f9b\"},\"breadcrumb\":{\"@id\":\"https:\/\/acta.no\/agder\/2024\/09\/09\/hils-pa-var-nye-ettaring\/#breadcrumb\"},\"inLanguage\":\"nb-NO\",\"potentialAction\":[{\"@type\":\"ReadAction\",\"target\":[\"https:\/\/acta.no\/agder\/2024\/09\/09\/hils-pa-var-nye-ettaring\/\"]}]},{\"@type\":\"ImageObject\",\"inLanguage\":\"nb-NO\",\"@id\":\"https:\/\/acta.no\/agder\/2024\/09\/09\/hils-pa-var-nye-ettaring\/#primaryimage\",\"url\":\"https:\/\/www.normisjon.no\/content\/uploads\/sites\/27\/2024\/09\/IMG_9218.jpg\",\"contentUrl\":\"https:\/\/www.normisjon.no\/content\/uploads\/sites\/27\/2024\/09\/IMG_9218.jpg\",\"width\":1170,\"height\":1409},{\"@type\":\"BreadcrumbList\",\"@id\":\"https:\/\/acta.no\/agder\/2024\/09\/09\/hils-pa-var-nye-ettaring\/#breadcrumb\",\"itemListElement\":[{\"@type\":\"ListItem\",\"position\":1,\"name\":\"Til acta.no\",\"item\":\"https:\/\/acta.no\/\"},{\"@type\":\"ListItem\",\"position\":2,\"name\":\"Region Agder\",\"item\":\"https:\/\/acta.no\/agder\/\"},{\"@type\":\"ListItem\",\"position\":3,\"name\":\"Hils p\u00e5 v\u00e5r nye ett\u00e5ring!\"}]},{\"@type\":\"WebSite\",\"@id\":\"https:\/\/acta.no\/agder\/#website\",\"url\":\"https:\/\/acta.no\/agder\/\",\"name\":\"Acta Region Agder\",\"description\":\"Agder\",\"potentialAction\":[{\"@type\":\"SearchAction\",\"target\":{\"@type\":\"EntryPoint\",\"urlTemplate\":\"https:\/\/acta.no\/agder\/?s={search_term_string}\"},\"query-input\":{\"@type\":\"PropertyValueSpecification\",\"valueRequired\":true,\"valueName\":\"search_term_string\"}}],\"inLanguage\":\"nb-NO\"},{\"@type\":\"Person\",\"@id\":\"https:\/\/acta.no\/agder\/#\/schema\/person\/4402cbf852f507e801b7c93a150a7f9b\",\"name\":\"Heidi Owesen Roland\",\"image\":{\"@type\":\"ImageObject\",\"inLanguage\":\"nb-NO\",\"@id\":\"https:\/\/acta.no\/agder\/#\/schema\/person\/image\/\",\"url\":\"https:\/\/secure.gravatar.com\/avatar\/73e9ce411d817ace0a4f509642e616c62aa7379f85b3b4c193446419be9b5532?s=96&d=mm&r=g\",\"contentUrl\":\"https:\/\/secure.gravatar.com\/avatar\/73e9ce411d817ace0a4f509642e616c62aa7379f85b3b4c193446419be9b5532?s=96&d=mm&r=g\",\"caption\":\"Heidi Owesen Roland\"}}]}<\/script>\n<!-- \/ Yoast SEO plugin. -->","yoast_head_json":{"title":"Hils p\u00e5 v\u00e5r nye ett\u00e5ring! - Acta Region Agder","robots":{"index":"index","follow":"follow","max-snippet":"max-snippet:-1","max-image-preview":"max-image-preview:large","max-video-preview":"max-video-preview:-1"},"canonical":"https:\/\/acta.no\/agder\/2024\/09\/09\/hils-pa-var-nye-ettaring\/","og_locale":"nb_NO","og_type":"article","og_title":"Hils p\u00e5 v\u00e5r nye ett\u00e5ring! - Acta Region Agder","og_description":"&laquo;Hei! Mitt navn er Maria. Jeg har nettopp startet som ett\u00e5ring i Acta Agder og ser fram til alt det meningsfulle arbeidet jeg skal f\u00e5 ta del i utover \u00e5ret. Litt om meg: Jeg er fra Bergen (selv om mange mener dialekten min ikke alltid avsl\u00f8rer det). Der har jeg bodd hele livet, helt fram [&hellip;]","og_url":"https:\/\/acta.no\/agder\/2024\/09\/09\/hils-pa-var-nye-ettaring\/","og_site_name":"Acta Region Agder","article_published_time":"2024-09-09T06:40:24+00:00","article_modified_time":"2024-09-09T11:48:42+00:00","og_image":[{"width":1170,"height":1409,"url":"https:\/\/www.normisjon.no\/content\/uploads\/sites\/27\/2024\/09\/IMG_9218.jpg","type":"image\/jpeg"}],"author":"Heidi Owesen Roland","twitter_card":"summary_large_image","twitter_misc":{"Skrevet av":"Heidi Owesen Roland","Ansl. lesetid":"2 minutter"},"schema":{"@context":"https:\/\/schema.org","@graph":[{"@type":"WebPage","@id":"https:\/\/acta.no\/agder\/2024\/09\/09\/hils-pa-var-nye-ettaring\/","url":"https:\/\/acta.no\/agder\/2024\/09\/09\/hils-pa-var-nye-ettaring\/","name":"Hils p\u00e5 v\u00e5r nye ett\u00e5ring! - Acta Region Agder","isPartOf":{"@id":"https:\/\/acta.no\/agder\/#website"},"primaryImageOfPage":{"@id":"https:\/\/acta.no\/agder\/2024\/09\/09\/hils-pa-var-nye-ettaring\/#primaryimage"},"image":{"@id":"https:\/\/acta.no\/agder\/2024\/09\/09\/hils-pa-var-nye-ettaring\/#primaryimage"},"thumbnailUrl":"https:\/\/www.normisjon.no\/content\/uploads\/sites\/27\/2024\/09\/IMG_9218.jpg","datePublished":"2024-09-09T06:40:24+00:00","dateModified":"2024-09-09T11:48:42+00:00","author":{"@id":"https:\/\/acta.no\/agder\/#\/schema\/person\/4402cbf852f507e801b7c93a150a7f9b"},"breadcrumb":{"@id":"https:\/\/acta.no\/agder\/2024\/09\/09\/hils-pa-var-nye-ettaring\/#breadcrumb"},"inLanguage":"nb-NO","potentialAction":[{"@type":"ReadAction","target":["https:\/\/acta.no\/agder\/2024\/09\/09\/hils-pa-var-nye-ettaring\/"]}]},{"@type":"ImageObject","inLanguage":"nb-NO","@id":"https:\/\/acta.no\/agder\/2024\/09\/09\/hils-pa-var-nye-ettaring\/#primaryimage","url":"https:\/\/www.normisjon.no\/content\/uploads\/sites\/27\/2024\/09\/IMG_9218.jpg","contentUrl":"https:\/\/www.normisjon.no\/content\/uploads\/sites\/27\/2024\/09\/IMG_9218.jpg","width":1170,"height":1409},{"@type":"BreadcrumbList","@id":"https:\/\/acta.no\/agder\/2024\/09\/09\/hils-pa-var-nye-ettaring\/#breadcrumb","itemListElement":[{"@type":"ListItem","position":1,"name":"Til acta.no","item":"https:\/\/acta.no\/"},{"@type":"ListItem","position":2,"name":"Region Agder","item":"https:\/\/acta.no\/agder\/"},{"@type":"ListItem","position":3,"name":"Hils p\u00e5 v\u00e5r nye ett\u00e5ring!"}]},{"@type":"WebSite","@id":"https:\/\/acta.no\/agder\/#website","url":"https:\/\/acta.no\/agder\/","name":"Acta Region Agder","description":"Agder","potentialAction":[{"@type":"SearchAction","target":{"@type":"EntryPoint","urlTemplate":"https:\/\/acta.no\/agder\/?s={search_term_string}"},"query-input":{"@type":"PropertyValueSpecification","valueRequired":true,"valueName":"search_term_string"}}],"inLanguage":"nb-NO"},{"@type":"Person","@id":"https:\/\/acta.no\/agder\/#\/schema\/person\/4402cbf852f507e801b7c93a150a7f9b","name":"Heidi Owesen Roland","image":{"@type":"ImageObject","inLanguage":"nb-NO","@id":"https:\/\/acta.no\/agder\/#\/schema\/person\/image\/","url":"https:\/\/secure.gravatar.com\/avatar\/73e9ce411d817ace0a4f509642e616c62aa7379f85b3b4c193446419be9b5532?s=96&d=mm&r=g","contentUrl":"https:\/\/secure.gravatar.com\/avatar\/73e9ce411d817ace0a4f509642e616c62aa7379f85b3b4c193446419be9b5532?s=96&d=mm&r=g","caption":"Heidi Owesen Roland"}}]}},"_links":{"self":[{"href":"https:\/\/acta.no\/agder\/wp-json\/wp\/v2\/posts\/1245","targetHints":{"allow":["GET"]}}],"collection":[{"href":"https:\/\/acta.no\/agder\/wp-json\/wp\/v2\/posts"}],"about":[{"href":"https:\/\/acta.no\/agder\/wp-json\/wp\/v2\/types\/post"}],"author":[{"embeddable":true,"href":"https:\/\/acta.no\/agder\/wp-json\/wp\/v2\/users\/119"}],"replies":[{"embeddable":true,"href":"https:\/\/acta.no\/agder\/wp-json\/wp\/v2\/comments?post=1245"}],"version-history":[{"count":5,"href":"https:\/\/acta.no\/agder\/wp-json\/wp\/v2\/posts\/1245\/revisions"}],"predecessor-version":[{"id":1253,"href":"https:\/\/acta.no\/agder\/wp-json\/wp\/v2\/posts\/1245\/revisions\/1253"}],"wp:featuredmedia":[{"embeddable":true,"href":"https:\/\/acta.no\/agder\/wp-json\/wp\/v2\/media\/1246"}],"wp:attachment":[{"href":"https:\/\/acta.no\/agder\/wp-json\/wp\/v2\/media?parent=1245"}],"wp:term":[{"taxonomy":"category","embeddable":true,"href":"https:\/\/acta.no\/agder\/wp-json\/wp\/v2\/categories?post=1245"},{"taxonomy":"post_tag","embeddable":true,"href":"https:\/\/acta.no\/agder\/wp-json\/wp\/v2\/tags?post=1245"}],"curies":[{"name":"wp","href":"https:\/\/api.w.org\/{rel}","templated":true}]}}