{"id":116,"date":"2021-02-02T00:00:34","date_gmt":"2021-02-02T00:00:34","guid":{"rendered":"http:\/\/acta.no\/agder\/?p=116"},"modified":"2021-11-04T14:15:43","modified_gmt":"2021-11-04T14:15:43","slug":"sommercamp-i-grimstad","status":"publish","type":"post","link":"https:\/\/acta.no\/agder\/2021\/02\/02\/sommercamp-i-grimstad\/","title":{"rendered":"Sommercamp for barn og unge 2021"},"content":{"rendered":"<div class=\"gutenberg-content\">\n<p>Selv om det ikke blir Amigosfestival og Ten\u00e5ringsfestival i Grimstad sommeren 2021, blir det et flott opplegg for barn og unge under Bibelcampen. Programmet tar utgangspunkt i det vi kunne tilby i fjor, for de av dere som var med da, men vi sper p\u00e5 med litt mer. I utgangspunktet tilbyr vi et opplegg for 1.-7. trinn, og for ten\u00e5ringer. Vi vet at det er \u00f8nskelig med program for de minste barna, og setter pris p\u00e5 om noen kan tenke seg \u00e5 ta et frivillig delansvar for det. I s\u00e5 fall vil vi legge til rette for det.  <\/p>\n\n\n\n<p>Sett av uka allerede n\u00e5, og legg en deilig ferieuke til Norges mest solrike by. <br>Og ta gjerne med deg noen venner!\u00a0<\/p>\n\n\n\n<figure class=\"wp-block-image\"><img decoding=\"async\" src=\"https:\/\/acta.no\/content\/uploads\/sites\/27\/2021\/02\/Illustrasjon-til-sommercampen-1024x683.jpg\" alt=\"\" class=\"wp-image-245\"\/><\/figure>\n\n\n\n<p><strong>Forel\u00f8pig program for BU-campen:<\/strong><\/p>\n\n\n\n<p><strong>Onsdag &#8211; l\u00f8rdag kl. 10:<\/strong> <br>Samlinger for 1.-7. trinn. Det blir andakt, sang, lek og aktiviteter. <\/p>\n\n\n\n<p><strong>Onsdag &#8211; l\u00f8rdag kl. 19:<\/strong> <br>Samlinger for ten\u00e5ringer. Andakt, sang og aktiviteter. Et sted \u00e5 henge utover kvelden.<\/p>\n\n\n\n<p><strong>Onsdag kl. 14:<\/strong> <br>Aktivitetsl\u00f8ype i n\u00e6romr\u00e5det \u2013 for store og sm\u00e5.<\/p>\n\n\n\n<p><strong>Torsdag kl. 14:<\/strong> <br>Sandvolleyball-turnering for ten\u00e5ringene.<\/p>\n\n\n\n<p><strong>Fredag kl. 17:<\/strong> <br>Familiem\u00f8te.<\/p>\n\n\n\n<p><strong>L\u00f8rdag kl. 14:<\/strong> <br>Misjonsl\u00f8p &#8211; for store og sm\u00e5 &#8211; hvis koronaen tillater det. <\/p>\n\n\n\n<p><strong>S\u00f8ndag kl. 11:<\/strong> <br>Familiegudstjeneste.<\/p>\n\n\n\n<p>Vi vil ta hensyn til de gjeldende koronarestriksjoner i uke 28. <\/p>\n\n\n\n<p><strong>P\u00e5melding<\/strong> til BU-campen skjer p\u00e5 <a rel=\"noreferrer noopener\" aria-label=\" (opens in a new tab)\" href=\"https:\/\/checkin.no\/event\/29728\/sommercamp-for-barn-og-unge-14-18-juli-paa-big\" target=\"_blank\">checkin.no<\/a>. Dere som melder dere p\u00e5 vil f\u00e5 oppdatert informasjon underveis, i tillegg til informasjonen som legges ut fortl\u00f8pende p\u00e5 Bibelcampens <a rel=\"noreferrer noopener\" aria-label=\" (opens in a new tab)\" href=\"https:\/\/www.facebook.com\/groups\/438674383807839\" target=\"_blank\">Facebook-gruppe<\/a>. <\/p>\n\n\n\n<p><strong>Ledere<\/strong> for BU-campen er: <br>Kristine Kjets\u00e5-Norum, Ole Jakob Pedersen og Tonje Teistedal (ansatte i Acta). <\/p>\n\n\n\n<p>Hvis noen av dere som melder dere p\u00e5 Sommercampen\/Bibelcampen kan tenke dere \u00e5 bidra, s\u00e5 ta kontakt med tonje.teistedal@normisjon.no. Kanskje er det noen ten\u00e5ringer som har lyst \u00e5 hjelpe til med opplegget for barna kl. 10? <br>Eller noen foreldre som vil bidra p\u00e5 ulikt vis? Vi setter pris p\u00e5 alle gode id\u00e9er og tiltak slik at dette blir en flott uke for dere som kommer til Grimstad. <\/p>\n\n\n\n<p><a href=\"https:\/\/checkin.no\/event\/29728\/sommercamp-for-barn-og-unge-14-18-juli-paa-big\" target=\"_blank\" rel=\"noreferrer noopener\" aria-label=\" (opens in a new tab)\">Her&nbsp;melder&nbsp;du&nbsp;deg&nbsp;p\u00e5<\/a><\/p>\n\n\n\n<p><\/p>\n<\/div>","protected":false},"excerpt":{"rendered":"<p>Selv om det ikke blir Amigosfestival og Ten\u00e5ringsfestival i Grimstad sommeren 2021, blir det et flott opplegg for barn og unge under Bibelcampen. Programmet tar utgangspunkt i det vi kunne tilby i fjor, for de av dere som var med da, men vi sper p\u00e5 med litt mer. I utgangspunktet tilbyr vi et opplegg for [&hellip;]<\/p>\n","protected":false},"author":69,"featured_media":118,"comment_status":"closed","ping_status":"closed","sticky":false,"template":"","format":"standard","meta":{"_acf_changed":false,"footnotes":""},"categories":[1],"tags":[],"class_list":["post-116","post","type-post","status-publish","format-standard","has-post-thumbnail","hentry","category-uncategorized"],"acf":[],"yoast_head":"<!-- This site is optimized with the Yoast SEO plugin v25.9 - https:\/\/yoast.com\/wordpress\/plugins\/seo\/ -->\n<title>Sommercamp for barn og unge 2021 - Acta Region Agder<\/title>\n<meta name=\"robots\" content=\"index, follow, max-snippet:-1, max-image-preview:large, max-video-preview:-1\" \/>\n<link rel=\"canonical\" href=\"https:\/\/acta.no\/agder\/2021\/02\/02\/sommercamp-i-grimstad\/\" \/>\n<meta property=\"og:locale\" content=\"nb_NO\" \/>\n<meta property=\"og:type\" content=\"article\" \/>\n<meta property=\"og:title\" content=\"Sommercamp for barn og unge 2021 - Acta Region Agder\" \/>\n<meta property=\"og:description\" content=\"Selv om det ikke blir Amigosfestival og Ten\u00e5ringsfestival i Grimstad sommeren 2021, blir det et flott opplegg for barn og unge under Bibelcampen. Programmet tar utgangspunkt i det vi kunne tilby i fjor, for de av dere som var med da, men vi sper p\u00e5 med litt mer. I utgangspunktet tilbyr vi et opplegg for [&hellip;]\" \/>\n<meta property=\"og:url\" content=\"https:\/\/acta.no\/agder\/2021\/02\/02\/sommercamp-i-grimstad\/\" \/>\n<meta property=\"og:site_name\" content=\"Acta Region Agder\" \/>\n<meta property=\"article:published_time\" content=\"2021-02-02T00:00:34+00:00\" \/>\n<meta property=\"article:modified_time\" content=\"2021-11-04T14:15:43+00:00\" \/>\n<meta property=\"og:image\" content=\"https:\/\/www.normisjon.no\/content\/uploads\/sites\/27\/2020\/05\/GRIMSTAD.jpg\" \/>\n\t<meta property=\"og:image:width\" content=\"276\" \/>\n\t<meta property=\"og:image:height\" content=\"183\" \/>\n\t<meta property=\"og:image:type\" content=\"image\/jpeg\" \/>\n<meta name=\"author\" content=\"tonjeteist\" \/>\n<meta name=\"twitter:card\" content=\"summary_large_image\" \/>\n<meta name=\"twitter:label1\" content=\"Skrevet av\" \/>\n\t<meta name=\"twitter:data1\" content=\"tonjeteist\" \/>\n\t<meta name=\"twitter:label2\" content=\"Ansl. lesetid\" \/>\n\t<meta name=\"twitter:data2\" content=\"2 minutter\" \/>\n<script type=\"application\/ld+json\" class=\"yoast-schema-graph\">{\"@context\":\"https:\/\/schema.org\",\"@graph\":[{\"@type\":\"WebPage\",\"@id\":\"https:\/\/acta.no\/agder\/2021\/02\/02\/sommercamp-i-grimstad\/\",\"url\":\"https:\/\/acta.no\/agder\/2021\/02\/02\/sommercamp-i-grimstad\/\",\"name\":\"Sommercamp for barn og unge 2021 - Acta Region Agder\",\"isPartOf\":{\"@id\":\"https:\/\/acta.no\/agder\/#website\"},\"primaryImageOfPage\":{\"@id\":\"https:\/\/acta.no\/agder\/2021\/02\/02\/sommercamp-i-grimstad\/#primaryimage\"},\"image\":{\"@id\":\"https:\/\/acta.no\/agder\/2021\/02\/02\/sommercamp-i-grimstad\/#primaryimage\"},\"thumbnailUrl\":\"https:\/\/www.normisjon.no\/content\/uploads\/sites\/27\/2020\/05\/GRIMSTAD.jpg\",\"datePublished\":\"2021-02-02T00:00:34+00:00\",\"dateModified\":\"2021-11-04T14:15:43+00:00\",\"author\":{\"@id\":\"https:\/\/acta.no\/agder\/#\/schema\/person\/bd817338031915b27429f63bc324bd30\"},\"breadcrumb\":{\"@id\":\"https:\/\/acta.no\/agder\/2021\/02\/02\/sommercamp-i-grimstad\/#breadcrumb\"},\"inLanguage\":\"nb-NO\",\"potentialAction\":[{\"@type\":\"ReadAction\",\"target\":[\"https:\/\/acta.no\/agder\/2021\/02\/02\/sommercamp-i-grimstad\/\"]}]},{\"@type\":\"ImageObject\",\"inLanguage\":\"nb-NO\",\"@id\":\"https:\/\/acta.no\/agder\/2021\/02\/02\/sommercamp-i-grimstad\/#primaryimage\",\"url\":\"https:\/\/www.normisjon.no\/content\/uploads\/sites\/27\/2020\/05\/GRIMSTAD.jpg\",\"contentUrl\":\"https:\/\/www.normisjon.no\/content\/uploads\/sites\/27\/2020\/05\/GRIMSTAD.jpg\",\"width\":276,\"height\":183},{\"@type\":\"BreadcrumbList\",\"@id\":\"https:\/\/acta.no\/agder\/2021\/02\/02\/sommercamp-i-grimstad\/#breadcrumb\",\"itemListElement\":[{\"@type\":\"ListItem\",\"position\":1,\"name\":\"Til acta.no\",\"item\":\"https:\/\/acta.no\/\"},{\"@type\":\"ListItem\",\"position\":2,\"name\":\"Region Agder\",\"item\":\"https:\/\/acta.no\/agder\/\"},{\"@type\":\"ListItem\",\"position\":3,\"name\":\"Sommercamp for barn og unge 2021\"}]},{\"@type\":\"WebSite\",\"@id\":\"https:\/\/acta.no\/agder\/#website\",\"url\":\"https:\/\/acta.no\/agder\/\",\"name\":\"Acta Region Agder\",\"description\":\"Agder\",\"potentialAction\":[{\"@type\":\"SearchAction\",\"target\":{\"@type\":\"EntryPoint\",\"urlTemplate\":\"https:\/\/acta.no\/agder\/?s={search_term_string}\"},\"query-input\":{\"@type\":\"PropertyValueSpecification\",\"valueRequired\":true,\"valueName\":\"search_term_string\"}}],\"inLanguage\":\"nb-NO\"},{\"@type\":\"Person\",\"@id\":\"https:\/\/acta.no\/agder\/#\/schema\/person\/bd817338031915b27429f63bc324bd30\",\"name\":\"tonjeteist\",\"image\":{\"@type\":\"ImageObject\",\"inLanguage\":\"nb-NO\",\"@id\":\"https:\/\/acta.no\/agder\/#\/schema\/person\/image\/\",\"url\":\"https:\/\/secure.gravatar.com\/avatar\/eccbcf3166a68f7354fec118350d5d9d851148db24d87c1c02fdabab732f0fb3?s=96&d=mm&r=g\",\"contentUrl\":\"https:\/\/secure.gravatar.com\/avatar\/eccbcf3166a68f7354fec118350d5d9d851148db24d87c1c02fdabab732f0fb3?s=96&d=mm&r=g\",\"caption\":\"tonjeteist\"}}]}<\/script>\n<!-- \/ Yoast SEO plugin. -->","yoast_head_json":{"title":"Sommercamp for barn og unge 2021 - Acta Region Agder","robots":{"index":"index","follow":"follow","max-snippet":"max-snippet:-1","max-image-preview":"max-image-preview:large","max-video-preview":"max-video-preview:-1"},"canonical":"https:\/\/acta.no\/agder\/2021\/02\/02\/sommercamp-i-grimstad\/","og_locale":"nb_NO","og_type":"article","og_title":"Sommercamp for barn og unge 2021 - Acta Region Agder","og_description":"Selv om det ikke blir Amigosfestival og Ten\u00e5ringsfestival i Grimstad sommeren 2021, blir det et flott opplegg for barn og unge under Bibelcampen. Programmet tar utgangspunkt i det vi kunne tilby i fjor, for de av dere som var med da, men vi sper p\u00e5 med litt mer. I utgangspunktet tilbyr vi et opplegg for [&hellip;]","og_url":"https:\/\/acta.no\/agder\/2021\/02\/02\/sommercamp-i-grimstad\/","og_site_name":"Acta Region Agder","article_published_time":"2021-02-02T00:00:34+00:00","article_modified_time":"2021-11-04T14:15:43+00:00","og_image":[{"width":276,"height":183,"url":"https:\/\/www.normisjon.no\/content\/uploads\/sites\/27\/2020\/05\/GRIMSTAD.jpg","type":"image\/jpeg"}],"author":"tonjeteist","twitter_card":"summary_large_image","twitter_misc":{"Skrevet av":"tonjeteist","Ansl. lesetid":"2 minutter"},"schema":{"@context":"https:\/\/schema.org","@graph":[{"@type":"WebPage","@id":"https:\/\/acta.no\/agder\/2021\/02\/02\/sommercamp-i-grimstad\/","url":"https:\/\/acta.no\/agder\/2021\/02\/02\/sommercamp-i-grimstad\/","name":"Sommercamp for barn og unge 2021 - Acta Region Agder","isPartOf":{"@id":"https:\/\/acta.no\/agder\/#website"},"primaryImageOfPage":{"@id":"https:\/\/acta.no\/agder\/2021\/02\/02\/sommercamp-i-grimstad\/#primaryimage"},"image":{"@id":"https:\/\/acta.no\/agder\/2021\/02\/02\/sommercamp-i-grimstad\/#primaryimage"},"thumbnailUrl":"https:\/\/www.normisjon.no\/content\/uploads\/sites\/27\/2020\/05\/GRIMSTAD.jpg","datePublished":"2021-02-02T00:00:34+00:00","dateModified":"2021-11-04T14:15:43+00:00","author":{"@id":"https:\/\/acta.no\/agder\/#\/schema\/person\/bd817338031915b27429f63bc324bd30"},"breadcrumb":{"@id":"https:\/\/acta.no\/agder\/2021\/02\/02\/sommercamp-i-grimstad\/#breadcrumb"},"inLanguage":"nb-NO","potentialAction":[{"@type":"ReadAction","target":["https:\/\/acta.no\/agder\/2021\/02\/02\/sommercamp-i-grimstad\/"]}]},{"@type":"ImageObject","inLanguage":"nb-NO","@id":"https:\/\/acta.no\/agder\/2021\/02\/02\/sommercamp-i-grimstad\/#primaryimage","url":"https:\/\/www.normisjon.no\/content\/uploads\/sites\/27\/2020\/05\/GRIMSTAD.jpg","contentUrl":"https:\/\/www.normisjon.no\/content\/uploads\/sites\/27\/2020\/05\/GRIMSTAD.jpg","width":276,"height":183},{"@type":"BreadcrumbList","@id":"https:\/\/acta.no\/agder\/2021\/02\/02\/sommercamp-i-grimstad\/#breadcrumb","itemListElement":[{"@type":"ListItem","position":1,"name":"Til acta.no","item":"https:\/\/acta.no\/"},{"@type":"ListItem","position":2,"name":"Region Agder","item":"https:\/\/acta.no\/agder\/"},{"@type":"ListItem","position":3,"name":"Sommercamp for barn og unge 2021"}]},{"@type":"WebSite","@id":"https:\/\/acta.no\/agder\/#website","url":"https:\/\/acta.no\/agder\/","name":"Acta Region Agder","description":"Agder","potentialAction":[{"@type":"SearchAction","target":{"@type":"EntryPoint","urlTemplate":"https:\/\/acta.no\/agder\/?s={search_term_string}"},"query-input":{"@type":"PropertyValueSpecification","valueRequired":true,"valueName":"search_term_string"}}],"inLanguage":"nb-NO"},{"@type":"Person","@id":"https:\/\/acta.no\/agder\/#\/schema\/person\/bd817338031915b27429f63bc324bd30","name":"tonjeteist","image":{"@type":"ImageObject","inLanguage":"nb-NO","@id":"https:\/\/acta.no\/agder\/#\/schema\/person\/image\/","url":"https:\/\/secure.gravatar.com\/avatar\/eccbcf3166a68f7354fec118350d5d9d851148db24d87c1c02fdabab732f0fb3?s=96&d=mm&r=g","contentUrl":"https:\/\/secure.gravatar.com\/avatar\/eccbcf3166a68f7354fec118350d5d9d851148db24d87c1c02fdabab732f0fb3?s=96&d=mm&r=g","caption":"tonjeteist"}}]}},"_links":{"self":[{"href":"https:\/\/acta.no\/agder\/wp-json\/wp\/v2\/posts\/116","targetHints":{"allow":["GET"]}}],"collection":[{"href":"https:\/\/acta.no\/agder\/wp-json\/wp\/v2\/posts"}],"about":[{"href":"https:\/\/acta.no\/agder\/wp-json\/wp\/v2\/types\/post"}],"author":[{"embeddable":true,"href":"https:\/\/acta.no\/agder\/wp-json\/wp\/v2\/users\/69"}],"replies":[{"embeddable":true,"href":"https:\/\/acta.no\/agder\/wp-json\/wp\/v2\/comments?post=116"}],"version-history":[{"count":3,"href":"https:\/\/acta.no\/agder\/wp-json\/wp\/v2\/posts\/116\/revisions"}],"predecessor-version":[{"id":253,"href":"https:\/\/acta.no\/agder\/wp-json\/wp\/v2\/posts\/116\/revisions\/253"}],"wp:featuredmedia":[{"embeddable":true,"href":"https:\/\/acta.no\/agder\/wp-json\/wp\/v2\/media\/118"}],"wp:attachment":[{"href":"https:\/\/acta.no\/agder\/wp-json\/wp\/v2\/media?parent=116"}],"wp:term":[{"taxonomy":"category","embeddable":true,"href":"https:\/\/acta.no\/agder\/wp-json\/wp\/v2\/categories?post=116"},{"taxonomy":"post_tag","embeddable":true,"href":"https:\/\/acta.no\/agder\/wp-json\/wp\/v2\/tags?post=116"}],"curies":[{"name":"wp","href":"https:\/\/api.w.org\/{rel}","templated":true}]}}