{"id":1092,"date":"2024-01-24T14:37:07","date_gmt":"2024-01-24T14:37:07","guid":{"rendered":"https:\/\/acta.no\/agder\/?p=1092"},"modified":"2024-01-24T14:37:09","modified_gmt":"2024-01-24T14:37:09","slug":"paskeleir-2024","status":"publish","type":"post","link":"https:\/\/acta.no\/agder\/2024\/01\/24\/paskeleir-2024\/","title":{"rendered":"P\u00e5skeleir 2024"},"content":{"rendered":"<div class=\"gutenberg-content\">\n<p>\u00c5rets p\u00e5skeleirer \u00e5pner for p\u00e5melding 1.februar kl.09.00. Gleder oss til noen flotte helger i mars! \ud83e\udef6 P\u00e5melding p\u00e5 <a href=\"https:\/\/www.checkin.no\/search?q=acta+agder\">checkin.no<\/a><\/p>\n\n\n\n<p><\/p>\n\n\n\n<figure class=\"wp-block-image aligncenter size-large is-resized\"><img loading=\"lazy\" decoding=\"async\" src=\"https:\/\/www.normisjon.no\/content\/uploads\/sites\/27\/2024\/01\/pa\u030askeleirsak-1024x537.jpg\" alt=\"\" class=\"wp-image-1100\" width=\"653\" height=\"342\"\/><\/figure>\n<\/div>","protected":false},"excerpt":{"rendered":"<p>\u00c5rets p\u00e5skeleirer \u00e5pner for p\u00e5melding 1.februar kl.09.00. Gleder oss til noen flotte helger i mars! \ud83e\udef6 P\u00e5melding p\u00e5 checkin.no<\/p>\n","protected":false},"author":119,"featured_media":0,"comment_status":"closed","ping_status":"closed","sticky":false,"template":"","format":"standard","meta":{"_acf_changed":false,"footnotes":""},"categories":[1],"tags":[],"class_list":["post-1092","post","type-post","status-publish","format-standard","hentry","category-uncategorized"],"acf":[],"yoast_head":"<!-- This site is optimized with the Yoast SEO plugin v25.9 - https:\/\/yoast.com\/wordpress\/plugins\/seo\/ -->\n<title>P\u00e5skeleir 2024 - Acta Region Agder<\/title>\n<meta name=\"robots\" content=\"index, follow, max-snippet:-1, max-image-preview:large, max-video-preview:-1\" \/>\n<link rel=\"canonical\" href=\"https:\/\/acta.no\/agder\/2024\/01\/24\/paskeleir-2024\/\" \/>\n<meta property=\"og:locale\" content=\"nb_NO\" \/>\n<meta property=\"og:type\" content=\"article\" \/>\n<meta property=\"og:title\" content=\"P\u00e5skeleir 2024 - Acta Region Agder\" \/>\n<meta property=\"og:description\" content=\"\u00c5rets p\u00e5skeleirer \u00e5pner for p\u00e5melding 1.februar kl.09.00. Gleder oss til noen flotte helger i mars! \ud83e\udef6 P\u00e5melding p\u00e5 checkin.no\" \/>\n<meta property=\"og:url\" content=\"https:\/\/acta.no\/agder\/2024\/01\/24\/paskeleir-2024\/\" \/>\n<meta property=\"og:site_name\" content=\"Acta Region Agder\" \/>\n<meta property=\"article:published_time\" content=\"2024-01-24T14:37:07+00:00\" \/>\n<meta property=\"article:modified_time\" content=\"2024-01-24T14:37:09+00:00\" \/>\n<meta property=\"og:image\" content=\"https:\/\/www.normisjon.no\/content\/uploads\/sites\/27\/2024\/01\/pa\u030askeleirsak.jpg\" \/>\n\t<meta property=\"og:image:width\" content=\"1050\" \/>\n\t<meta property=\"og:image:height\" content=\"551\" \/>\n\t<meta property=\"og:image:type\" content=\"image\/jpeg\" \/>\n<meta name=\"author\" content=\"Heidi Owesen Roland\" \/>\n<meta name=\"twitter:card\" content=\"summary_large_image\" \/>\n<meta name=\"twitter:label1\" content=\"Skrevet av\" \/>\n\t<meta name=\"twitter:data1\" content=\"Heidi Owesen Roland\" \/>\n\t<meta name=\"twitter:label2\" content=\"Ansl. lesetid\" \/>\n\t<meta name=\"twitter:data2\" content=\"1 minutt\" \/>\n<script type=\"application\/ld+json\" class=\"yoast-schema-graph\">{\"@context\":\"https:\/\/schema.org\",\"@graph\":[{\"@type\":\"WebPage\",\"@id\":\"https:\/\/acta.no\/agder\/2024\/01\/24\/paskeleir-2024\/\",\"url\":\"https:\/\/acta.no\/agder\/2024\/01\/24\/paskeleir-2024\/\",\"name\":\"P\u00e5skeleir 2024 - Acta Region Agder\",\"isPartOf\":{\"@id\":\"https:\/\/acta.no\/agder\/#website\"},\"datePublished\":\"2024-01-24T14:37:07+00:00\",\"dateModified\":\"2024-01-24T14:37:09+00:00\",\"author\":{\"@id\":\"https:\/\/acta.no\/agder\/#\/schema\/person\/4402cbf852f507e801b7c93a150a7f9b\"},\"breadcrumb\":{\"@id\":\"https:\/\/acta.no\/agder\/2024\/01\/24\/paskeleir-2024\/#breadcrumb\"},\"inLanguage\":\"nb-NO\",\"potentialAction\":[{\"@type\":\"ReadAction\",\"target\":[\"https:\/\/acta.no\/agder\/2024\/01\/24\/paskeleir-2024\/\"]}]},{\"@type\":\"BreadcrumbList\",\"@id\":\"https:\/\/acta.no\/agder\/2024\/01\/24\/paskeleir-2024\/#breadcrumb\",\"itemListElement\":[{\"@type\":\"ListItem\",\"position\":1,\"name\":\"Til acta.no\",\"item\":\"https:\/\/acta.no\/\"},{\"@type\":\"ListItem\",\"position\":2,\"name\":\"Region Agder\",\"item\":\"https:\/\/acta.no\/agder\/\"},{\"@type\":\"ListItem\",\"position\":3,\"name\":\"P\u00e5skeleir 2024\"}]},{\"@type\":\"WebSite\",\"@id\":\"https:\/\/acta.no\/agder\/#website\",\"url\":\"https:\/\/acta.no\/agder\/\",\"name\":\"Acta Region Agder\",\"description\":\"Agder\",\"potentialAction\":[{\"@type\":\"SearchAction\",\"target\":{\"@type\":\"EntryPoint\",\"urlTemplate\":\"https:\/\/acta.no\/agder\/?s={search_term_string}\"},\"query-input\":{\"@type\":\"PropertyValueSpecification\",\"valueRequired\":true,\"valueName\":\"search_term_string\"}}],\"inLanguage\":\"nb-NO\"},{\"@type\":\"Person\",\"@id\":\"https:\/\/acta.no\/agder\/#\/schema\/person\/4402cbf852f507e801b7c93a150a7f9b\",\"name\":\"Heidi Owesen Roland\",\"image\":{\"@type\":\"ImageObject\",\"inLanguage\":\"nb-NO\",\"@id\":\"https:\/\/acta.no\/agder\/#\/schema\/person\/image\/\",\"url\":\"https:\/\/secure.gravatar.com\/avatar\/73e9ce411d817ace0a4f509642e616c62aa7379f85b3b4c193446419be9b5532?s=96&d=mm&r=g\",\"contentUrl\":\"https:\/\/secure.gravatar.com\/avatar\/73e9ce411d817ace0a4f509642e616c62aa7379f85b3b4c193446419be9b5532?s=96&d=mm&r=g\",\"caption\":\"Heidi Owesen Roland\"}}]}<\/script>\n<!-- \/ Yoast SEO plugin. -->","yoast_head_json":{"title":"P\u00e5skeleir 2024 - Acta Region Agder","robots":{"index":"index","follow":"follow","max-snippet":"max-snippet:-1","max-image-preview":"max-image-preview:large","max-video-preview":"max-video-preview:-1"},"canonical":"https:\/\/acta.no\/agder\/2024\/01\/24\/paskeleir-2024\/","og_locale":"nb_NO","og_type":"article","og_title":"P\u00e5skeleir 2024 - Acta Region Agder","og_description":"\u00c5rets p\u00e5skeleirer \u00e5pner for p\u00e5melding 1.februar kl.09.00. Gleder oss til noen flotte helger i mars! \ud83e\udef6 P\u00e5melding p\u00e5 checkin.no","og_url":"https:\/\/acta.no\/agder\/2024\/01\/24\/paskeleir-2024\/","og_site_name":"Acta Region Agder","article_published_time":"2024-01-24T14:37:07+00:00","article_modified_time":"2024-01-24T14:37:09+00:00","og_image":[{"width":1050,"height":551,"url":"https:\/\/www.normisjon.no\/content\/uploads\/sites\/27\/2024\/01\/pa\u030askeleirsak.jpg","type":"image\/jpeg"}],"author":"Heidi Owesen Roland","twitter_card":"summary_large_image","twitter_misc":{"Skrevet av":"Heidi Owesen Roland","Ansl. lesetid":"1 minutt"},"schema":{"@context":"https:\/\/schema.org","@graph":[{"@type":"WebPage","@id":"https:\/\/acta.no\/agder\/2024\/01\/24\/paskeleir-2024\/","url":"https:\/\/acta.no\/agder\/2024\/01\/24\/paskeleir-2024\/","name":"P\u00e5skeleir 2024 - Acta Region Agder","isPartOf":{"@id":"https:\/\/acta.no\/agder\/#website"},"datePublished":"2024-01-24T14:37:07+00:00","dateModified":"2024-01-24T14:37:09+00:00","author":{"@id":"https:\/\/acta.no\/agder\/#\/schema\/person\/4402cbf852f507e801b7c93a150a7f9b"},"breadcrumb":{"@id":"https:\/\/acta.no\/agder\/2024\/01\/24\/paskeleir-2024\/#breadcrumb"},"inLanguage":"nb-NO","potentialAction":[{"@type":"ReadAction","target":["https:\/\/acta.no\/agder\/2024\/01\/24\/paskeleir-2024\/"]}]},{"@type":"BreadcrumbList","@id":"https:\/\/acta.no\/agder\/2024\/01\/24\/paskeleir-2024\/#breadcrumb","itemListElement":[{"@type":"ListItem","position":1,"name":"Til acta.no","item":"https:\/\/acta.no\/"},{"@type":"ListItem","position":2,"name":"Region Agder","item":"https:\/\/acta.no\/agder\/"},{"@type":"ListItem","position":3,"name":"P\u00e5skeleir 2024"}]},{"@type":"WebSite","@id":"https:\/\/acta.no\/agder\/#website","url":"https:\/\/acta.no\/agder\/","name":"Acta Region Agder","description":"Agder","potentialAction":[{"@type":"SearchAction","target":{"@type":"EntryPoint","urlTemplate":"https:\/\/acta.no\/agder\/?s={search_term_string}"},"query-input":{"@type":"PropertyValueSpecification","valueRequired":true,"valueName":"search_term_string"}}],"inLanguage":"nb-NO"},{"@type":"Person","@id":"https:\/\/acta.no\/agder\/#\/schema\/person\/4402cbf852f507e801b7c93a150a7f9b","name":"Heidi Owesen Roland","image":{"@type":"ImageObject","inLanguage":"nb-NO","@id":"https:\/\/acta.no\/agder\/#\/schema\/person\/image\/","url":"https:\/\/secure.gravatar.com\/avatar\/73e9ce411d817ace0a4f509642e616c62aa7379f85b3b4c193446419be9b5532?s=96&d=mm&r=g","contentUrl":"https:\/\/secure.gravatar.com\/avatar\/73e9ce411d817ace0a4f509642e616c62aa7379f85b3b4c193446419be9b5532?s=96&d=mm&r=g","caption":"Heidi Owesen Roland"}}]}},"_links":{"self":[{"href":"https:\/\/acta.no\/agder\/wp-json\/wp\/v2\/posts\/1092","targetHints":{"allow":["GET"]}}],"collection":[{"href":"https:\/\/acta.no\/agder\/wp-json\/wp\/v2\/posts"}],"about":[{"href":"https:\/\/acta.no\/agder\/wp-json\/wp\/v2\/types\/post"}],"author":[{"embeddable":true,"href":"https:\/\/acta.no\/agder\/wp-json\/wp\/v2\/users\/119"}],"replies":[{"embeddable":true,"href":"https:\/\/acta.no\/agder\/wp-json\/wp\/v2\/comments?post=1092"}],"version-history":[{"count":3,"href":"https:\/\/acta.no\/agder\/wp-json\/wp\/v2\/posts\/1092\/revisions"}],"predecessor-version":[{"id":1102,"href":"https:\/\/acta.no\/agder\/wp-json\/wp\/v2\/posts\/1092\/revisions\/1102"}],"wp:attachment":[{"href":"https:\/\/acta.no\/agder\/wp-json\/wp\/v2\/media?parent=1092"}],"wp:term":[{"taxonomy":"category","embeddable":true,"href":"https:\/\/acta.no\/agder\/wp-json\/wp\/v2\/categories?post=1092"},{"taxonomy":"post_tag","embeddable":true,"href":"https:\/\/acta.no\/agder\/wp-json\/wp\/v2\/tags?post=1092"}],"curies":[{"name":"wp","href":"https:\/\/api.w.org\/{rel}","templated":true}]}}